{"id":66592,"date":"2023-11-05T11:00:00","date_gmt":"2023-11-05T10:00:00","guid":{"rendered":"http:\/\/www.manquepierda.com\/historiarealbetis\/?p=66592"},"modified":"2023-10-18T06:54:32","modified_gmt":"2023-10-18T04:54:32","slug":"hoy-hace-50-anos-13","status":"publish","type":"post","link":"https:\/\/www.manquepierda.com\/historiarealbetis\/hoy-hace-50-anos-13\/","title":{"rendered":"Hoy hace 55 a\u00f1os. Nace Francisco Javier Zafra."},"content":{"rendered":"<p><a href=\"https:\/\/i0.wp.com\/www.manquepierda.com\/historiarealbetis\/files\/2018\/11\/5-1968-Nace-Zafra.jpg?ssl=1\"><img data-recalc-dims=\"1\" loading=\"lazy\" decoding=\"async\" class=\"aligncenter size-full wp-image-66593\" src=\"https:\/\/i0.wp.com\/www.manquepierda.com\/historiarealbetis\/files\/2018\/11\/5-1968-Nace-Zafra.jpg?resize=398%2C529&#038;ssl=1\" alt=\"\" width=\"398\" height=\"529\" srcset=\"https:\/\/i0.wp.com\/www.manquepierda.com\/historiarealbetis\/files\/2018\/11\/5-1968-Nace-Zafra.jpg?w=398&amp;ssl=1 398w, https:\/\/i0.wp.com\/www.manquepierda.com\/historiarealbetis\/files\/2018\/11\/5-1968-Nace-Zafra.jpg?resize=166%2C220&amp;ssl=1 166w\" sizes=\"auto, (max-width: 398px) 100vw, 398px\" \/><\/a><\/p>\n<p><span style=\"color: #008000\">El 5 de noviembre de 1968 nace\u00a0 en Rota (C\u00e1diz) Francisco Javier Zafra Ni\u00f1o, quien fuera jugador de la primera plantilla del Real Betis entre los a\u00f1os 1987 y 1993.<\/span><\/p>\n<p><span style=\"color: #008000\">Procedente de la cantera verdiblanca este h\u00e1bil y veloz extremo destac\u00f3 en el Betis\u00a0 de inicios de la d\u00e9cada de los 90.\u00a0 \u00a0\u00a0<\/span><\/p>\n<p><span style=\"color: #008000\">Para saber m\u00e1s de su trayectoria b\u00e9tica ver <a href=\"https:\/\/www.manquepierda.com\/historiarealbetis\/francisco-javier-zafra\/\"><strong>aqu\u00ed.\u00a0<\/strong><\/a><\/span><\/p>\n","protected":false},"excerpt":{"rendered":"<p>El 5 de noviembre de 1968 nace\u00a0 en Rota (C\u00e1diz) Francisco Javier Zafra Ni\u00f1o, quien fuera jugador de la primera plantilla del Real Betis entre los a\u00f1os 1987 y 1993. Procedente de la cantera verdiblanca este h\u00e1bil y veloz extremo destac\u00f3 en el Betis\u00a0 de inicios de la d\u00e9cada de los 90.\u00a0 \u00a0\u00a0 Para saber&#8230;<\/p>\n","protected":false},"author":5,"featured_media":66593,"comment_status":"open","ping_status":"open","sticky":false,"template":"","format":"standard","meta":{"_kad_post_transparent":"","_kad_post_title":"","_kad_post_layout":"","_kad_post_sidebar_id":"","_kad_post_content_style":"","_kad_post_vertical_padding":"","_kad_post_feature":"","_kad_post_feature_position":"","_kad_post_header":false,"_kad_post_footer":false,"_kad_post_classname":"","_jetpack_memberships_contains_paid_content":false,"footnotes":"","jetpack_publicize_message":"","jetpack_publicize_feature_enabled":true,"jetpack_social_post_already_shared":true,"jetpack_social_options":{"image_generator_settings":{"template":"highway","default_image_id":0,"font":"","enabled":false},"version":2}},"categories":[902,14583,1],"tags":[1148],"class_list":["post-66592","post","type-post","status-publish","format-standard","has-post-thumbnail","hentry","category-1960-1969","category-efemerides","category-portada","tag-francisco-javier-zafra"],"jetpack_publicize_connections":[],"jetpack_featured_media_url":"https:\/\/i0.wp.com\/www.manquepierda.com\/historiarealbetis\/files\/2018\/11\/5-1968-Nace-Zafra.jpg?fit=398%2C529&ssl=1","jetpack_sharing_enabled":true,"jetpack_shortlink":"https:\/\/wp.me\/p1ij08-hk4","jetpack-related-posts":[],"_links":{"self":[{"href":"https:\/\/www.manquepierda.com\/historiarealbetis\/wp-json\/wp\/v2\/posts\/66592","targetHints":{"allow":["GET"]}}],"collection":[{"href":"https:\/\/www.manquepierda.com\/historiarealbetis\/wp-json\/wp\/v2\/posts"}],"about":[{"href":"https:\/\/www.manquepierda.com\/historiarealbetis\/wp-json\/wp\/v2\/types\/post"}],"author":[{"embeddable":true,"href":"https:\/\/www.manquepierda.com\/historiarealbetis\/wp-json\/wp\/v2\/users\/5"}],"replies":[{"embeddable":true,"href":"https:\/\/www.manquepierda.com\/historiarealbetis\/wp-json\/wp\/v2\/comments?post=66592"}],"version-history":[{"count":2,"href":"https:\/\/www.manquepierda.com\/historiarealbetis\/wp-json\/wp\/v2\/posts\/66592\/revisions"}],"predecessor-version":[{"id":91248,"href":"https:\/\/www.manquepierda.com\/historiarealbetis\/wp-json\/wp\/v2\/posts\/66592\/revisions\/91248"}],"wp:featuredmedia":[{"embeddable":true,"href":"https:\/\/www.manquepierda.com\/historiarealbetis\/wp-json\/wp\/v2\/media\/66593"}],"wp:attachment":[{"href":"https:\/\/www.manquepierda.com\/historiarealbetis\/wp-json\/wp\/v2\/media?parent=66592"}],"wp:term":[{"taxonomy":"category","embeddable":true,"href":"https:\/\/www.manquepierda.com\/historiarealbetis\/wp-json\/wp\/v2\/categories?post=66592"},{"taxonomy":"post_tag","embeddable":true,"href":"https:\/\/www.manquepierda.com\/historiarealbetis\/wp-json\/wp\/v2\/tags?post=66592"}],"curies":[{"name":"wp","href":"https:\/\/api.w.org\/{rel}","templated":true}]}}