{"id":66653,"date":"2018-11-08T09:29:13","date_gmt":"2018-11-08T08:29:13","guid":{"rendered":"http:\/\/www.manquepierda.com\/historiarealbetis\/?p=66653"},"modified":"2024-10-18T18:38:51","modified_gmt":"2024-10-18T16:38:51","slug":"betis-milan-1977-entrenamientos","status":"publish","type":"post","link":"https:\/\/www.manquepierda.com\/historiarealbetis\/betis-milan-1977-entrenamientos\/","title":{"rendered":"Betis-Milan 1977. Entrenamientos"},"content":{"rendered":"<p>Traemos hoy a Manquepierda, con ocasi\u00f3n del partido que hoy enfrentar\u00e1 en el Villamar\u00edn a Betis y a Milan, unas im\u00e1genes de los entrenamientos previos\u00a0 al partido que hace 41 a\u00f1os enfrent\u00f3 a ambos equipos en el mismo escenario un 14 de septiembre.<\/p>\n<p>En una \u00e9poca en la que no estaba reglamentado, como lo est\u00e1 hoy, el hecho de entrenar sobre el mismo terreno de juego en el que ha de disputarse el partido por parte del equipo visitante, el Milan se entren\u00f3 en Alcal\u00e1 de Guadaira el d\u00eda previo al partido, en las instalaciones deportivas de la Ciudad de San Juan de Dios desde las 10 y media de la ma\u00f1ana y por espacio de hora y media.<\/p>\n<p><a href=\"https:\/\/i0.wp.com\/www.manquepierda.com\/historiarealbetis\/files\/2018\/11\/Betis-Milan-1977-Entrenamientos-NMP-Suroeste-14-09-1977.jpg?ssl=1\"><img data-recalc-dims=\"1\" loading=\"lazy\" decoding=\"async\" class=\"aligncenter size-medium wp-image-66654\" src=\"https:\/\/i0.wp.com\/www.manquepierda.com\/historiarealbetis\/files\/2018\/11\/Betis-Milan-1977-Entrenamientos-NMP-Suroeste-14-09-1977.jpg?resize=580%2C600&#038;ssl=1\" alt=\"\" width=\"580\" height=\"600\" srcset=\"https:\/\/i0.wp.com\/www.manquepierda.com\/historiarealbetis\/files\/2018\/11\/Betis-Milan-1977-Entrenamientos-NMP-Suroeste-14-09-1977.jpg?resize=580%2C600&amp;ssl=1 580w, https:\/\/i0.wp.com\/www.manquepierda.com\/historiarealbetis\/files\/2018\/11\/Betis-Milan-1977-Entrenamientos-NMP-Suroeste-14-09-1977.jpg?resize=213%2C220&amp;ssl=1 213w, https:\/\/i0.wp.com\/www.manquepierda.com\/historiarealbetis\/files\/2018\/11\/Betis-Milan-1977-Entrenamientos-NMP-Suroeste-14-09-1977.jpg?resize=677%2C700&amp;ssl=1 677w, https:\/\/i0.wp.com\/www.manquepierda.com\/historiarealbetis\/files\/2018\/11\/Betis-Milan-1977-Entrenamientos-NMP-Suroeste-14-09-1977.jpg?w=743&amp;ssl=1 743w\" sizes=\"auto, (max-width: 580px) 100vw, 580px\" \/><\/a><\/p>\n<p>Un entrenamiento en el que los jugadores milaneses se quejaron del calor que tuvieron que soportar y en el que llam\u00f3 la atenci\u00f3n el fuerte entrenamiento a que fueron sometidos los dos porteros milanistas, el titular Albertosi y el suplente Rigamonti. En el ca\u00f1oneo intervino de forma destacada el entrenador milanista, el sueco Nils Liedholm, dejando constancia de la clase que tuvo el ex delantero sueco, estrella del Milan de los a\u00f1os 50 y 60.<\/p>\n<p>&nbsp;<\/p>\n<p>El Betis por su parte se entren\u00f3 en el Villamar\u00edn, con la novedad de la incorporaci\u00f3n a la sesi\u00f3n preparatoria de Rafael Gordillo que durante toda la pretemporada hab\u00eda estado realizando el servicio militar. De hecho no intervino en el partido y no debutar\u00eda en esta temporada hasta el 24 de septiembre en casa contra el C\u00e1diz.\u00a0 Entren\u00f3 suavemente Antonio Biosca, que tres d\u00edas antes se hab\u00eda tenido que retirar contra el FC Barcelona, aunque de cara al partido contra el Milan se recuper\u00f3 y form\u00f3 en el once inicial, y tambi\u00e9n estaba renqueante Atila Ladinszky, que el mismo d\u00eda del partido fue sometido a una \u00faltima prueba f\u00edsica en el Villamar\u00edn, prueba que super\u00f3 y le permiti\u00f3 esa misma noche jugar.<\/p>\n<p>&nbsp;<\/p>\n<p><a href=\"https:\/\/i0.wp.com\/www.manquepierda.com\/historiarealbetis\/files\/2018\/11\/Betis-Milan-1977-Entrenamientos-1-NMP-Suroeste-14-09-1977.jpg?ssl=1\"><img data-recalc-dims=\"1\" loading=\"lazy\" decoding=\"async\" class=\"aligncenter size-medium wp-image-66655\" src=\"https:\/\/i0.wp.com\/www.manquepierda.com\/historiarealbetis\/files\/2018\/11\/Betis-Milan-1977-Entrenamientos-1-NMP-Suroeste-14-09-1977.jpg?resize=580%2C600&#038;ssl=1\" alt=\"\" width=\"580\" height=\"600\" srcset=\"https:\/\/i0.wp.com\/www.manquepierda.com\/historiarealbetis\/files\/2018\/11\/Betis-Milan-1977-Entrenamientos-1-NMP-Suroeste-14-09-1977.jpg?resize=580%2C600&amp;ssl=1 580w, https:\/\/i0.wp.com\/www.manquepierda.com\/historiarealbetis\/files\/2018\/11\/Betis-Milan-1977-Entrenamientos-1-NMP-Suroeste-14-09-1977.jpg?resize=213%2C220&amp;ssl=1 213w, https:\/\/i0.wp.com\/www.manquepierda.com\/historiarealbetis\/files\/2018\/11\/Betis-Milan-1977-Entrenamientos-1-NMP-Suroeste-14-09-1977.jpg?resize=768%2C794&amp;ssl=1 768w, https:\/\/i0.wp.com\/www.manquepierda.com\/historiarealbetis\/files\/2018\/11\/Betis-Milan-1977-Entrenamientos-1-NMP-Suroeste-14-09-1977.jpg?resize=677%2C700&amp;ssl=1 677w, https:\/\/i0.wp.com\/www.manquepierda.com\/historiarealbetis\/files\/2018\/11\/Betis-Milan-1977-Entrenamientos-1-NMP-Suroeste-14-09-1977.jpg?w=803&amp;ssl=1 803w\" sizes=\"auto, (max-width: 580px) 100vw, 580px\" \/><\/a><\/p>\n<p>A destacar en las im\u00e1genes del entrenamiento del Betis en el Villamar\u00edn las vallas met\u00e1licas que fueron colocadas por orden de la Federaci\u00f3n Espa\u00f1ola de F\u00fatbol en todos los campos en esta temporada 1977-78, y que marcar\u00edan el paisaje del Villamar\u00edn hasta 1982, en que fueron sustituidas por un foso.<\/p>\n","protected":false},"excerpt":{"rendered":"<p>Traemos hoy a Manquepierda, con ocasi\u00f3n del partido que hoy enfrentar\u00e1 en el Villamar\u00edn a Betis y a Milan, unas im\u00e1genes de los entrenamientos previos\u00a0 al partido que hace 41 a\u00f1os enfrent\u00f3 a ambos equipos en el mismo escenario un 14 de septiembre. En una \u00e9poca en la que no estaba reglamentado, como lo est\u00e1&#8230;<\/p>\n","protected":false},"author":5,"featured_media":66655,"comment_status":"open","ping_status":"open","sticky":false,"template":"","format":"standard","meta":{"_kad_post_transparent":"","_kad_post_title":"","_kad_post_layout":"","_kad_post_sidebar_id":"","_kad_post_content_style":"","_kad_post_vertical_padding":"","_kad_post_feature":"","_kad_post_feature_position":"","_kad_post_header":false,"_kad_post_footer":false,"_kad_post_classname":"","_jetpack_memberships_contains_paid_content":false,"footnotes":"","jetpack_publicize_message":"","jetpack_publicize_feature_enabled":true,"jetpack_social_post_already_shared":true,"jetpack_social_options":{"image_generator_settings":{"template":"highway","default_image_id":0,"font":"","enabled":false},"version":2}},"categories":[903,1],"tags":[1024,2144,14491,340,17800],"class_list":["post-66653","post","type-post","status-publish","format-standard","has-post-thumbnail","hentry","category-1970-1979","category-portada","tag-1024","tag-1977-78","tag-ac-milan","tag-entrenamientos","tag-recopa-1977-78"],"jetpack_publicize_connections":[],"jetpack_featured_media_url":"https:\/\/i0.wp.com\/www.manquepierda.com\/historiarealbetis\/files\/2018\/11\/Betis-Milan-1977-Entrenamientos-1-NMP-Suroeste-14-09-1977.jpg?fit=803%2C830&ssl=1","jetpack_sharing_enabled":true,"jetpack_shortlink":"https:\/\/wp.me\/p1ij08-hl3","jetpack-related-posts":[],"_links":{"self":[{"href":"https:\/\/www.manquepierda.com\/historiarealbetis\/wp-json\/wp\/v2\/posts\/66653","targetHints":{"allow":["GET"]}}],"collection":[{"href":"https:\/\/www.manquepierda.com\/historiarealbetis\/wp-json\/wp\/v2\/posts"}],"about":[{"href":"https:\/\/www.manquepierda.com\/historiarealbetis\/wp-json\/wp\/v2\/types\/post"}],"author":[{"embeddable":true,"href":"https:\/\/www.manquepierda.com\/historiarealbetis\/wp-json\/wp\/v2\/users\/5"}],"replies":[{"embeddable":true,"href":"https:\/\/www.manquepierda.com\/historiarealbetis\/wp-json\/wp\/v2\/comments?post=66653"}],"version-history":[{"count":1,"href":"https:\/\/www.manquepierda.com\/historiarealbetis\/wp-json\/wp\/v2\/posts\/66653\/revisions"}],"predecessor-version":[{"id":100365,"href":"https:\/\/www.manquepierda.com\/historiarealbetis\/wp-json\/wp\/v2\/posts\/66653\/revisions\/100365"}],"wp:featuredmedia":[{"embeddable":true,"href":"https:\/\/www.manquepierda.com\/historiarealbetis\/wp-json\/wp\/v2\/media\/66655"}],"wp:attachment":[{"href":"https:\/\/www.manquepierda.com\/historiarealbetis\/wp-json\/wp\/v2\/media?parent=66653"}],"wp:term":[{"taxonomy":"category","embeddable":true,"href":"https:\/\/www.manquepierda.com\/historiarealbetis\/wp-json\/wp\/v2\/categories?post=66653"},{"taxonomy":"post_tag","embeddable":true,"href":"https:\/\/www.manquepierda.com\/historiarealbetis\/wp-json\/wp\/v2\/tags?post=66653"}],"curies":[{"name":"wp","href":"https:\/\/api.w.org\/{rel}","templated":true}]}}