{"id":66771,"date":"2018-11-22T09:46:09","date_gmt":"2018-11-22T08:46:09","guid":{"rendered":"http:\/\/www.manquepierda.com\/historiarealbetis\/?p=66771"},"modified":"2024-08-17T11:02:31","modified_gmt":"2024-08-17T09:02:31","slug":"el-betis-en-1928","status":"publish","type":"post","link":"https:\/\/www.manquepierda.com\/historiarealbetis\/el-betis-en-1928\/","title":{"rendered":"El Betis en 1928"},"content":{"rendered":"<p><a href=\"https:\/\/i0.wp.com\/www.manquepierda.com\/historiarealbetis\/files\/2018\/11\/Betis-1928-Estampa-27-3-1928.jpg?ssl=1\"><img data-recalc-dims=\"1\" loading=\"lazy\" decoding=\"async\" class=\"aligncenter size-medium wp-image-66772\" src=\"https:\/\/i0.wp.com\/www.manquepierda.com\/historiarealbetis\/files\/2018\/11\/Betis-1928-Estampa-27-3-1928.jpg?resize=501%2C600&#038;ssl=1\" alt=\"\" width=\"501\" height=\"600\" srcset=\"https:\/\/i0.wp.com\/www.manquepierda.com\/historiarealbetis\/files\/2018\/11\/Betis-1928-Estampa-27-3-1928.jpg?resize=501%2C600&amp;ssl=1 501w, https:\/\/i0.wp.com\/www.manquepierda.com\/historiarealbetis\/files\/2018\/11\/Betis-1928-Estampa-27-3-1928.jpg?resize=184%2C220&amp;ssl=1 184w, https:\/\/i0.wp.com\/www.manquepierda.com\/historiarealbetis\/files\/2018\/11\/Betis-1928-Estampa-27-3-1928.jpg?resize=585%2C700&amp;ssl=1 585w, https:\/\/i0.wp.com\/www.manquepierda.com\/historiarealbetis\/files\/2018\/11\/Betis-1928-Estampa-27-3-1928.jpg?w=636&amp;ssl=1 636w\" sizes=\"auto, (max-width: 501px) 100vw, 501px\" \/><\/a><\/p>\n<p>Imagen publicada en la revista gr\u00e1fica Estampa el 27 de marzo de 1928 y en la que se reproduce en un estilo muy caracter\u00edstico de la \u00e9poca un equipo del Real Betis Balompi\u00e9, campe\u00f3n de Andaluc\u00eda.<\/p>\n<p>El subt\u00edtulo que encabeza la publicaci\u00f3n es el siguiente: \u00ab<em>El Real Betis Balompi\u00e9, de Sevilla, es uno de los equipos espa\u00f1oles que m\u00e1s duramente han peleado\u00a0 desde la \u00e9poca heroica del f\u00fatbol en la Pen\u00ednsula, hasta conseguir el puesto destacado que hoy tiene\u00bb.<\/em><\/p>\n<p>A continuaci\u00f3n una composici\u00f3n fotogr\u00e1fica en forma de pir\u00e1mide representa el equipo titular verdiblanco: el portero Jes\u00fas, los defensas Jim\u00e9nez y Tenorio, los medios Salda\u00f1a, Est\u00e9vez y Adolfo, y los delanteros Manol\u00edn, Aranda, Carrasco, Enrique y Romerito.<\/p>\n<p>Agradecer a Jos\u00e9 Juan del Junco la posibilidad de compartir esta imagen en Manquepierda.com\/historiarealbetis<\/p>\n<p>&nbsp;<\/p>\n","protected":false},"excerpt":{"rendered":"<p>Imagen publicada en la revista gr\u00e1fica Estampa el 27 de marzo de 1928 y en la que se reproduce en un estilo muy caracter\u00edstico de la \u00e9poca un equipo del Real Betis Balompi\u00e9, campe\u00f3n de Andaluc\u00eda. El subt\u00edtulo que encabeza la publicaci\u00f3n es el siguiente: \u00abEl Real Betis Balompi\u00e9, de Sevilla, es uno de los&#8230;<\/p>\n","protected":false},"author":5,"featured_media":66772,"comment_status":"open","ping_status":"open","sticky":false,"template":"","format":"standard","meta":{"_kad_post_transparent":"","_kad_post_title":"","_kad_post_layout":"","_kad_post_sidebar_id":"","_kad_post_content_style":"","_kad_post_vertical_padding":"","_kad_post_feature":"","_kad_post_feature_position":"","_kad_post_header":false,"_kad_post_footer":false,"_kad_post_classname":"","_jetpack_memberships_contains_paid_content":false,"footnotes":"","jetpack_publicize_message":"","jetpack_publicize_feature_enabled":true,"jetpack_social_post_already_shared":true,"jetpack_social_options":{"image_generator_settings":{"template":"highway","default_image_id":0,"font":"","enabled":false},"version":2}},"categories":[898,1],"tags":[2576,2499,9482,106,16835,9009,1219,2707,1473,2387,1412,2392,5239],"class_list":["post-66771","post","type-post","status-publish","format-standard","has-post-thumbnail","hentry","category-1920-1929","category-portada","tag-1927-28","tag-2499","tag-adolfo-sancho-adolfito","tag-andres-aranda","tag-antonio-carrasco","tag-antonio-romero-romerito","tag-antonio-tenorio","tag-enrique-garrido","tag-jesus-bernaldez","tag-jesus-jimenez","tag-jose-estevez","tag-manuel-nogueras-manolin","tag-manuel-saldana"],"jetpack_publicize_connections":[],"jetpack_featured_media_url":"https:\/\/i0.wp.com\/www.manquepierda.com\/historiarealbetis\/files\/2018\/11\/Betis-1928-Estampa-27-3-1928.jpg?fit=636%2C761&ssl=1","jetpack_sharing_enabled":true,"jetpack_shortlink":"https:\/\/wp.me\/p1ij08-hmX","jetpack-related-posts":[],"_links":{"self":[{"href":"https:\/\/www.manquepierda.com\/historiarealbetis\/wp-json\/wp\/v2\/posts\/66771","targetHints":{"allow":["GET"]}}],"collection":[{"href":"https:\/\/www.manquepierda.com\/historiarealbetis\/wp-json\/wp\/v2\/posts"}],"about":[{"href":"https:\/\/www.manquepierda.com\/historiarealbetis\/wp-json\/wp\/v2\/types\/post"}],"author":[{"embeddable":true,"href":"https:\/\/www.manquepierda.com\/historiarealbetis\/wp-json\/wp\/v2\/users\/5"}],"replies":[{"embeddable":true,"href":"https:\/\/www.manquepierda.com\/historiarealbetis\/wp-json\/wp\/v2\/comments?post=66771"}],"version-history":[{"count":1,"href":"https:\/\/www.manquepierda.com\/historiarealbetis\/wp-json\/wp\/v2\/posts\/66771\/revisions"}],"predecessor-version":[{"id":96980,"href":"https:\/\/www.manquepierda.com\/historiarealbetis\/wp-json\/wp\/v2\/posts\/66771\/revisions\/96980"}],"wp:featuredmedia":[{"embeddable":true,"href":"https:\/\/www.manquepierda.com\/historiarealbetis\/wp-json\/wp\/v2\/media\/66772"}],"wp:attachment":[{"href":"https:\/\/www.manquepierda.com\/historiarealbetis\/wp-json\/wp\/v2\/media?parent=66771"}],"wp:term":[{"taxonomy":"category","embeddable":true,"href":"https:\/\/www.manquepierda.com\/historiarealbetis\/wp-json\/wp\/v2\/categories?post=66771"},{"taxonomy":"post_tag","embeddable":true,"href":"https:\/\/www.manquepierda.com\/historiarealbetis\/wp-json\/wp\/v2\/tags?post=66771"}],"curies":[{"name":"wp","href":"https:\/\/api.w.org\/{rel}","templated":true}]}}