{"id":66889,"date":"2018-12-04T09:02:27","date_gmt":"2018-12-04T08:02:27","guid":{"rendered":"http:\/\/www.manquepierda.com\/historiarealbetis\/?p=66889"},"modified":"2024-08-25T22:38:12","modified_gmt":"2024-08-25T20:38:12","slug":"alineacion-sabadell-betis-liga-1992","status":"publish","type":"post","link":"https:\/\/www.manquepierda.com\/historiarealbetis\/alineacion-sabadell-betis-liga-1992\/","title":{"rendered":"Alineaci\u00f3n Sabadell-Betis Liga 1992"},"content":{"rendered":"<p><a href=\"https:\/\/i0.wp.com\/www.manquepierda.com\/historiarealbetis\/files\/2018\/12\/Alineaci%C3%B3n-Sabadell-Betis-Liga-1992.jpg?ssl=1\"><img data-recalc-dims=\"1\" loading=\"lazy\" decoding=\"async\" class=\"aligncenter size-full wp-image-66890\" src=\"https:\/\/i0.wp.com\/www.manquepierda.com\/historiarealbetis\/files\/2018\/12\/Alineaci%C3%B3n-Sabadell-Betis-Liga-1992.jpg?resize=640%2C473&#038;ssl=1\" alt=\"\" width=\"640\" height=\"473\" srcset=\"https:\/\/i0.wp.com\/www.manquepierda.com\/historiarealbetis\/files\/2018\/12\/Alineaci%C3%B3n-Sabadell-Betis-Liga-1992.jpg?w=640&amp;ssl=1 640w, https:\/\/i0.wp.com\/www.manquepierda.com\/historiarealbetis\/files\/2018\/12\/Alineaci%C3%B3n-Sabadell-Betis-Liga-1992.jpg?resize=220%2C163&amp;ssl=1 220w\" sizes=\"auto, (max-width: 640px) 100vw, 640px\" \/><\/a><\/p>\n<p>19 de enero de 1992 en la Nova Creu Alta Sabadell 3 Betis 0; jornada 20 del Campeonato de Liga de Segunda Divisi\u00f3n.<\/p>\n<p>En la imagen arriba Fern\u00e1ndez, Grussman, Ca\u00f1as, Julio, Monsalvete y Bilek; abajo Mel, Ure\u00f1a, M\u00e1rquez, Merino y Rodolfo.<\/p>\n<p>Una severa derrota en terreno vallesano que alejaba al equipo del objetivo de entrar en los puestos de ascenso directo.<\/p>\n<p>Jos\u00e9 Mart\u00ednez entrenaba al Sabadell y Josef Jarabinsky al Betis.<\/p>\n<p>&nbsp;<\/p>\n","protected":false},"excerpt":{"rendered":"<p>19 de enero de 1992 en la Nova Creu Alta Sabadell 3 Betis 0; jornada 20 del Campeonato de Liga de Segunda Divisi\u00f3n. En la imagen arriba Fern\u00e1ndez, Grussman, Ca\u00f1as, Julio, Monsalvete y Bilek; abajo Mel, Ure\u00f1a, M\u00e1rquez, Merino y Rodolfo. Una severa derrota en terreno vallesano que alejaba al equipo del objetivo de entrar&#8230;<\/p>\n","protected":false},"author":5,"featured_media":66890,"comment_status":"open","ping_status":"open","sticky":false,"template":"","format":"standard","meta":{"_kad_post_transparent":"","_kad_post_title":"","_kad_post_layout":"","_kad_post_sidebar_id":"","_kad_post_content_style":"","_kad_post_vertical_padding":"","_kad_post_feature":"","_kad_post_feature_position":"","_kad_post_header":false,"_kad_post_footer":false,"_kad_post_classname":"","_jetpack_memberships_contains_paid_content":false,"footnotes":"","jetpack_publicize_message":"","jetpack_publicize_feature_enabled":true,"jetpack_social_post_already_shared":true,"jetpack_social_options":{"image_generator_settings":{"template":"highway","default_image_id":0,"font":"","enabled":false},"version":2}},"categories":[905,1],"tags":[4650,5731,4652,17047,2688,15494,2290,1420,1417,17901,1369,1127,17034,655,1083],"class_list":["post-66889","post","type-post","status-publish","format-standard","has-post-thumbnail","hentry","category-1990-1999","category-portada","tag-1991-92","tag-5731","tag-alois-grussmann","tag-ce-sabadell","tag-jose-manuel-monsalvete","tag-juan-antonio-urena","tag-juan-jose-canas","tag-juan-merino","tag-julio-garcia","tag-liga-segunda-1991-92","tag-luis-marquez","tag-luis-miguel-fernandez","tag-michal-bilek","tag-pepe-mel","tag-rodolfo-dapena"],"jetpack_publicize_connections":[],"jetpack_featured_media_url":"https:\/\/i0.wp.com\/www.manquepierda.com\/historiarealbetis\/files\/2018\/12\/Alineaci%C3%B3n-Sabadell-Betis-Liga-1992.jpg?fit=640%2C473&ssl=1","jetpack_sharing_enabled":true,"jetpack_shortlink":"https:\/\/wp.me\/p1ij08-hoR","jetpack-related-posts":[],"_links":{"self":[{"href":"https:\/\/www.manquepierda.com\/historiarealbetis\/wp-json\/wp\/v2\/posts\/66889","targetHints":{"allow":["GET"]}}],"collection":[{"href":"https:\/\/www.manquepierda.com\/historiarealbetis\/wp-json\/wp\/v2\/posts"}],"about":[{"href":"https:\/\/www.manquepierda.com\/historiarealbetis\/wp-json\/wp\/v2\/types\/post"}],"author":[{"embeddable":true,"href":"https:\/\/www.manquepierda.com\/historiarealbetis\/wp-json\/wp\/v2\/users\/5"}],"replies":[{"embeddable":true,"href":"https:\/\/www.manquepierda.com\/historiarealbetis\/wp-json\/wp\/v2\/comments?post=66889"}],"version-history":[{"count":1,"href":"https:\/\/www.manquepierda.com\/historiarealbetis\/wp-json\/wp\/v2\/posts\/66889\/revisions"}],"predecessor-version":[{"id":95392,"href":"https:\/\/www.manquepierda.com\/historiarealbetis\/wp-json\/wp\/v2\/posts\/66889\/revisions\/95392"}],"wp:featuredmedia":[{"embeddable":true,"href":"https:\/\/www.manquepierda.com\/historiarealbetis\/wp-json\/wp\/v2\/media\/66890"}],"wp:attachment":[{"href":"https:\/\/www.manquepierda.com\/historiarealbetis\/wp-json\/wp\/v2\/media?parent=66889"}],"wp:term":[{"taxonomy":"category","embeddable":true,"href":"https:\/\/www.manquepierda.com\/historiarealbetis\/wp-json\/wp\/v2\/categories?post=66889"},{"taxonomy":"post_tag","embeddable":true,"href":"https:\/\/www.manquepierda.com\/historiarealbetis\/wp-json\/wp\/v2\/tags?post=66889"}],"curies":[{"name":"wp","href":"https:\/\/api.w.org\/{rel}","templated":true}]}}