{"id":66892,"date":"2018-12-07T09:45:38","date_gmt":"2018-12-07T08:45:38","guid":{"rendered":"http:\/\/www.manquepierda.com\/historiarealbetis\/?p=66892"},"modified":"2018-12-02T18:52:54","modified_gmt":"2018-12-02T17:52:54","slug":"betis-rayo-vallecano-liga-1996-2","status":"publish","type":"post","link":"https:\/\/www.manquepierda.com\/historiarealbetis\/betis-rayo-vallecano-liga-1996-2\/","title":{"rendered":"Betis-Rayo Vallecano Liga 1996"},"content":{"rendered":"<p><a href=\"https:\/\/i0.wp.com\/www.manquepierda.com\/historiarealbetis\/files\/2018\/12\/Betis-Rayo-Liga-1996-Luis-Fern%C3%A1ndez-y-Cota-AS-21-10-1996.jpg?ssl=1\"><img data-recalc-dims=\"1\" loading=\"lazy\" decoding=\"async\" class=\"aligncenter size-medium wp-image-66893\" src=\"https:\/\/i0.wp.com\/www.manquepierda.com\/historiarealbetis\/files\/2018\/12\/Betis-Rayo-Liga-1996-Luis-Fern%C3%A1ndez-y-Cota-AS-21-10-1996.jpg?resize=544%2C600&#038;ssl=1\" alt=\"\" width=\"544\" height=\"600\" srcset=\"https:\/\/i0.wp.com\/www.manquepierda.com\/historiarealbetis\/files\/2018\/12\/Betis-Rayo-Liga-1996-Luis-Fern%C3%A1ndez-y-Cota-AS-21-10-1996.jpg?resize=544%2C600&amp;ssl=1 544w, https:\/\/i0.wp.com\/www.manquepierda.com\/historiarealbetis\/files\/2018\/12\/Betis-Rayo-Liga-1996-Luis-Fern%C3%A1ndez-y-Cota-AS-21-10-1996.jpg?resize=199%2C220&amp;ssl=1 199w, https:\/\/i0.wp.com\/www.manquepierda.com\/historiarealbetis\/files\/2018\/12\/Betis-Rayo-Liga-1996-Luis-Fern%C3%A1ndez-y-Cota-AS-21-10-1996.jpg?resize=635%2C700&amp;ssl=1 635w, https:\/\/i0.wp.com\/www.manquepierda.com\/historiarealbetis\/files\/2018\/12\/Betis-Rayo-Liga-1996-Luis-Fern%C3%A1ndez-y-Cota-AS-21-10-1996.jpg?w=642&amp;ssl=1 642w\" sizes=\"auto, (max-width: 544px) 100vw, 544px\" \/><\/a><\/p>\n<p>20 de octubre de 1996 en el Villamar\u00edn Betis 3 Rayo Vallecano 0; jornada 8 del Campeonato de Liga de Primera Divisi\u00f3n.<\/p>\n<p>En la imagen una internada del lateral b\u00e9tico Luis Fern\u00e1ndez sorteando al defensor rayista Cota.<\/p>\n<p>Con goles de Finidi, Pier y Alfonso el Betis super\u00f3 con comodidad al Rayo Vallecano.<\/p>\n<p>Lorenzo Serra entrenaba al Betis y Francisco Garc\u00eda \u00abPaquito\u00bb al Rayo Vallecano.<\/p>\n","protected":false},"excerpt":{"rendered":"<p>20 de octubre de 1996 en el Villamar\u00edn Betis 3 Rayo Vallecano 0; jornada 8 del Campeonato de Liga de Primera Divisi\u00f3n. En la imagen una internada del lateral b\u00e9tico Luis Fern\u00e1ndez sorteando al defensor rayista Cota. Con goles de Finidi, Pier y Alfonso el Betis super\u00f3 con comodidad al Rayo Vallecano. Lorenzo Serra entrenaba&#8230;<\/p>\n","protected":false},"author":5,"featured_media":66893,"comment_status":"open","ping_status":"open","sticky":false,"template":"","format":"standard","meta":{"_kad_post_transparent":"","_kad_post_title":"","_kad_post_layout":"","_kad_post_sidebar_id":"","_kad_post_content_style":"","_kad_post_vertical_padding":"","_kad_post_feature":"","_kad_post_feature_position":"","_kad_post_header":false,"_kad_post_footer":false,"_kad_post_classname":"","_jetpack_memberships_contains_paid_content":false,"footnotes":"","jetpack_publicize_message":"","jetpack_publicize_feature_enabled":true,"jetpack_social_post_already_shared":true,"jetpack_social_options":{"image_generator_settings":{"template":"highway","default_image_id":0,"font":"","enabled":false},"version":2}},"categories":[905,1],"tags":[3291,2478,3495,709],"class_list":["post-66892","post","type-post","status-publish","format-standard","has-post-thumbnail","hentry","category-1990-1999","category-portada","tag-3291","tag-1996-97","tag-luis-fernandez","tag-rayo-vallecano"],"jetpack_publicize_connections":[],"jetpack_featured_media_url":"https:\/\/i0.wp.com\/www.manquepierda.com\/historiarealbetis\/files\/2018\/12\/Betis-Rayo-Liga-1996-Luis-Fern%C3%A1ndez-y-Cota-AS-21-10-1996.jpg?fit=642%2C708&ssl=1","jetpack_sharing_enabled":true,"jetpack_shortlink":"https:\/\/wp.me\/p1ij08-hoU","jetpack-related-posts":[],"_links":{"self":[{"href":"https:\/\/www.manquepierda.com\/historiarealbetis\/wp-json\/wp\/v2\/posts\/66892","targetHints":{"allow":["GET"]}}],"collection":[{"href":"https:\/\/www.manquepierda.com\/historiarealbetis\/wp-json\/wp\/v2\/posts"}],"about":[{"href":"https:\/\/www.manquepierda.com\/historiarealbetis\/wp-json\/wp\/v2\/types\/post"}],"author":[{"embeddable":true,"href":"https:\/\/www.manquepierda.com\/historiarealbetis\/wp-json\/wp\/v2\/users\/5"}],"replies":[{"embeddable":true,"href":"https:\/\/www.manquepierda.com\/historiarealbetis\/wp-json\/wp\/v2\/comments?post=66892"}],"version-history":[{"count":0,"href":"https:\/\/www.manquepierda.com\/historiarealbetis\/wp-json\/wp\/v2\/posts\/66892\/revisions"}],"wp:featuredmedia":[{"embeddable":true,"href":"https:\/\/www.manquepierda.com\/historiarealbetis\/wp-json\/wp\/v2\/media\/66893"}],"wp:attachment":[{"href":"https:\/\/www.manquepierda.com\/historiarealbetis\/wp-json\/wp\/v2\/media?parent=66892"}],"wp:term":[{"taxonomy":"category","embeddable":true,"href":"https:\/\/www.manquepierda.com\/historiarealbetis\/wp-json\/wp\/v2\/categories?post=66892"},{"taxonomy":"post_tag","embeddable":true,"href":"https:\/\/www.manquepierda.com\/historiarealbetis\/wp-json\/wp\/v2\/tags?post=66892"}],"curies":[{"name":"wp","href":"https:\/\/api.w.org\/{rel}","templated":true}]}}