{"id":66954,"date":"2020-12-12T10:30:28","date_gmt":"2020-12-12T09:30:28","guid":{"rendered":"http:\/\/www.manquepierda.com\/historiarealbetis\/?p=66954"},"modified":"2024-08-09T18:51:45","modified_gmt":"2024-08-09T16:51:45","slug":"hoy-hace-75-anos-10","status":"publish","type":"post","link":"https:\/\/www.manquepierda.com\/historiarealbetis\/hoy-hace-75-anos-10\/","title":{"rendered":"Hoy hace 77 a\u00f1os. Betis 2 Cultural Leonesa 1."},"content":{"rendered":"<p><a href=\"https:\/\/i0.wp.com\/www.manquepierda.com\/historiarealbetis\/files\/2018\/12\/12-1943-Betis-2-Cult.-Leonesa-1.jpg?ssl=1\"><img data-recalc-dims=\"1\" loading=\"lazy\" decoding=\"async\" class=\"aligncenter size-medium wp-image-66955\" src=\"https:\/\/i0.wp.com\/www.manquepierda.com\/historiarealbetis\/files\/2018\/12\/12-1943-Betis-2-Cult.-Leonesa-1.jpg?resize=680%2C598&#038;ssl=1\" alt=\"\" width=\"680\" height=\"598\" srcset=\"https:\/\/i0.wp.com\/www.manquepierda.com\/historiarealbetis\/files\/2018\/12\/12-1943-Betis-2-Cult.-Leonesa-1.jpg?resize=680%2C598&amp;ssl=1 680w, https:\/\/i0.wp.com\/www.manquepierda.com\/historiarealbetis\/files\/2018\/12\/12-1943-Betis-2-Cult.-Leonesa-1.jpg?resize=220%2C193&amp;ssl=1 220w, https:\/\/i0.wp.com\/www.manquepierda.com\/historiarealbetis\/files\/2018\/12\/12-1943-Betis-2-Cult.-Leonesa-1.jpg?w=705&amp;ssl=1 705w\" sizes=\"auto, (max-width: 680px) 100vw, 680px\" \/><\/a><\/p>\n<p><span style=\"color: #008000\">El 12 de diciembre de 1943 el Betis derrota 2-1 en Heli\u00f3polis a la Cultural Leonesa en partido de la jornada 11 del Campeonato de Liga de Segunda Divisi\u00f3n.<\/span><\/p>\n<p><span style=\"color: #008000\">Aunque Tavilo adelant\u00f3 a los visitantes en el minuto 15, Guillam\u00f3n empat\u00f3 en el 25 y Julio marc\u00f3 el definitivo 2-1 en el 85.<\/span><\/p>\n<p><span style=\"color: #008000\">El Betis, entrenado por Andr\u00e9s Aranda, aline\u00f3 a Paquillo; Castillo, Ant\u00fanez; Guillam\u00f3n, Mariages, Coll; Saro, Pineda, Rold\u00e1n, Besc\u00f3s y Julio.<\/span><\/p>\n<p><span style=\"color: #008000\">La Cultural Leonesa, dirigida por Alejandro D\u00edaz, form\u00f3 con L\u00f3pez; Arrieta, Del Pino; Moncho, Maside, Rafa; Gamonal, Caama\u00f1o, Tavilo, Mu\u00f1oz y Andrade.<\/span><\/p>\n","protected":false},"excerpt":{"rendered":"<p>El 12 de diciembre de 1943 el Betis derrota 2-1 en Heli\u00f3polis a la Cultural Leonesa en partido de la jornada 11 del Campeonato de Liga de Segunda Divisi\u00f3n. Aunque Tavilo adelant\u00f3 a los visitantes en el minuto 15, Guillam\u00f3n empat\u00f3 en el 25 y Julio marc\u00f3 el definitivo 2-1 en el 85. El Betis,&#8230;<\/p>\n","protected":false},"author":5,"featured_media":66955,"comment_status":"open","ping_status":"open","sticky":false,"template":"","format":"standard","meta":{"_kad_post_transparent":"","_kad_post_title":"","_kad_post_layout":"","_kad_post_sidebar_id":"","_kad_post_content_style":"","_kad_post_vertical_padding":"","_kad_post_feature":"","_kad_post_feature_position":"","_kad_post_header":false,"_kad_post_footer":false,"_kad_post_classname":"","_jetpack_memberships_contains_paid_content":false,"footnotes":"","jetpack_publicize_message":"","jetpack_publicize_feature_enabled":true,"jetpack_social_post_already_shared":true,"jetpack_social_options":{"image_generator_settings":{"template":"highway","default_image_id":0,"font":"","enabled":false},"version":2}},"categories":[900,14583,1],"tags":[51,16852,17832],"class_list":["post-66954","post","type-post","status-publish","format-standard","has-post-thumbnail","hentry","category-1940-1949","category-efemerides","category-portada","tag-51","tag-cultural-leonesa","tag-liga-segunda-1943-44"],"jetpack_publicize_connections":[],"jetpack_featured_media_url":"https:\/\/i0.wp.com\/www.manquepierda.com\/historiarealbetis\/files\/2018\/12\/12-1943-Betis-2-Cult.-Leonesa-1.jpg?fit=705%2C620&ssl=1","jetpack_sharing_enabled":true,"jetpack_shortlink":"https:\/\/wp.me\/p1ij08-hpU","jetpack-related-posts":[],"_links":{"self":[{"href":"https:\/\/www.manquepierda.com\/historiarealbetis\/wp-json\/wp\/v2\/posts\/66954","targetHints":{"allow":["GET"]}}],"collection":[{"href":"https:\/\/www.manquepierda.com\/historiarealbetis\/wp-json\/wp\/v2\/posts"}],"about":[{"href":"https:\/\/www.manquepierda.com\/historiarealbetis\/wp-json\/wp\/v2\/types\/post"}],"author":[{"embeddable":true,"href":"https:\/\/www.manquepierda.com\/historiarealbetis\/wp-json\/wp\/v2\/users\/5"}],"replies":[{"embeddable":true,"href":"https:\/\/www.manquepierda.com\/historiarealbetis\/wp-json\/wp\/v2\/comments?post=66954"}],"version-history":[{"count":1,"href":"https:\/\/www.manquepierda.com\/historiarealbetis\/wp-json\/wp\/v2\/posts\/66954\/revisions"}],"predecessor-version":[{"id":95838,"href":"https:\/\/www.manquepierda.com\/historiarealbetis\/wp-json\/wp\/v2\/posts\/66954\/revisions\/95838"}],"wp:featuredmedia":[{"embeddable":true,"href":"https:\/\/www.manquepierda.com\/historiarealbetis\/wp-json\/wp\/v2\/media\/66955"}],"wp:attachment":[{"href":"https:\/\/www.manquepierda.com\/historiarealbetis\/wp-json\/wp\/v2\/media?parent=66954"}],"wp:term":[{"taxonomy":"category","embeddable":true,"href":"https:\/\/www.manquepierda.com\/historiarealbetis\/wp-json\/wp\/v2\/categories?post=66954"},{"taxonomy":"post_tag","embeddable":true,"href":"https:\/\/www.manquepierda.com\/historiarealbetis\/wp-json\/wp\/v2\/tags?post=66954"}],"curies":[{"name":"wp","href":"https:\/\/api.w.org\/{rel}","templated":true}]}}