{"id":66962,"date":"2023-12-13T11:00:00","date_gmt":"2023-12-13T10:00:00","guid":{"rendered":"http:\/\/www.manquepierda.com\/historiarealbetis\/?p=66962"},"modified":"2024-08-09T16:33:50","modified_gmt":"2024-08-09T14:33:50","slug":"hoy-hace-65-anos-10","status":"publish","type":"post","link":"https:\/\/www.manquepierda.com\/historiarealbetis\/hoy-hace-65-anos-10\/","title":{"rendered":"Hoy hace 70 a\u00f1os. Sevillana T\u00e1nger 0 Betis 2."},"content":{"rendered":"<p><a href=\"https:\/\/i0.wp.com\/www.manquepierda.com\/historiarealbetis\/files\/2018\/12\/13-1953-SevillanaT%C3%A1nger-0-Betis-2.jpg?ssl=1\"><img data-recalc-dims=\"1\" loading=\"lazy\" decoding=\"async\" class=\"aligncenter size-medium wp-image-66963\" src=\"https:\/\/i0.wp.com\/www.manquepierda.com\/historiarealbetis\/files\/2018\/12\/13-1953-SevillanaT%C3%A1nger-0-Betis-2.jpg?resize=680%2C277&#038;ssl=1\" alt=\"\" width=\"680\" height=\"277\" srcset=\"https:\/\/i0.wp.com\/www.manquepierda.com\/historiarealbetis\/files\/2018\/12\/13-1953-SevillanaT%C3%A1nger-0-Betis-2.jpg?resize=680%2C277&amp;ssl=1 680w, https:\/\/i0.wp.com\/www.manquepierda.com\/historiarealbetis\/files\/2018\/12\/13-1953-SevillanaT%C3%A1nger-0-Betis-2.jpg?resize=220%2C90&amp;ssl=1 220w, https:\/\/i0.wp.com\/www.manquepierda.com\/historiarealbetis\/files\/2018\/12\/13-1953-SevillanaT%C3%A1nger-0-Betis-2.jpg?resize=768%2C313&amp;ssl=1 768w, https:\/\/i0.wp.com\/www.manquepierda.com\/historiarealbetis\/files\/2018\/12\/13-1953-SevillanaT%C3%A1nger-0-Betis-2.jpg?resize=960%2C392&amp;ssl=1 960w, https:\/\/i0.wp.com\/www.manquepierda.com\/historiarealbetis\/files\/2018\/12\/13-1953-SevillanaT%C3%A1nger-0-Betis-2.jpg?w=998&amp;ssl=1 998w\" sizes=\"auto, (max-width: 680px) 100vw, 680px\" \/><\/a><\/p>\n<p><span style=\"color: #008000\">El 13 de diciembre de 1953 el Betis se impone en El Marshan 0-2 a la Sevillana de T\u00e1nger en partido de la jornada 13 del Campeonato de Liga de Tercera Divisi\u00f3n.<\/span><\/p>\n<p><span style=\"color: #008000\">Orive en el minuto 48 y Coto en el 60 certificaron la victoria en&nbsp; campo marroqu\u00ed.<\/span><\/p>\n<p><span style=\"color: #008000\">La Sevillana, entrenado por Marcelino Morla, aline\u00f3 a Acosta; Mario, Tensamani, Rojas; P\u00e9rez, Riffi; Algaba, Adolfo, Dur\u00e1n, Tot\u00f3 y Dom\u00ednguez.<\/span><\/p>\n<p><span style=\"color: #008000\">El Betis, dirigido por Francisco G\u00f3mez, form\u00f3 con Gonz\u00e1lez; Portu, Gabilondo, Cifuentes; Oscar, Pe\u00f1afuerte; Coto, Orive, Del Val, Marco Mart\u00edn y Enrique.&nbsp;<\/span><\/p>\n","protected":false},"excerpt":{"rendered":"<p>El 13 de diciembre de 1953 el Betis se impone en El Marshan 0-2 a la Sevillana de T\u00e1nger en partido de la jornada 13 del Campeonato de Liga de Tercera Divisi\u00f3n. Orive en el minuto 48 y Coto en el 60 certificaron la victoria en&nbsp; campo marroqu\u00ed. La Sevillana, entrenado por Marcelino Morla, aline\u00f3&#8230;<\/p>\n","protected":false},"author":5,"featured_media":66963,"comment_status":"open","ping_status":"open","sticky":false,"template":"","format":"standard","meta":{"_kad_post_transparent":"","_kad_post_title":"","_kad_post_layout":"","_kad_post_sidebar_id":"","_kad_post_content_style":"","_kad_post_vertical_padding":"","_kad_post_feature":"","_kad_post_feature_position":"","_kad_post_header":false,"_kad_post_footer":false,"_kad_post_classname":"","_jetpack_memberships_contains_paid_content":false,"footnotes":"","jetpack_publicize_message":"","jetpack_publicize_feature_enabled":true,"jetpack_social_post_already_shared":true,"jetpack_social_options":{"image_generator_settings":{"template":"highway","default_image_id":0,"font":"","enabled":false},"version":2}},"categories":[901,14583,1],"tags":[1316,17791,10082],"class_list":["post-66962","post","type-post","status-publish","format-standard","has-post-thumbnail","hentry","category-1950-1959","category-efemerides","category-portada","tag-1316","tag-liga-tercera-1953-54","tag-sevillana-tanger"],"jetpack_publicize_connections":[],"jetpack_featured_media_url":"https:\/\/i0.wp.com\/www.manquepierda.com\/historiarealbetis\/files\/2018\/12\/13-1953-SevillanaT%C3%A1nger-0-Betis-2.jpg?fit=998%2C407&ssl=1","jetpack_sharing_enabled":true,"jetpack_shortlink":"https:\/\/wp.me\/p1ij08-hq2","jetpack-related-posts":[],"_links":{"self":[{"href":"https:\/\/www.manquepierda.com\/historiarealbetis\/wp-json\/wp\/v2\/posts\/66962","targetHints":{"allow":["GET"]}}],"collection":[{"href":"https:\/\/www.manquepierda.com\/historiarealbetis\/wp-json\/wp\/v2\/posts"}],"about":[{"href":"https:\/\/www.manquepierda.com\/historiarealbetis\/wp-json\/wp\/v2\/types\/post"}],"author":[{"embeddable":true,"href":"https:\/\/www.manquepierda.com\/historiarealbetis\/wp-json\/wp\/v2\/users\/5"}],"replies":[{"embeddable":true,"href":"https:\/\/www.manquepierda.com\/historiarealbetis\/wp-json\/wp\/v2\/comments?post=66962"}],"version-history":[{"count":2,"href":"https:\/\/www.manquepierda.com\/historiarealbetis\/wp-json\/wp\/v2\/posts\/66962\/revisions"}],"predecessor-version":[{"id":91741,"href":"https:\/\/www.manquepierda.com\/historiarealbetis\/wp-json\/wp\/v2\/posts\/66962\/revisions\/91741"}],"wp:featuredmedia":[{"embeddable":true,"href":"https:\/\/www.manquepierda.com\/historiarealbetis\/wp-json\/wp\/v2\/media\/66963"}],"wp:attachment":[{"href":"https:\/\/www.manquepierda.com\/historiarealbetis\/wp-json\/wp\/v2\/media?parent=66962"}],"wp:term":[{"taxonomy":"category","embeddable":true,"href":"https:\/\/www.manquepierda.com\/historiarealbetis\/wp-json\/wp\/v2\/categories?post=66962"},{"taxonomy":"post_tag","embeddable":true,"href":"https:\/\/www.manquepierda.com\/historiarealbetis\/wp-json\/wp\/v2\/tags?post=66962"}],"curies":[{"name":"wp","href":"https:\/\/api.w.org\/{rel}","templated":true}]}}