{"id":67016,"date":"2018-12-18T09:25:48","date_gmt":"2018-12-18T08:25:48","guid":{"rendered":"http:\/\/www.manquepierda.com\/historiarealbetis\/?p=67016"},"modified":"2025-07-20T15:40:07","modified_gmt":"2025-07-20T13:40:07","slug":"fichajes-de-1965","status":"publish","type":"post","link":"https:\/\/www.manquepierda.com\/historiarealbetis\/fichajes-de-1965\/","title":{"rendered":"Fichajes de 1965"},"content":{"rendered":"<p><a href=\"https:\/\/i0.wp.com\/www.manquepierda.com\/historiarealbetis\/files\/2018\/12\/Fichajes-de-1965.jpg?ssl=1\"><img data-recalc-dims=\"1\" loading=\"lazy\" decoding=\"async\" class=\"aligncenter size-medium wp-image-67017\" src=\"https:\/\/i0.wp.com\/www.manquepierda.com\/historiarealbetis\/files\/2018\/12\/Fichajes-de-1965.jpg?resize=680%2C497&#038;ssl=1\" alt=\"\" width=\"680\" height=\"497\" srcset=\"https:\/\/i0.wp.com\/www.manquepierda.com\/historiarealbetis\/files\/2018\/12\/Fichajes-de-1965.jpg?resize=680%2C497&amp;ssl=1 680w, https:\/\/i0.wp.com\/www.manquepierda.com\/historiarealbetis\/files\/2018\/12\/Fichajes-de-1965.jpg?resize=220%2C161&amp;ssl=1 220w, https:\/\/i0.wp.com\/www.manquepierda.com\/historiarealbetis\/files\/2018\/12\/Fichajes-de-1965.jpg?resize=768%2C562&amp;ssl=1 768w, https:\/\/i0.wp.com\/www.manquepierda.com\/historiarealbetis\/files\/2018\/12\/Fichajes-de-1965.jpg?w=909&amp;ssl=1 909w\" sizes=\"auto, (max-width: 680px) 100vw, 680px\" \/><\/a><\/p>\n<p>En la imagen en el Villamar\u00edn posan los fichajes de la temporada 1965-66 junto al entrenador brasile\u00f1o Martim Francisco. De izquierda a derecha , Juan Santisteban, centrocampista procedente del Real Madrid, Manuel Moreno, defensa fichado del Mallorca, el entrenador Martim Francisco, que lleg\u00f3 desde el Elche, Jes\u00fas Mar\u00eda Landa, delantero que vino del Atl\u00e9tico Baleares aunque pertenec\u00eda al Valladolid, Antonio Cano \u00abZacarizo\u00bb, delantero procedente del CD M\u00e1laga y Fernando Gir\u00f3n, extremo fichado del Oviedo.<\/p>\n","protected":false},"excerpt":{"rendered":"<p>En la imagen en el Villamar\u00edn posan los fichajes de la temporada 1965-66 junto al entrenador brasile\u00f1o Martim Francisco. De izquierda a derecha , Juan Santisteban, centrocampista procedente del Real Madrid, Manuel Moreno, defensa fichado del Mallorca, el entrenador Martim Francisco, que lleg\u00f3 desde el Elche, Jes\u00fas Mar\u00eda Landa, delantero que vino del Atl\u00e9tico Baleares&#8230;<\/p>\n","protected":false},"author":5,"featured_media":67017,"comment_status":"open","ping_status":"open","sticky":false,"template":"","format":"standard","meta":{"_kad_post_transparent":"","_kad_post_title":"","_kad_post_layout":"","_kad_post_sidebar_id":"","_kad_post_content_style":"","_kad_post_vertical_padding":"","_kad_post_feature":"","_kad_post_feature_position":"","_kad_post_header":false,"_kad_post_footer":false,"_kad_post_classname":"","_jetpack_memberships_contains_paid_content":false,"footnotes":"","jetpack_publicize_message":"","jetpack_publicize_feature_enabled":true,"jetpack_social_post_already_shared":true,"jetpack_social_options":{"image_generator_settings":{"template":"highway","default_image_id":0,"font":"","enabled":false},"version":2}},"categories":[902,1],"tags":[7334,8183,3928,17154,1497,1378,10922,1368,3752,3282,8184,2240,13362,14171,1359],"class_list":["post-67016","post","type-post","status-publish","format-standard","has-post-thumbnail","hentry","category-1960-1969","category-portada","tag-7334","tag-1965-66","tag-antonio-cano-zacarizo","tag-atletico-baleares","tag-cd-malaga","tag-elche-cf","tag-fernando-giron","tag-jesus-maria-landa","tag-juan-santisteban","tag-manuel-moreno","tag-martim-francisco","tag-rcd-mallorca","tag-real-madrid-cf","tag-real-oviedo-cf","tag-real-valladolid"],"jetpack_publicize_connections":[],"jetpack_featured_media_url":"https:\/\/i0.wp.com\/www.manquepierda.com\/historiarealbetis\/files\/2018\/12\/Fichajes-de-1965.jpg?fit=909%2C665&ssl=1","jetpack_sharing_enabled":true,"jetpack_shortlink":"https:\/\/wp.me\/p1ij08-hqU","jetpack-related-posts":[],"_links":{"self":[{"href":"https:\/\/www.manquepierda.com\/historiarealbetis\/wp-json\/wp\/v2\/posts\/67016","targetHints":{"allow":["GET"]}}],"collection":[{"href":"https:\/\/www.manquepierda.com\/historiarealbetis\/wp-json\/wp\/v2\/posts"}],"about":[{"href":"https:\/\/www.manquepierda.com\/historiarealbetis\/wp-json\/wp\/v2\/types\/post"}],"author":[{"embeddable":true,"href":"https:\/\/www.manquepierda.com\/historiarealbetis\/wp-json\/wp\/v2\/users\/5"}],"replies":[{"embeddable":true,"href":"https:\/\/www.manquepierda.com\/historiarealbetis\/wp-json\/wp\/v2\/comments?post=67016"}],"version-history":[{"count":1,"href":"https:\/\/www.manquepierda.com\/historiarealbetis\/wp-json\/wp\/v2\/posts\/67016\/revisions"}],"predecessor-version":[{"id":98495,"href":"https:\/\/www.manquepierda.com\/historiarealbetis\/wp-json\/wp\/v2\/posts\/67016\/revisions\/98495"}],"wp:featuredmedia":[{"embeddable":true,"href":"https:\/\/www.manquepierda.com\/historiarealbetis\/wp-json\/wp\/v2\/media\/67017"}],"wp:attachment":[{"href":"https:\/\/www.manquepierda.com\/historiarealbetis\/wp-json\/wp\/v2\/media?parent=67016"}],"wp:term":[{"taxonomy":"category","embeddable":true,"href":"https:\/\/www.manquepierda.com\/historiarealbetis\/wp-json\/wp\/v2\/categories?post=67016"},{"taxonomy":"post_tag","embeddable":true,"href":"https:\/\/www.manquepierda.com\/historiarealbetis\/wp-json\/wp\/v2\/tags?post=67016"}],"curies":[{"name":"wp","href":"https:\/\/api.w.org\/{rel}","templated":true}]}}