{"id":67036,"date":"2023-12-22T11:00:00","date_gmt":"2023-12-22T10:00:00","guid":{"rendered":"http:\/\/www.manquepierda.com\/historiarealbetis\/?p=67036"},"modified":"2023-11-20T07:50:03","modified_gmt":"2023-11-20T06:50:03","slug":"hoy-hace-80-anos-4","status":"publish","type":"post","link":"https:\/\/www.manquepierda.com\/historiarealbetis\/hoy-hace-80-anos-4\/","title":{"rendered":"Hoy hace 85 a\u00f1os. Nace Julio Santaella \u00abColo\u00bb."},"content":{"rendered":"<p><a href=\"https:\/\/i0.wp.com\/www.manquepierda.com\/historiarealbetis\/files\/2018\/12\/22-1938-Nece-Colo.jpg?ssl=1\"><img data-recalc-dims=\"1\" loading=\"lazy\" decoding=\"async\" class=\"aligncenter size-full wp-image-67037\" src=\"https:\/\/i0.wp.com\/www.manquepierda.com\/historiarealbetis\/files\/2018\/12\/22-1938-Nece-Colo.jpg?resize=377%2C513&#038;ssl=1\" alt=\"\" width=\"377\" height=\"513\" srcset=\"https:\/\/i0.wp.com\/www.manquepierda.com\/historiarealbetis\/files\/2018\/12\/22-1938-Nece-Colo.jpg?w=377&amp;ssl=1 377w, https:\/\/i0.wp.com\/www.manquepierda.com\/historiarealbetis\/files\/2018\/12\/22-1938-Nece-Colo.jpg?resize=162%2C220&amp;ssl=1 162w\" sizes=\"auto, (max-width: 377px) 100vw, 377px\" \/><\/a><\/p>\n<p><span style=\"color: #008000\">El 22 de diciembre de 1938 nace en Santa Cruz de Tenerife Julio Santaella Ben\u00edtez \u00abColo\u00bb, quien fuera jugador del Real Betis Balompi\u00e9 entre los a\u00f1os 1962 y 1964.<\/span><\/p>\n<p><span style=\"color: #008000\">Un defensa fuerte y contundente que lleg\u00f3 al club procedente del CD Tenerife y que fue convocado en varias ocasiones por la selecci\u00f3n nacional, aunque no lleg\u00f3 a debutar con ella. En abril de 1964 fue traspasado al Atl\u00e9tico de Madrid.\u00a0\u00a0<\/span><\/p>\n","protected":false},"excerpt":{"rendered":"<p>El 22 de diciembre de 1938 nace en Santa Cruz de Tenerife Julio Santaella Ben\u00edtez \u00abColo\u00bb, quien fuera jugador del Real Betis Balompi\u00e9 entre los a\u00f1os 1962 y 1964. Un defensa fuerte y contundente que lleg\u00f3 al club procedente del CD Tenerife y que fue convocado en varias ocasiones por la selecci\u00f3n nacional, aunque no&#8230;<\/p>\n","protected":false},"author":5,"featured_media":67037,"comment_status":"open","ping_status":"open","sticky":false,"template":"","format":"standard","meta":{"_kad_post_transparent":"","_kad_post_title":"","_kad_post_layout":"","_kad_post_sidebar_id":"","_kad_post_content_style":"","_kad_post_vertical_padding":"","_kad_post_feature":"","_kad_post_feature_position":"","_kad_post_header":false,"_kad_post_footer":false,"_kad_post_classname":"","_jetpack_memberships_contains_paid_content":false,"footnotes":"","jetpack_publicize_message":"","jetpack_publicize_feature_enabled":true,"jetpack_social_post_already_shared":true,"jetpack_social_options":{"image_generator_settings":{"template":"highway","default_image_id":0,"font":"","enabled":false},"version":2}},"categories":[899,14583,1],"tags":[1474],"class_list":["post-67036","post","type-post","status-publish","format-standard","has-post-thumbnail","hentry","category-1930-1939","category-efemerides","category-portada","tag-julio-santaella-colo"],"jetpack_publicize_connections":[],"jetpack_featured_media_url":"https:\/\/i0.wp.com\/www.manquepierda.com\/historiarealbetis\/files\/2018\/12\/22-1938-Nece-Colo.jpg?fit=377%2C513&ssl=1","jetpack_sharing_enabled":true,"jetpack_shortlink":"https:\/\/wp.me\/p1ij08-hre","jetpack-related-posts":[],"_links":{"self":[{"href":"https:\/\/www.manquepierda.com\/historiarealbetis\/wp-json\/wp\/v2\/posts\/67036","targetHints":{"allow":["GET"]}}],"collection":[{"href":"https:\/\/www.manquepierda.com\/historiarealbetis\/wp-json\/wp\/v2\/posts"}],"about":[{"href":"https:\/\/www.manquepierda.com\/historiarealbetis\/wp-json\/wp\/v2\/types\/post"}],"author":[{"embeddable":true,"href":"https:\/\/www.manquepierda.com\/historiarealbetis\/wp-json\/wp\/v2\/users\/5"}],"replies":[{"embeddable":true,"href":"https:\/\/www.manquepierda.com\/historiarealbetis\/wp-json\/wp\/v2\/comments?post=67036"}],"version-history":[{"count":2,"href":"https:\/\/www.manquepierda.com\/historiarealbetis\/wp-json\/wp\/v2\/posts\/67036\/revisions"}],"predecessor-version":[{"id":91756,"href":"https:\/\/www.manquepierda.com\/historiarealbetis\/wp-json\/wp\/v2\/posts\/67036\/revisions\/91756"}],"wp:featuredmedia":[{"embeddable":true,"href":"https:\/\/www.manquepierda.com\/historiarealbetis\/wp-json\/wp\/v2\/media\/67037"}],"wp:attachment":[{"href":"https:\/\/www.manquepierda.com\/historiarealbetis\/wp-json\/wp\/v2\/media?parent=67036"}],"wp:term":[{"taxonomy":"category","embeddable":true,"href":"https:\/\/www.manquepierda.com\/historiarealbetis\/wp-json\/wp\/v2\/categories?post=67036"},{"taxonomy":"post_tag","embeddable":true,"href":"https:\/\/www.manquepierda.com\/historiarealbetis\/wp-json\/wp\/v2\/tags?post=67036"}],"curies":[{"name":"wp","href":"https:\/\/api.w.org\/{rel}","templated":true}]}}