{"id":67072,"date":"2021-12-31T10:30:00","date_gmt":"2021-12-31T09:30:00","guid":{"rendered":"http:\/\/www.manquepierda.com\/historiarealbetis\/?p=67072"},"modified":"2021-12-31T11:51:08","modified_gmt":"2021-12-31T10:51:08","slug":"hoy-hace-85-anos-9","status":"publish","type":"post","link":"https:\/\/www.manquepierda.com\/historiarealbetis\/hoy-hace-85-anos-9\/","title":{"rendered":"Hoy hace 88 a\u00f1os. Barcelona 5 Betis 1."},"content":{"rendered":"<p><a href=\"https:\/\/i0.wp.com\/www.manquepierda.com\/historiarealbetis\/files\/2018\/12\/31-1933-Barcelona-5-Betis-1.jpg?ssl=1\"><img data-recalc-dims=\"1\" loading=\"lazy\" decoding=\"async\" class=\"aligncenter size-medium wp-image-67073\" src=\"https:\/\/i0.wp.com\/www.manquepierda.com\/historiarealbetis\/files\/2018\/12\/31-1933-Barcelona-5-Betis-1.jpg?resize=680%2C391&#038;ssl=1\" alt=\"\" width=\"680\" height=\"391\" srcset=\"https:\/\/i0.wp.com\/www.manquepierda.com\/historiarealbetis\/files\/2018\/12\/31-1933-Barcelona-5-Betis-1.jpg?resize=680%2C391&amp;ssl=1 680w, https:\/\/i0.wp.com\/www.manquepierda.com\/historiarealbetis\/files\/2018\/12\/31-1933-Barcelona-5-Betis-1.jpg?resize=220%2C126&amp;ssl=1 220w, https:\/\/i0.wp.com\/www.manquepierda.com\/historiarealbetis\/files\/2018\/12\/31-1933-Barcelona-5-Betis-1.jpg?resize=768%2C441&amp;ssl=1 768w, https:\/\/i0.wp.com\/www.manquepierda.com\/historiarealbetis\/files\/2018\/12\/31-1933-Barcelona-5-Betis-1.jpg?resize=400%2C230&amp;ssl=1 400w, https:\/\/i0.wp.com\/www.manquepierda.com\/historiarealbetis\/files\/2018\/12\/31-1933-Barcelona-5-Betis-1.jpg?w=827&amp;ssl=1 827w\" sizes=\"auto, (max-width: 680px) 100vw, 680px\" \/><\/a><\/p>\n<p><span style=\"color: #008000\">El 31 de diciembre de 1933 el Betis cae derrotado 5-1 en el campo de Las Corts frente al FC Barcelona en partido de la jornada 9 del Campeonato de Liga de Primera Divisi\u00f3n.<\/span><\/p>\n<p><span style=\"color: #008000\">Ram\u00f3n, Vantolr\u00e1, Goiguru, Morera y de nuevo Goiburu marcaron para los azulgranas, mientras que Unamuno hizo el tanto del honor para lo verdiblancos.<\/span><\/p>\n<p><span style=\"color: #008000\">El FC Barcelona, entrenado por&nbsp; Richard Kohn, aline\u00f3 a Nogu\u00e9s; Zabalo, Alcoriza; Santos, Guzm\u00e1n, Arnau; Vantolr\u00e1, Goiburu, Morera, Padr\u00f3n y Ram\u00f3n.<\/span><\/p>\n<p><span style=\"color: #008000\">El Betis, dirigido por Patrick O\u00b4Connell, form\u00f3 con Urquiaga; Areso, Aedo; Peral, Larrinoa, Adolfito; Timimi, Lecue, Unamuni, Heredia y Manol\u00edn.&nbsp;&nbsp;<\/span><\/p>\n","protected":false},"excerpt":{"rendered":"<p>El 31 de diciembre de 1933 el Betis cae derrotado 5-1 en el campo de Las Corts frente al FC Barcelona en partido de la jornada 9 del Campeonato de Liga de Primera Divisi\u00f3n. Ram\u00f3n, Vantolr\u00e1, Goiguru, Morera y de nuevo Goiburu marcaron para los azulgranas, mientras que Unamuno hizo el tanto del honor para&#8230;<\/p>\n","protected":false},"author":5,"featured_media":67073,"comment_status":"open","ping_status":"open","sticky":false,"template":"","format":"standard","meta":{"_kad_post_transparent":"","_kad_post_title":"","_kad_post_layout":"","_kad_post_sidebar_id":"","_kad_post_content_style":"","_kad_post_vertical_padding":"","_kad_post_feature":"","_kad_post_feature_position":"","_kad_post_header":false,"_kad_post_footer":false,"_kad_post_classname":"","_jetpack_memberships_contains_paid_content":false,"footnotes":"","jetpack_publicize_message":"","jetpack_publicize_feature_enabled":true,"jetpack_social_post_already_shared":true,"jetpack_social_options":{"image_generator_settings":{"template":"highway","default_image_id":0,"font":"","enabled":false},"version":2}},"categories":[899,14583,1],"tags":[1537,1154],"class_list":["post-67072","post","type-post","status-publish","format-standard","has-post-thumbnail","hentry","category-1930-1939","category-efemerides","category-portada","tag-1537","tag-fc-barcelona"],"jetpack_publicize_connections":[],"jetpack_featured_media_url":"https:\/\/i0.wp.com\/www.manquepierda.com\/historiarealbetis\/files\/2018\/12\/31-1933-Barcelona-5-Betis-1.jpg?fit=827%2C475&ssl=1","jetpack_sharing_enabled":true,"jetpack_shortlink":"https:\/\/wp.me\/p1ij08-hrO","jetpack-related-posts":[],"_links":{"self":[{"href":"https:\/\/www.manquepierda.com\/historiarealbetis\/wp-json\/wp\/v2\/posts\/67072","targetHints":{"allow":["GET"]}}],"collection":[{"href":"https:\/\/www.manquepierda.com\/historiarealbetis\/wp-json\/wp\/v2\/posts"}],"about":[{"href":"https:\/\/www.manquepierda.com\/historiarealbetis\/wp-json\/wp\/v2\/types\/post"}],"author":[{"embeddable":true,"href":"https:\/\/www.manquepierda.com\/historiarealbetis\/wp-json\/wp\/v2\/users\/5"}],"replies":[{"embeddable":true,"href":"https:\/\/www.manquepierda.com\/historiarealbetis\/wp-json\/wp\/v2\/comments?post=67072"}],"version-history":[{"count":1,"href":"https:\/\/www.manquepierda.com\/historiarealbetis\/wp-json\/wp\/v2\/posts\/67072\/revisions"}],"predecessor-version":[{"id":82025,"href":"https:\/\/www.manquepierda.com\/historiarealbetis\/wp-json\/wp\/v2\/posts\/67072\/revisions\/82025"}],"wp:featuredmedia":[{"embeddable":true,"href":"https:\/\/www.manquepierda.com\/historiarealbetis\/wp-json\/wp\/v2\/media\/67073"}],"wp:attachment":[{"href":"https:\/\/www.manquepierda.com\/historiarealbetis\/wp-json\/wp\/v2\/media?parent=67072"}],"wp:term":[{"taxonomy":"category","embeddable":true,"href":"https:\/\/www.manquepierda.com\/historiarealbetis\/wp-json\/wp\/v2\/categories?post=67072"},{"taxonomy":"post_tag","embeddable":true,"href":"https:\/\/www.manquepierda.com\/historiarealbetis\/wp-json\/wp\/v2\/tags?post=67072"}],"curies":[{"name":"wp","href":"https:\/\/api.w.org\/{rel}","templated":true}]}}