{"id":67148,"date":"2024-01-03T11:00:00","date_gmt":"2024-01-03T10:00:00","guid":{"rendered":"http:\/\/www.manquepierda.com\/historiarealbetis\/?p=67148"},"modified":"2023-12-19T19:42:16","modified_gmt":"2023-12-19T18:42:16","slug":"hoy-hace-100-anos-8","status":"publish","type":"post","link":"https:\/\/www.manquepierda.com\/historiarealbetis\/hoy-hace-100-anos-8\/","title":{"rendered":"Hoy hace 105 a\u00f1os. Nace Guillermo Coll."},"content":{"rendered":"<p><a href=\"https:\/\/i0.wp.com\/www.manquepierda.com\/historiarealbetis\/files\/2018\/12\/3-1919-Nace-Coll.jpg?ssl=1\"><img data-recalc-dims=\"1\" loading=\"lazy\" decoding=\"async\" class=\"aligncenter size-full wp-image-67149\" src=\"https:\/\/i0.wp.com\/www.manquepierda.com\/historiarealbetis\/files\/2018\/12\/3-1919-Nace-Coll.jpg?resize=290%2C389&#038;ssl=1\" alt=\"\" width=\"290\" height=\"389\" srcset=\"https:\/\/i0.wp.com\/www.manquepierda.com\/historiarealbetis\/files\/2018\/12\/3-1919-Nace-Coll.jpg?w=290&amp;ssl=1 290w, https:\/\/i0.wp.com\/www.manquepierda.com\/historiarealbetis\/files\/2018\/12\/3-1919-Nace-Coll.jpg?resize=164%2C220&amp;ssl=1 164w\" sizes=\"auto, (max-width: 290px) 100vw, 290px\" \/><\/a><\/p>\n<p><span style=\"color: #008000\">El 3 de enero de 1919 nace en Inca (Baleares) Guillermo Coll Munar, quien fuera jugador del Real Betis Balompi\u00e9 entre los a\u00f1os 1939 y 1950.<\/span><\/p>\n<p><span style=\"color: #008000\">Coll fue un estupendo centrocampista que rindi\u00f3 a gran nivel en sus 11 temporadas en el Betis. Es adem\u00e1s uno de los seis futbolistas que jug\u00f3 con el Betis en Primera, Segunda y Tercera Divisi\u00f3n.<\/span><\/p>\n<p><span style=\"color: #008000\">Para saber m\u00e1s de su trayectoria ver <a href=\"https:\/\/www.manquepierda.com\/historiarealbetis\/guillermo-coll\/\"><strong>aqu\u00ed.<\/strong><\/a><\/span><\/p>\n","protected":false},"excerpt":{"rendered":"<p>El 3 de enero de 1919 nace en Inca (Baleares) Guillermo Coll Munar, quien fuera jugador del Real Betis Balompi\u00e9 entre los a\u00f1os 1939 y 1950. Coll fue un estupendo centrocampista que rindi\u00f3 a gran nivel en sus 11 temporadas en el Betis. Es adem\u00e1s uno de los seis futbolistas que jug\u00f3 con el Betis&#8230;<\/p>\n","protected":false},"author":5,"featured_media":67149,"comment_status":"open","ping_status":"open","sticky":false,"template":"","format":"standard","meta":{"_kad_post_transparent":"","_kad_post_title":"","_kad_post_layout":"","_kad_post_sidebar_id":"","_kad_post_content_style":"","_kad_post_vertical_padding":"","_kad_post_feature":"","_kad_post_feature_position":"","_kad_post_header":false,"_kad_post_footer":false,"_kad_post_classname":"","_jetpack_memberships_contains_paid_content":false,"footnotes":"","jetpack_publicize_message":"","jetpack_publicize_feature_enabled":true,"jetpack_social_post_already_shared":true,"jetpack_social_options":{"image_generator_settings":{"template":"highway","default_image_id":0,"font":"","enabled":false},"version":2}},"categories":[896,14583,1],"tags":[1932],"class_list":["post-67148","post","type-post","status-publish","format-standard","has-post-thumbnail","hentry","category-1908-1919","category-efemerides","category-portada","tag-guillermo-coll"],"jetpack_publicize_connections":[],"jetpack_featured_media_url":"https:\/\/i0.wp.com\/www.manquepierda.com\/historiarealbetis\/files\/2018\/12\/3-1919-Nace-Coll.jpg?fit=290%2C389&ssl=1","jetpack_sharing_enabled":true,"jetpack_shortlink":"https:\/\/wp.me\/p1ij08-ht2","jetpack-related-posts":[],"_links":{"self":[{"href":"https:\/\/www.manquepierda.com\/historiarealbetis\/wp-json\/wp\/v2\/posts\/67148","targetHints":{"allow":["GET"]}}],"collection":[{"href":"https:\/\/www.manquepierda.com\/historiarealbetis\/wp-json\/wp\/v2\/posts"}],"about":[{"href":"https:\/\/www.manquepierda.com\/historiarealbetis\/wp-json\/wp\/v2\/types\/post"}],"author":[{"embeddable":true,"href":"https:\/\/www.manquepierda.com\/historiarealbetis\/wp-json\/wp\/v2\/users\/5"}],"replies":[{"embeddable":true,"href":"https:\/\/www.manquepierda.com\/historiarealbetis\/wp-json\/wp\/v2\/comments?post=67148"}],"version-history":[{"count":1,"href":"https:\/\/www.manquepierda.com\/historiarealbetis\/wp-json\/wp\/v2\/posts\/67148\/revisions"}],"predecessor-version":[{"id":92113,"href":"https:\/\/www.manquepierda.com\/historiarealbetis\/wp-json\/wp\/v2\/posts\/67148\/revisions\/92113"}],"wp:featuredmedia":[{"embeddable":true,"href":"https:\/\/www.manquepierda.com\/historiarealbetis\/wp-json\/wp\/v2\/media\/67149"}],"wp:attachment":[{"href":"https:\/\/www.manquepierda.com\/historiarealbetis\/wp-json\/wp\/v2\/media?parent=67148"}],"wp:term":[{"taxonomy":"category","embeddable":true,"href":"https:\/\/www.manquepierda.com\/historiarealbetis\/wp-json\/wp\/v2\/categories?post=67148"},{"taxonomy":"post_tag","embeddable":true,"href":"https:\/\/www.manquepierda.com\/historiarealbetis\/wp-json\/wp\/v2\/tags?post=67148"}],"curies":[{"name":"wp","href":"https:\/\/api.w.org\/{rel}","templated":true}]}}