{"id":67154,"date":"2021-01-07T10:30:36","date_gmt":"2021-01-07T09:30:36","guid":{"rendered":"http:\/\/www.manquepierda.com\/historiarealbetis\/?p=67154"},"modified":"2021-06-19T10:53:51","modified_gmt":"2021-06-19T08:53:51","slug":"hoy-hace-80-anos-5","status":"publish","type":"post","link":"https:\/\/www.manquepierda.com\/historiarealbetis\/hoy-hace-80-anos-5\/","title":{"rendered":"Hoy hace 82 a\u00f1os. Nace Fernando Gir\u00f3n ."},"content":{"rendered":"<p><a href=\"https:\/\/i0.wp.com\/www.manquepierda.com\/historiarealbetis\/files\/2018\/12\/7-1939-Nace-Gir%C3%B3n.jpg?ssl=1\"><img data-recalc-dims=\"1\" loading=\"lazy\" decoding=\"async\" class=\"aligncenter size-full wp-image-67155\" src=\"https:\/\/i0.wp.com\/www.manquepierda.com\/historiarealbetis\/files\/2018\/12\/7-1939-Nace-Gir%C3%B3n.jpg?resize=334%2C574&#038;ssl=1\" alt=\"\" width=\"334\" height=\"574\" srcset=\"https:\/\/i0.wp.com\/www.manquepierda.com\/historiarealbetis\/files\/2018\/12\/7-1939-Nace-Gir%C3%B3n.jpg?w=334&amp;ssl=1 334w, https:\/\/i0.wp.com\/www.manquepierda.com\/historiarealbetis\/files\/2018\/12\/7-1939-Nace-Gir%C3%B3n.jpg?resize=128%2C220&amp;ssl=1 128w\" sizes=\"auto, (max-width: 334px) 100vw, 334px\" \/><\/a><\/p>\n<p><span style=\"color: #008000\">El 7 de enero de 1939 nace en San Marcial del Vino (Zamora) Fernando Gir\u00f3n De la Fuente, quien fuera jugador del Real Betis Balompi\u00e9 entre los a\u00f1os 1965 y 1968.<\/span><\/p>\n<p><span style=\"color: #008000\">Un extremo derecho que lleg\u00f3 procedente del Real Oviedo y en el que se ten\u00edan puestas muchas esperanzas pero que padeci\u00f3 diversas lesiones que terminaron por retirarlo de los terrenos de juego.&nbsp;<\/span><\/p>\n","protected":false},"excerpt":{"rendered":"<p>El 7 de enero de 1939 nace en San Marcial del Vino (Zamora) Fernando Gir\u00f3n De la Fuente, quien fuera jugador del Real Betis Balompi\u00e9 entre los a\u00f1os 1965 y 1968. Un extremo derecho que lleg\u00f3 procedente del Real Oviedo y en el que se ten\u00edan puestas muchas esperanzas pero que padeci\u00f3 diversas lesiones que&#8230;<\/p>\n","protected":false},"author":5,"featured_media":67155,"comment_status":"open","ping_status":"open","sticky":false,"template":"","format":"standard","meta":{"_kad_post_transparent":"","_kad_post_title":"","_kad_post_layout":"","_kad_post_sidebar_id":"","_kad_post_content_style":"","_kad_post_vertical_padding":"","_kad_post_feature":"","_kad_post_feature_position":"","_kad_post_header":false,"_kad_post_footer":false,"_kad_post_classname":"","_jetpack_memberships_contains_paid_content":false,"footnotes":"","jetpack_publicize_message":"","jetpack_publicize_feature_enabled":true,"jetpack_social_post_already_shared":true,"jetpack_social_options":{"image_generator_settings":{"template":"highway","default_image_id":0,"font":"","enabled":false},"version":2}},"categories":[899,14583,1],"tags":[10922],"class_list":["post-67154","post","type-post","status-publish","format-standard","has-post-thumbnail","hentry","category-1930-1939","category-efemerides","category-portada","tag-fernando-giron"],"jetpack_publicize_connections":[],"jetpack_featured_media_url":"https:\/\/i0.wp.com\/www.manquepierda.com\/historiarealbetis\/files\/2018\/12\/7-1939-Nace-Gir%C3%B3n.jpg?fit=334%2C574&ssl=1","jetpack_sharing_enabled":true,"jetpack_shortlink":"https:\/\/wp.me\/p1ij08-ht8","jetpack-related-posts":[],"_links":{"self":[{"href":"https:\/\/www.manquepierda.com\/historiarealbetis\/wp-json\/wp\/v2\/posts\/67154","targetHints":{"allow":["GET"]}}],"collection":[{"href":"https:\/\/www.manquepierda.com\/historiarealbetis\/wp-json\/wp\/v2\/posts"}],"about":[{"href":"https:\/\/www.manquepierda.com\/historiarealbetis\/wp-json\/wp\/v2\/types\/post"}],"author":[{"embeddable":true,"href":"https:\/\/www.manquepierda.com\/historiarealbetis\/wp-json\/wp\/v2\/users\/5"}],"replies":[{"embeddable":true,"href":"https:\/\/www.manquepierda.com\/historiarealbetis\/wp-json\/wp\/v2\/comments?post=67154"}],"version-history":[{"count":0,"href":"https:\/\/www.manquepierda.com\/historiarealbetis\/wp-json\/wp\/v2\/posts\/67154\/revisions"}],"wp:featuredmedia":[{"embeddable":true,"href":"https:\/\/www.manquepierda.com\/historiarealbetis\/wp-json\/wp\/v2\/media\/67155"}],"wp:attachment":[{"href":"https:\/\/www.manquepierda.com\/historiarealbetis\/wp-json\/wp\/v2\/media?parent=67154"}],"wp:term":[{"taxonomy":"category","embeddable":true,"href":"https:\/\/www.manquepierda.com\/historiarealbetis\/wp-json\/wp\/v2\/categories?post=67154"},{"taxonomy":"post_tag","embeddable":true,"href":"https:\/\/www.manquepierda.com\/historiarealbetis\/wp-json\/wp\/v2\/tags?post=67154"}],"curies":[{"name":"wp","href":"https:\/\/api.w.org\/{rel}","templated":true}]}}