{"id":67181,"date":"2019-01-01T10:41:16","date_gmt":"2019-01-01T09:41:16","guid":{"rendered":"http:\/\/www.manquepierda.com\/historiarealbetis\/?p=67181"},"modified":"2024-09-06T18:20:07","modified_gmt":"2024-09-06T16:20:07","slug":"pretemporada-en-vilobi-1986","status":"publish","type":"post","link":"https:\/\/www.manquepierda.com\/historiarealbetis\/pretemporada-en-vilobi-1986\/","title":{"rendered":"Pretemporada en Vilob\u00ed 1986"},"content":{"rendered":"<p><a href=\"https:\/\/i0.wp.com\/www.manquepierda.com\/historiarealbetis\/files\/2018\/12\/Concentraci%C3%B3n-en-Vilob%C3%AD-1986.jpg?ssl=1\"><img data-recalc-dims=\"1\" loading=\"lazy\" decoding=\"async\" class=\"aligncenter size-medium wp-image-67182\" src=\"https:\/\/i0.wp.com\/www.manquepierda.com\/historiarealbetis\/files\/2018\/12\/Concentraci%C3%B3n-en-Vilob%C3%AD-1986.jpg?resize=680%2C485&#038;ssl=1\" alt=\"\" width=\"680\" height=\"485\" srcset=\"https:\/\/i0.wp.com\/www.manquepierda.com\/historiarealbetis\/files\/2018\/12\/Concentraci%C3%B3n-en-Vilob%C3%AD-1986.jpg?resize=680%2C485&amp;ssl=1 680w, https:\/\/i0.wp.com\/www.manquepierda.com\/historiarealbetis\/files\/2018\/12\/Concentraci%C3%B3n-en-Vilob%C3%AD-1986.jpg?resize=220%2C157&amp;ssl=1 220w, https:\/\/i0.wp.com\/www.manquepierda.com\/historiarealbetis\/files\/2018\/12\/Concentraci%C3%B3n-en-Vilob%C3%AD-1986.jpg?resize=768%2C548&amp;ssl=1 768w, https:\/\/i0.wp.com\/www.manquepierda.com\/historiarealbetis\/files\/2018\/12\/Concentraci%C3%B3n-en-Vilob%C3%AD-1986.jpg?resize=960%2C685&amp;ssl=1 960w, https:\/\/i0.wp.com\/www.manquepierda.com\/historiarealbetis\/files\/2018\/12\/Concentraci%C3%B3n-en-Vilob%C3%AD-1986.jpg?resize=75%2C52&amp;ssl=1 75w, https:\/\/i0.wp.com\/www.manquepierda.com\/historiarealbetis\/files\/2018\/12\/Concentraci%C3%B3n-en-Vilob%C3%AD-1986.jpg?w=1143&amp;ssl=1 1143w\" sizes=\"auto, (max-width: 680px) 100vw, 680px\" \/><\/a><\/p>\n<p>Desde el 22 de julio al 4 de agosto de 1986 la primera plantilla del Real Betis Balompi\u00e9 hizo la concentraci\u00f3n de pretemporada en la localidad catalana de Vilob\u00ed.<\/p>\n<p>Este destino fue muy com\u00fan en la primera mitad de la d\u00e9cada de los a\u00f1os 80 y era frecuente participar tambi\u00e9n en torneo veraniego que se jugaba en Vilob\u00ed, con la participaci\u00f3n del equipo local junto al Betis y otros equipos catalanes.<\/p>\n<p>En la imagen, tomada en el Campo Municipal de Vilob\u00ed aparecen los siguientes jugadores: en la fila de arriba Salva, Quico, Chano, Reyes, Hadzibegic, Pe\u00f1a y Cervantes; en la fila intermedia Ortega, Gabino, Romo, el entrenador Luis Del Sol, el preparador f\u00edsico Diego Soto, Calder\u00f3n, Pitero, Piriz y el masajista Vicente Montiel; en la fila de abajo Gail, Casado, Alex, Medina, Julio, Parra, Diego e Ito.<\/p>\n","protected":false},"excerpt":{"rendered":"<p>Desde el 22 de julio al 4 de agosto de 1986 la primera plantilla del Real Betis Balompi\u00e9 hizo la concentraci\u00f3n de pretemporada en la localidad catalana de Vilob\u00ed. Este destino fue muy com\u00fan en la primera mitad de la d\u00e9cada de los a\u00f1os 80 y era frecuente participar tambi\u00e9n en torneo veraniego que se&#8230;<\/p>\n","protected":false},"author":5,"featured_media":67182,"comment_status":"open","ping_status":"open","sticky":false,"template":"","format":"standard","meta":{"_kad_post_transparent":"","_kad_post_title":"","_kad_post_layout":"","_kad_post_sidebar_id":"","_kad_post_content_style":"","_kad_post_vertical_padding":"","_kad_post_feature":"","_kad_post_feature_position":"","_kad_post_header":false,"_kad_post_footer":false,"_kad_post_classname":"","_jetpack_memberships_contains_paid_content":false,"footnotes":"","jetpack_publicize_message":"","jetpack_publicize_feature_enabled":true,"jetpack_social_post_already_shared":true,"jetpack_social_options":{"image_generator_settings":{"template":"highway","default_image_id":0,"font":"","enabled":false},"version":2}},"categories":[904,1],"tags":[1611,3348,13196,1011,1422,1409,1144,1146,1476,1609,3777,1129,1588,13976,1430,1417,541,1366,1006,1425,1480,2114,1485,1475,1606,13195],"class_list":["post-67181","post","type-post","status-publish","format-standard","has-post-thumbnail","hentry","category-1980-1989","category-portada","tag-1611","tag-1986-87","tag-al-lal-mohand-alex","tag-andres-alonso-ito","tag-antolin-ortega","tag-antonio-casado","tag-antonio-delgado-pitero","tag-antonio-reyes","tag-diego-rodriguez","tag-diego-soto","tag-faruk-hadzibegic","tag-gabino-rodriguez","tag-joaquin-parra","tag-jose-eugenio-ruiz-quico","tag-jose-ramon-gonzalez-romo","tag-julio-garcia","tag-luis-del-sol","tag-luis-miguel-gail","tag-manuel-cervantes","tag-manuel-pena","tag-pedro-medina","tag-pedro-tomas-piriz","tag-salvador-navarro-salva","tag-sebastian-cruzado-chano","tag-vicente-montiel","tag-vilobi"],"jetpack_publicize_connections":[],"jetpack_featured_media_url":"https:\/\/i0.wp.com\/www.manquepierda.com\/historiarealbetis\/files\/2018\/12\/Concentraci%C3%B3n-en-Vilob%C3%AD-1986.jpg?fit=1143%2C816&ssl=1","jetpack_sharing_enabled":true,"jetpack_shortlink":"https:\/\/wp.me\/p1ij08-htz","jetpack-related-posts":[],"_links":{"self":[{"href":"https:\/\/www.manquepierda.com\/historiarealbetis\/wp-json\/wp\/v2\/posts\/67181","targetHints":{"allow":["GET"]}}],"collection":[{"href":"https:\/\/www.manquepierda.com\/historiarealbetis\/wp-json\/wp\/v2\/posts"}],"about":[{"href":"https:\/\/www.manquepierda.com\/historiarealbetis\/wp-json\/wp\/v2\/types\/post"}],"author":[{"embeddable":true,"href":"https:\/\/www.manquepierda.com\/historiarealbetis\/wp-json\/wp\/v2\/users\/5"}],"replies":[{"embeddable":true,"href":"https:\/\/www.manquepierda.com\/historiarealbetis\/wp-json\/wp\/v2\/comments?post=67181"}],"version-history":[{"count":1,"href":"https:\/\/www.manquepierda.com\/historiarealbetis\/wp-json\/wp\/v2\/posts\/67181\/revisions"}],"predecessor-version":[{"id":98675,"href":"https:\/\/www.manquepierda.com\/historiarealbetis\/wp-json\/wp\/v2\/posts\/67181\/revisions\/98675"}],"wp:featuredmedia":[{"embeddable":true,"href":"https:\/\/www.manquepierda.com\/historiarealbetis\/wp-json\/wp\/v2\/media\/67182"}],"wp:attachment":[{"href":"https:\/\/www.manquepierda.com\/historiarealbetis\/wp-json\/wp\/v2\/media?parent=67181"}],"wp:term":[{"taxonomy":"category","embeddable":true,"href":"https:\/\/www.manquepierda.com\/historiarealbetis\/wp-json\/wp\/v2\/categories?post=67181"},{"taxonomy":"post_tag","embeddable":true,"href":"https:\/\/www.manquepierda.com\/historiarealbetis\/wp-json\/wp\/v2\/tags?post=67181"}],"curies":[{"name":"wp","href":"https:\/\/api.w.org\/{rel}","templated":true}]}}