{"id":67249,"date":"2019-01-11T09:32:23","date_gmt":"2019-01-11T08:32:23","guid":{"rendered":"http:\/\/www.manquepierda.com\/historiarealbetis\/?p=67249"},"modified":"2024-08-30T23:42:54","modified_gmt":"2024-08-30T21:42:54","slug":"alineacion-betis-real-madrid-liga-1985","status":"publish","type":"post","link":"https:\/\/www.manquepierda.com\/historiarealbetis\/alineacion-betis-real-madrid-liga-1985\/","title":{"rendered":"Alineaci\u00f3n Real Betis-Real Madrid Liga 1985"},"content":{"rendered":"<p><a href=\"https:\/\/i0.wp.com\/www.manquepierda.com\/historiarealbetis\/files\/2019\/01\/Alineaci%C3%B3n-Betis-Real-Madrid-Liga-1985-2.jpg?ssl=1\"><img data-recalc-dims=\"1\" loading=\"lazy\" decoding=\"async\" class=\"aligncenter size-medium wp-image-67250\" src=\"https:\/\/i0.wp.com\/www.manquepierda.com\/historiarealbetis\/files\/2019\/01\/Alineaci%C3%B3n-Betis-Real-Madrid-Liga-1985-2.jpg?resize=680%2C480&#038;ssl=1\" alt=\"\" width=\"680\" height=\"480\" srcset=\"https:\/\/i0.wp.com\/www.manquepierda.com\/historiarealbetis\/files\/2019\/01\/Alineaci%C3%B3n-Betis-Real-Madrid-Liga-1985-2.jpg?resize=680%2C480&amp;ssl=1 680w, https:\/\/i0.wp.com\/www.manquepierda.com\/historiarealbetis\/files\/2019\/01\/Alineaci%C3%B3n-Betis-Real-Madrid-Liga-1985-2.jpg?resize=220%2C155&amp;ssl=1 220w, https:\/\/i0.wp.com\/www.manquepierda.com\/historiarealbetis\/files\/2019\/01\/Alineaci%C3%B3n-Betis-Real-Madrid-Liga-1985-2.jpg?resize=768%2C542&amp;ssl=1 768w, https:\/\/i0.wp.com\/www.manquepierda.com\/historiarealbetis\/files\/2019\/01\/Alineaci%C3%B3n-Betis-Real-Madrid-Liga-1985-2.jpg?resize=960%2C678&amp;ssl=1 960w, https:\/\/i0.wp.com\/www.manquepierda.com\/historiarealbetis\/files\/2019\/01\/Alineaci%C3%B3n-Betis-Real-Madrid-Liga-1985-2.jpg?resize=75%2C52&amp;ssl=1 75w, https:\/\/i0.wp.com\/www.manquepierda.com\/historiarealbetis\/files\/2019\/01\/Alineaci%C3%B3n-Betis-Real-Madrid-Liga-1985-2.jpg?w=1357&amp;ssl=1 1357w\" sizes=\"auto, (max-width: 680px) 100vw, 680px\" \/><\/a><\/p>\n<p>1 de septiembre de 1985 en el Villamar\u00edn Betis 2 Real Madrid 2: jornada 1 del Campeonato de Liga de Primera Divisi\u00f3n.<\/p>\n<p>En la imagen arriba Cervantes, Diego, Su\u00e1rez, Gordillo, Alex, Quico y Hadzibegic; abajo Ortega, Calder\u00f3n, Calleja, Rinc\u00f3n y Romo.<\/p>\n<p>Partido inaugural de la temporada marcado por el debut de Rafael Gordillo como jugador del Real Madrid y a quien sus ex compa\u00f1eros pidieron posara con el equipo b\u00e9tico en la imagen previa al partido.<\/p>\n<p>Calder\u00f3n adelant\u00f3 al Betis en el minuto 61, empatando Hugo S\u00e1nchez de penalty en el 71. Rinc\u00f3n pon\u00eda por delante a los b\u00e9ticos en el 80 y Valdano en el 87 hizo el 2-2 definitivo.<\/p>\n<p>Luis Carriega entrenaba al Betis y Luis Molowny al Real Madrid.<\/p>\n","protected":false},"excerpt":{"rendered":"<p>1 de septiembre de 1985 en el Villamar\u00edn Betis 2 Real Madrid 2: jornada 1 del Campeonato de Liga de Primera Divisi\u00f3n. En la imagen arriba Cervantes, Diego, Su\u00e1rez, Gordillo, Alex, Quico y Hadzibegic; abajo Ortega, Calder\u00f3n, Calleja, Rinc\u00f3n y Romo. Partido inaugural de la temporada marcado por el debut de Rafael Gordillo como jugador&#8230;<\/p>\n","protected":false},"author":5,"featured_media":67250,"comment_status":"open","ping_status":"open","sticky":false,"template":"","format":"standard","meta":{"_kad_post_transparent":"","_kad_post_title":"","_kad_post_layout":"","_kad_post_sidebar_id":"","_kad_post_content_style":"","_kad_post_vertical_padding":"","_kad_post_feature":"","_kad_post_feature_position":"","_kad_post_header":false,"_kad_post_footer":false,"_kad_post_classname":"","_jetpack_memberships_contains_paid_content":false,"footnotes":"","jetpack_publicize_message":"","jetpack_publicize_feature_enabled":true,"jetpack_social_post_already_shared":true,"jetpack_social_options":{"image_generator_settings":{"template":"highway","default_image_id":0,"font":"","enabled":false},"version":2}},"categories":[904,1],"tags":[1539,4272,13196,1422,1476,3777,16733,1428,4170,1085,13976,1430,17893,1006,1305,13362],"class_list":["post-67249","post","type-post","status-publish","format-standard","has-post-thumbnail","hentry","category-1980-1989","category-portada","tag-1539","tag-1985-86","tag-al-lal-mohand-alex","tag-antolin-ortega","tag-diego-rodriguez","tag-faruk-hadzibegic","tag-gabriel-humberto-calderon","tag-hipolito-rincon","tag-jose-calleja","tag-jose-carlos-suarez","tag-jose-eugenio-ruiz-quico","tag-jose-ramon-gonzalez-romo","tag-liga-primera-1985-86","tag-manuel-cervantes","tag-rafael-gordillo","tag-real-madrid-cf"],"jetpack_publicize_connections":[],"jetpack_featured_media_url":"https:\/\/i0.wp.com\/www.manquepierda.com\/historiarealbetis\/files\/2019\/01\/Alineaci%C3%B3n-Betis-Real-Madrid-Liga-1985-2.jpg?fit=1357%2C958&ssl=1","jetpack_sharing_enabled":true,"jetpack_shortlink":"https:\/\/wp.me\/p1ij08-huF","jetpack-related-posts":[],"_links":{"self":[{"href":"https:\/\/www.manquepierda.com\/historiarealbetis\/wp-json\/wp\/v2\/posts\/67249","targetHints":{"allow":["GET"]}}],"collection":[{"href":"https:\/\/www.manquepierda.com\/historiarealbetis\/wp-json\/wp\/v2\/posts"}],"about":[{"href":"https:\/\/www.manquepierda.com\/historiarealbetis\/wp-json\/wp\/v2\/types\/post"}],"author":[{"embeddable":true,"href":"https:\/\/www.manquepierda.com\/historiarealbetis\/wp-json\/wp\/v2\/users\/5"}],"replies":[{"embeddable":true,"href":"https:\/\/www.manquepierda.com\/historiarealbetis\/wp-json\/wp\/v2\/comments?post=67249"}],"version-history":[{"count":1,"href":"https:\/\/www.manquepierda.com\/historiarealbetis\/wp-json\/wp\/v2\/posts\/67249\/revisions"}],"predecessor-version":[{"id":97587,"href":"https:\/\/www.manquepierda.com\/historiarealbetis\/wp-json\/wp\/v2\/posts\/67249\/revisions\/97587"}],"wp:featuredmedia":[{"embeddable":true,"href":"https:\/\/www.manquepierda.com\/historiarealbetis\/wp-json\/wp\/v2\/media\/67250"}],"wp:attachment":[{"href":"https:\/\/www.manquepierda.com\/historiarealbetis\/wp-json\/wp\/v2\/media?parent=67249"}],"wp:term":[{"taxonomy":"category","embeddable":true,"href":"https:\/\/www.manquepierda.com\/historiarealbetis\/wp-json\/wp\/v2\/categories?post=67249"},{"taxonomy":"post_tag","embeddable":true,"href":"https:\/\/www.manquepierda.com\/historiarealbetis\/wp-json\/wp\/v2\/tags?post=67249"}],"curies":[{"name":"wp","href":"https:\/\/api.w.org\/{rel}","templated":true}]}}