{"id":67301,"date":"2019-01-17T09:28:26","date_gmt":"2019-01-17T08:28:26","guid":{"rendered":"http:\/\/www.manquepierda.com\/historiarealbetis\/?p=67301"},"modified":"2024-08-09T15:34:07","modified_gmt":"2024-08-09T13:34:07","slug":"real-sociedad-betis-copa-1998","status":"publish","type":"post","link":"https:\/\/www.manquepierda.com\/historiarealbetis\/real-sociedad-betis-copa-1998\/","title":{"rendered":"Real Sociedad-Betis Copa 1998"},"content":{"rendered":"<p><a href=\"https:\/\/i0.wp.com\/www.manquepierda.com\/historiarealbetis\/files\/2019\/01\/Real-Sociedad-Betis-Copa-1998-Marca-15-01-1998.jpg?ssl=1\"><img data-recalc-dims=\"1\" loading=\"lazy\" decoding=\"async\" class=\"aligncenter size-medium wp-image-67302\" src=\"https:\/\/i0.wp.com\/www.manquepierda.com\/historiarealbetis\/files\/2019\/01\/Real-Sociedad-Betis-Copa-1998-Marca-15-01-1998.jpg?resize=595%2C600&#038;ssl=1\" alt=\"\" width=\"595\" height=\"600\" srcset=\"https:\/\/i0.wp.com\/www.manquepierda.com\/historiarealbetis\/files\/2019\/01\/Real-Sociedad-Betis-Copa-1998-Marca-15-01-1998.jpg?resize=595%2C600&amp;ssl=1 595w, https:\/\/i0.wp.com\/www.manquepierda.com\/historiarealbetis\/files\/2019\/01\/Real-Sociedad-Betis-Copa-1998-Marca-15-01-1998.jpg?resize=218%2C220&amp;ssl=1 218w, https:\/\/i0.wp.com\/www.manquepierda.com\/historiarealbetis\/files\/2019\/01\/Real-Sociedad-Betis-Copa-1998-Marca-15-01-1998.jpg?resize=150%2C150&amp;ssl=1 150w, https:\/\/i0.wp.com\/www.manquepierda.com\/historiarealbetis\/files\/2019\/01\/Real-Sociedad-Betis-Copa-1998-Marca-15-01-1998.jpg?w=651&amp;ssl=1 651w\" sizes=\"auto, (max-width: 595px) 100vw, 595px\" \/><\/a><\/p>\n<p>14 de enero de 1998 en Anoeta Real Sociedad 0 Betis 2; partido de ida de los octavos de final de la Copa.<\/p>\n<p>En la imagen el jugador b\u00e9tico Finidi George controla un bal\u00f3n ante los jugadores realistas Aitor L\u00f3pez Rekarte y Mutiu Adepoju.<\/p>\n<p>Fue precisamente Finidi el autor del primer tanto verdiblanco en el minuto 31, mientras que Iv\u00e1n P\u00e9rez hizo el segundo en el 91.<\/p>\n<p>Bernd Krauss entrenaba a la Real Sociedad y Luis Aragon\u00e9s al Betis.<\/p>\n<p>&nbsp;<\/p>\n<p>&nbsp;<\/p>\n","protected":false},"excerpt":{"rendered":"<p>14 de enero de 1998 en Anoeta Real Sociedad 0 Betis 2; partido de ida de los octavos de final de la Copa. En la imagen el jugador b\u00e9tico Finidi George controla un bal\u00f3n ante los jugadores realistas Aitor L\u00f3pez Rekarte y Mutiu Adepoju. Fue precisamente Finidi el autor del primer tanto verdiblanco en el&#8230;<\/p>\n","protected":false},"author":5,"featured_media":67302,"comment_status":"open","ping_status":"open","sticky":false,"template":"","format":"standard","meta":{"_kad_post_transparent":"","_kad_post_title":"","_kad_post_layout":"","_kad_post_sidebar_id":"","_kad_post_content_style":"","_kad_post_vertical_padding":"","_kad_post_feature":"","_kad_post_feature_position":"","_kad_post_header":false,"_kad_post_footer":false,"_kad_post_classname":"","_jetpack_memberships_contains_paid_content":false,"footnotes":"","jetpack_publicize_message":"","jetpack_publicize_feature_enabled":true,"jetpack_social_post_already_shared":true,"jetpack_social_options":{"image_generator_settings":{"template":"highway","default_image_id":0,"font":"","enabled":false},"version":2}},"categories":[905,1],"tags":[4389,2413,17814,381,15912],"class_list":["post-67301","post","type-post","status-publish","format-standard","has-post-thumbnail","hentry","category-1990-1999","category-portada","tag-1997-98","tag-2413","tag-copa-1997-98","tag-finidi-george","tag-real-sociedad-de-futbol"],"jetpack_publicize_connections":[],"jetpack_featured_media_url":"https:\/\/i0.wp.com\/www.manquepierda.com\/historiarealbetis\/files\/2019\/01\/Real-Sociedad-Betis-Copa-1998-Marca-15-01-1998.jpg?fit=651%2C656&ssl=1","jetpack_sharing_enabled":true,"jetpack_shortlink":"https:\/\/wp.me\/p1ij08-hvv","jetpack-related-posts":[],"_links":{"self":[{"href":"https:\/\/www.manquepierda.com\/historiarealbetis\/wp-json\/wp\/v2\/posts\/67301","targetHints":{"allow":["GET"]}}],"collection":[{"href":"https:\/\/www.manquepierda.com\/historiarealbetis\/wp-json\/wp\/v2\/posts"}],"about":[{"href":"https:\/\/www.manquepierda.com\/historiarealbetis\/wp-json\/wp\/v2\/types\/post"}],"author":[{"embeddable":true,"href":"https:\/\/www.manquepierda.com\/historiarealbetis\/wp-json\/wp\/v2\/users\/5"}],"replies":[{"embeddable":true,"href":"https:\/\/www.manquepierda.com\/historiarealbetis\/wp-json\/wp\/v2\/comments?post=67301"}],"version-history":[{"count":1,"href":"https:\/\/www.manquepierda.com\/historiarealbetis\/wp-json\/wp\/v2\/posts\/67301\/revisions"}],"predecessor-version":[{"id":95745,"href":"https:\/\/www.manquepierda.com\/historiarealbetis\/wp-json\/wp\/v2\/posts\/67301\/revisions\/95745"}],"wp:featuredmedia":[{"embeddable":true,"href":"https:\/\/www.manquepierda.com\/historiarealbetis\/wp-json\/wp\/v2\/media\/67302"}],"wp:attachment":[{"href":"https:\/\/www.manquepierda.com\/historiarealbetis\/wp-json\/wp\/v2\/media?parent=67301"}],"wp:term":[{"taxonomy":"category","embeddable":true,"href":"https:\/\/www.manquepierda.com\/historiarealbetis\/wp-json\/wp\/v2\/categories?post=67301"},{"taxonomy":"post_tag","embeddable":true,"href":"https:\/\/www.manquepierda.com\/historiarealbetis\/wp-json\/wp\/v2\/tags?post=67301"}],"curies":[{"name":"wp","href":"https:\/\/api.w.org\/{rel}","templated":true}]}}