{"id":67318,"date":"2019-01-18T09:52:33","date_gmt":"2019-01-18T08:52:33","guid":{"rendered":"http:\/\/www.manquepierda.com\/historiarealbetis\/?p=67318"},"modified":"2024-08-25T17:42:57","modified_gmt":"2024-08-25T15:42:57","slug":"alineacion-betis-girona-liga-2015","status":"publish","type":"post","link":"https:\/\/www.manquepierda.com\/historiarealbetis\/alineacion-betis-girona-liga-2015\/","title":{"rendered":"Alineaci\u00f3n Betis-Girona Liga 2015"},"content":{"rendered":"<p><a href=\"https:\/\/i0.wp.com\/www.manquepierda.com\/historiarealbetis\/files\/2019\/01\/Alineaci%C3%B3n-Betis-Girona-Liga-2015.jpg?ssl=1\"><img data-recalc-dims=\"1\" loading=\"lazy\" decoding=\"async\" class=\"aligncenter size-medium wp-image-67319\" src=\"https:\/\/i0.wp.com\/www.manquepierda.com\/historiarealbetis\/files\/2019\/01\/Alineaci%C3%B3n-Betis-Girona-Liga-2015.jpg?resize=680%2C369&#038;ssl=1\" alt=\"\" width=\"680\" height=\"369\" srcset=\"https:\/\/i0.wp.com\/www.manquepierda.com\/historiarealbetis\/files\/2019\/01\/Alineaci%C3%B3n-Betis-Girona-Liga-2015.jpg?resize=680%2C369&amp;ssl=1 680w, https:\/\/i0.wp.com\/www.manquepierda.com\/historiarealbetis\/files\/2019\/01\/Alineaci%C3%B3n-Betis-Girona-Liga-2015.jpg?resize=220%2C119&amp;ssl=1 220w, https:\/\/i0.wp.com\/www.manquepierda.com\/historiarealbetis\/files\/2019\/01\/Alineaci%C3%B3n-Betis-Girona-Liga-2015.jpg?w=700&amp;ssl=1 700w\" sizes=\"auto, (max-width: 680px) 100vw, 680px\" \/><\/a><\/p>\n<p>21 de febrero de 2015 en el Benito Villamar\u00edn Betis 2 Girona 1; jornada 26 del Campeonato de Liga de Segunda Divisi\u00f3n.<\/p>\n<p>En la imagen arriba Jorge Molina, Ndiaye, Figueras, Rodas y Ad\u00e1n; abajo Ceballos, Portillo, Rub\u00e9n Castro, Reyes, Varela y Molinero.<\/p>\n<p>Jorge Molina en el 61 y Ceballos en el 87 hicieron los tantos b\u00e9ticos, acortando distancias Granell en el 91.<\/p>\n<p>Pepe Mel entrenaba al Betis y Pablo Mach\u00edn al Girona.<\/p>\n","protected":false},"excerpt":{"rendered":"<p>21 de febrero de 2015 en el Benito Villamar\u00edn Betis 2 Girona 1; jornada 26 del Campeonato de Liga de Segunda Divisi\u00f3n. En la imagen arriba Jorge Molina, Ndiaye, Figueras, Rodas y Ad\u00e1n; abajo Ceballos, Portillo, Rub\u00e9n Castro, Reyes, Varela y Molinero. Jorge Molina en el 61 y Ceballos en el 87 hicieron los tantos&#8230;<\/p>\n","protected":false},"author":5,"featured_media":67319,"comment_status":"open","ping_status":"open","sticky":false,"template":"","format":"standard","meta":{"_kad_post_transparent":"","_kad_post_title":"","_kad_post_layout":"","_kad_post_sidebar_id":"","_kad_post_content_style":"","_kad_post_vertical_padding":"","_kad_post_feature":"","_kad_post_feature_position":"","_kad_post_header":false,"_kad_post_footer":false,"_kad_post_classname":"","_jetpack_memberships_contains_paid_content":false,"footnotes":"","jetpack_publicize_message":"","jetpack_publicize_feature_enabled":true,"jetpack_social_post_already_shared":true,"jetpack_social_options":{"image_generator_settings":{"template":"highway","default_image_id":0,"font":"","enabled":false},"version":2}},"categories":[15447,1],"tags":[16753,15446,15179,12732,16420,11700,16865,4041,16551,12973,9325,474,18057,16755,748],"class_list":["post-67318","post","type-post","status-publish","format-standard","has-post-thumbnail","hentry","category-2010-2019","category-portada","tag-2014-15","tag-15446","tag-alfred-ndiaye","tag-antonio-adan","tag-daniel-ceballos","tag-francisco-jose-molinero","tag-francisco-miguel-varela","tag-francisco-portillo","tag-girona-fc","tag-hector-rodas","tag-jordi-figueras","tag-jorge-molina","tag-liga-segunda-2014-15","tag-lolo-reyes","tag-ruben-castro"],"jetpack_publicize_connections":[],"jetpack_featured_media_url":"https:\/\/i0.wp.com\/www.manquepierda.com\/historiarealbetis\/files\/2019\/01\/Alineaci%C3%B3n-Betis-Girona-Liga-2015.jpg?fit=700%2C380&ssl=1","jetpack_sharing_enabled":true,"jetpack_shortlink":"https:\/\/wp.me\/p1ij08-hvM","jetpack-related-posts":[],"_links":{"self":[{"href":"https:\/\/www.manquepierda.com\/historiarealbetis\/wp-json\/wp\/v2\/posts\/67318","targetHints":{"allow":["GET"]}}],"collection":[{"href":"https:\/\/www.manquepierda.com\/historiarealbetis\/wp-json\/wp\/v2\/posts"}],"about":[{"href":"https:\/\/www.manquepierda.com\/historiarealbetis\/wp-json\/wp\/v2\/types\/post"}],"author":[{"embeddable":true,"href":"https:\/\/www.manquepierda.com\/historiarealbetis\/wp-json\/wp\/v2\/users\/5"}],"replies":[{"embeddable":true,"href":"https:\/\/www.manquepierda.com\/historiarealbetis\/wp-json\/wp\/v2\/comments?post=67318"}],"version-history":[{"count":1,"href":"https:\/\/www.manquepierda.com\/historiarealbetis\/wp-json\/wp\/v2\/posts\/67318\/revisions"}],"predecessor-version":[{"id":95952,"href":"https:\/\/www.manquepierda.com\/historiarealbetis\/wp-json\/wp\/v2\/posts\/67318\/revisions\/95952"}],"wp:featuredmedia":[{"embeddable":true,"href":"https:\/\/www.manquepierda.com\/historiarealbetis\/wp-json\/wp\/v2\/media\/67319"}],"wp:attachment":[{"href":"https:\/\/www.manquepierda.com\/historiarealbetis\/wp-json\/wp\/v2\/media?parent=67318"}],"wp:term":[{"taxonomy":"category","embeddable":true,"href":"https:\/\/www.manquepierda.com\/historiarealbetis\/wp-json\/wp\/v2\/categories?post=67318"},{"taxonomy":"post_tag","embeddable":true,"href":"https:\/\/www.manquepierda.com\/historiarealbetis\/wp-json\/wp\/v2\/tags?post=67318"}],"curies":[{"name":"wp","href":"https:\/\/api.w.org\/{rel}","templated":true}]}}