{"id":67354,"date":"2024-01-21T11:00:00","date_gmt":"2024-01-21T10:00:00","guid":{"rendered":"http:\/\/www.manquepierda.com\/historiarealbetis\/?p=67354"},"modified":"2023-12-19T20:05:06","modified_gmt":"2023-12-19T19:05:06","slug":"hoy-hace-35-anos-16","status":"publish","type":"post","link":"https:\/\/www.manquepierda.com\/historiarealbetis\/hoy-hace-35-anos-16\/","title":{"rendered":"Hoy hace 40 a\u00f1os. M\u00e1laga 1 Betis 1."},"content":{"rendered":"<p><a href=\"https:\/\/i0.wp.com\/www.manquepierda.com\/historiarealbetis\/files\/2019\/01\/21-1984-M%C3%A1laga-1-Betis-1.jpg?ssl=1\"><img data-recalc-dims=\"1\" loading=\"lazy\" decoding=\"async\" class=\"aligncenter size-full wp-image-67355\" src=\"https:\/\/i0.wp.com\/www.manquepierda.com\/historiarealbetis\/files\/2019\/01\/21-1984-M%C3%A1laga-1-Betis-1.jpg?resize=472%2C525&#038;ssl=1\" alt=\"\" width=\"472\" height=\"525\" srcset=\"https:\/\/i0.wp.com\/www.manquepierda.com\/historiarealbetis\/files\/2019\/01\/21-1984-M%C3%A1laga-1-Betis-1.jpg?w=472&amp;ssl=1 472w, https:\/\/i0.wp.com\/www.manquepierda.com\/historiarealbetis\/files\/2019\/01\/21-1984-M%C3%A1laga-1-Betis-1.jpg?resize=198%2C220&amp;ssl=1 198w\" sizes=\"auto, (max-width: 472px) 100vw, 472px\" \/><\/a><\/p>\n<p><span style=\"color: #008000\">El 21 de enero de&nbsp; 1984 M\u00e1laga y Betis empatan a 1 en La Rosaleda en partido de la jornada 20 del Campeonato de Liga de Primera Divisi\u00f3n.<\/span><\/p>\n<p><span style=\"color: #008000\">En el minuto inicial Jos\u00e9 Carlos Su\u00e1rez adelant\u00f3 al Betis, empatando Regendhart para los blanquiazules en el minuto 40.<\/span><\/p>\n<p><span style=\"color: #008000\">El M\u00e1laga, entrenado por Antonio Ben\u00edtez, aline\u00f3 a Fernando; Pop\u00f3, Regendhart, Brescia, Mu\u00f1oz P\u00e9rez; Canillas, Recio, Azuaga; Man\u00e9, Tot\u00f3 y Jos\u00e9.<\/span><\/p>\n<p><span style=\"color: #008000\">El Betis, dirigido por Pepe Alzate, form\u00f3 con Esnaola; Diego, Canito, Alez, Gordillo; Ortega, Parra, Carde\u00f1osa, Su\u00e1rez; Paco (63, Rinc\u00f3n) y Calder\u00f3n.<\/span><\/p>\n","protected":false},"excerpt":{"rendered":"<p>El 21 de enero de&nbsp; 1984 M\u00e1laga y Betis empatan a 1 en La Rosaleda en partido de la jornada 20 del Campeonato de Liga de Primera Divisi\u00f3n. En el minuto inicial Jos\u00e9 Carlos Su\u00e1rez adelant\u00f3 al Betis, empatando Regendhart para los blanquiazules en el minuto 40. El M\u00e1laga, entrenado por Antonio Ben\u00edtez, aline\u00f3 a&#8230;<\/p>\n","protected":false},"author":5,"featured_media":67355,"comment_status":"open","ping_status":"open","sticky":false,"template":"","format":"standard","meta":{"_kad_post_transparent":"","_kad_post_title":"","_kad_post_layout":"","_kad_post_sidebar_id":"","_kad_post_content_style":"","_kad_post_vertical_padding":"","_kad_post_feature":"","_kad_post_feature_position":"","_kad_post_header":false,"_kad_post_footer":false,"_kad_post_classname":"","_jetpack_memberships_contains_paid_content":false,"footnotes":"","jetpack_publicize_message":"","jetpack_publicize_feature_enabled":true,"jetpack_social_post_already_shared":true,"jetpack_social_options":{"image_generator_settings":{"template":"highway","default_image_id":0,"font":"","enabled":false},"version":2}},"categories":[904,14583,1],"tags":[3115,1497],"class_list":["post-67354","post","type-post","status-publish","format-standard","has-post-thumbnail","hentry","category-1980-1989","category-efemerides","category-portada","tag-3115","tag-cd-malaga"],"jetpack_publicize_connections":[],"jetpack_featured_media_url":"https:\/\/i0.wp.com\/www.manquepierda.com\/historiarealbetis\/files\/2019\/01\/21-1984-M%C3%A1laga-1-Betis-1.jpg?fit=472%2C525&ssl=1","jetpack_sharing_enabled":true,"jetpack_shortlink":"https:\/\/wp.me\/p1ij08-hwm","jetpack-related-posts":[],"_links":{"self":[{"href":"https:\/\/www.manquepierda.com\/historiarealbetis\/wp-json\/wp\/v2\/posts\/67354","targetHints":{"allow":["GET"]}}],"collection":[{"href":"https:\/\/www.manquepierda.com\/historiarealbetis\/wp-json\/wp\/v2\/posts"}],"about":[{"href":"https:\/\/www.manquepierda.com\/historiarealbetis\/wp-json\/wp\/v2\/types\/post"}],"author":[{"embeddable":true,"href":"https:\/\/www.manquepierda.com\/historiarealbetis\/wp-json\/wp\/v2\/users\/5"}],"replies":[{"embeddable":true,"href":"https:\/\/www.manquepierda.com\/historiarealbetis\/wp-json\/wp\/v2\/comments?post=67354"}],"version-history":[{"count":2,"href":"https:\/\/www.manquepierda.com\/historiarealbetis\/wp-json\/wp\/v2\/posts\/67354\/revisions"}],"predecessor-version":[{"id":92135,"href":"https:\/\/www.manquepierda.com\/historiarealbetis\/wp-json\/wp\/v2\/posts\/67354\/revisions\/92135"}],"wp:featuredmedia":[{"embeddable":true,"href":"https:\/\/www.manquepierda.com\/historiarealbetis\/wp-json\/wp\/v2\/media\/67355"}],"wp:attachment":[{"href":"https:\/\/www.manquepierda.com\/historiarealbetis\/wp-json\/wp\/v2\/media?parent=67354"}],"wp:term":[{"taxonomy":"category","embeddable":true,"href":"https:\/\/www.manquepierda.com\/historiarealbetis\/wp-json\/wp\/v2\/categories?post=67354"},{"taxonomy":"post_tag","embeddable":true,"href":"https:\/\/www.manquepierda.com\/historiarealbetis\/wp-json\/wp\/v2\/tags?post=67354"}],"curies":[{"name":"wp","href":"https:\/\/api.w.org\/{rel}","templated":true}]}}