{"id":67442,"date":"2019-01-25T18:07:00","date_gmt":"2019-01-25T17:07:00","guid":{"rendered":"http:\/\/www.manquepierda.com\/historiarealbetis\/?p=67442"},"modified":"2024-08-11T10:21:07","modified_gmt":"2024-08-11T08:21:07","slug":"1915-noviembre-14-amistoso-academia-infanteria-fbc-1-gol-vs-madrid-fbc-3-tantos","status":"publish","type":"post","link":"https:\/\/www.manquepierda.com\/historiarealbetis\/1915-noviembre-14-amistoso-academia-infanteria-fbc-1-gol-vs-madrid-fbc-3-tantos\/","title":{"rendered":"1915-Noviembre 14.-Amistoso.-Academia Infanter\u00eda FbC-1 gol vs. Madrid FbC-3 tantos."},"content":{"rendered":"<p style=\"text-align: left\">1915-Noviembre 14 .-Domingo 11&#8217;00 horas.-\u00abCampo Pol\u00edgono Tiro\u00bb.-Arbitr\u00f3 Julio Chulilla Gazol (MFbC).<\/p>\n<p><img data-recalc-dims=\"1\" loading=\"lazy\" decoding=\"async\" class=\"aligncenter size-thumbnail wp-image-67444\" src=\"https:\/\/i0.wp.com\/www.manquepierda.com\/historiarealbetis\/files\/2019\/01\/AMITO-1915-1916-e1548433637697-121x220.jpeg?resize=121%2C220&#038;ssl=1\" alt=\"\" width=\"121\" height=\"220\" srcset=\"https:\/\/i0.wp.com\/www.manquepierda.com\/historiarealbetis\/files\/2019\/01\/AMITO-1915-1916-e1548433637697.jpeg?resize=121%2C220&amp;ssl=1 121w, https:\/\/i0.wp.com\/www.manquepierda.com\/historiarealbetis\/files\/2019\/01\/AMITO-1915-1916-e1548433637697.jpeg?resize=329%2C600&amp;ssl=1 329w, https:\/\/i0.wp.com\/www.manquepierda.com\/historiarealbetis\/files\/2019\/01\/AMITO-1915-1916-e1548433637697.jpeg?resize=768%2C1399&amp;ssl=1 768w, https:\/\/i0.wp.com\/www.manquepierda.com\/historiarealbetis\/files\/2019\/01\/AMITO-1915-1916-e1548433637697.jpeg?resize=384%2C700&amp;ssl=1 384w, https:\/\/i0.wp.com\/www.manquepierda.com\/historiarealbetis\/files\/2019\/01\/AMITO-1915-1916-e1548433637697.jpeg?w=918&amp;ssl=1 918w\" sizes=\"auto, (max-width: 121px) 100vw, 121px\" \/><\/p>\n<p style=\"text-align: center\"><em><strong>Primer Equipo \u00abAcademia Infanter\u00eda FbC\u00bb-1 gol.<\/strong><\/em><\/p>\n<p style=\"text-align: center\"><em><strong>1-Pedro ECHEVARR\u00cdA Esquivel (5\u00aa Secci\u00f3n N\u00ba 880)-3 encajados.<\/strong><\/em><\/p>\n<p><img data-recalc-dims=\"1\" loading=\"lazy\" decoding=\"async\" class=\"aligncenter size-thumbnail wp-image-67443\" src=\"https:\/\/i0.wp.com\/www.manquepierda.com\/historiarealbetis\/files\/2019\/01\/APV.jpg?resize=160%2C220&#038;ssl=1\" alt=\"\" width=\"160\" height=\"220\" srcset=\"https:\/\/i0.wp.com\/www.manquepierda.com\/historiarealbetis\/files\/2019\/01\/APV.jpg?resize=160%2C220&amp;ssl=1 160w, https:\/\/i0.wp.com\/www.manquepierda.com\/historiarealbetis\/files\/2019\/01\/APV.jpg?w=238&amp;ssl=1 238w\" sizes=\"auto, (max-width: 160px) 100vw, 160px\" \/><\/p>\n<p style=\"text-align: center\"><em><strong>2-Adolfo PRADA Vaquero (Capit\u00e1n Infanter\u00eda, benefactor f\u00fatbol en Toledo).<\/strong><\/em><\/p>\n<p style=\"text-align: center\"><em><strong>3-Francisco SUCHO Lassa (9\u00aa Secci\u00f3n N\u00ba 622).<\/strong><\/em><\/p>\n<p><em><strong>4-Ram\u00f3n GARRIDO Rivera (4\u00aa Secci\u00f3n N\u00ba 467).-5-Jos\u00e9 P\u00c1RAMO Godoy (10\u00aa Secci\u00f3n N\u00ba 315).-6-Jos\u00e9 BORROMEO Revilla (10\u00aa Secci\u00f3n N\u00ba 663).<\/strong><\/em><\/p>\n<p style=\"text-align: left\"><em><strong>7-Jos\u00e9 CASANOVA Miguel (7\u00aa Secci\u00f3n N\u00ba 220).-8-Jos\u00e9 LAZCANO Rengifo (2\u00aa Secci\u00f3n N\u00ba 58).-9-Francisco Rodr\u00edguez Gonz\u00e1lez (2\u00aa Secci\u00f3n N\u00ba 65).-10-VERGARA.-11-Domingo CORT\u00c9S Amor\u00f3s (3\u00aa Secci\u00f3n N\u00ba 81).<\/strong><\/em><\/p>\n<p style=\"text-align: center\"><strong>Vs.\u00a0<\/strong><\/p>\n<p style=\"text-align: center\"><img data-recalc-dims=\"1\" loading=\"lazy\" decoding=\"async\" class=\"aligncenter size-thumbnail wp-image-67446\" src=\"https:\/\/i0.wp.com\/www.manquepierda.com\/historiarealbetis\/files\/2019\/01\/MFbC.jpeg?resize=216%2C220&#038;ssl=1\" alt=\"\" width=\"216\" height=\"220\" srcset=\"https:\/\/i0.wp.com\/www.manquepierda.com\/historiarealbetis\/files\/2019\/01\/MFbC.jpeg?resize=216%2C220&amp;ssl=1 216w, https:\/\/i0.wp.com\/www.manquepierda.com\/historiarealbetis\/files\/2019\/01\/MFbC.jpeg?w=430&amp;ssl=1 430w\" sizes=\"auto, (max-width: 216px) 100vw, 216px\" \/><\/p>\n<p style=\"text-align: center\">Madrid FbC-3 tantos.<\/p>\n<p style=\"text-align: center\">1-Pablo LEMMEL Malo De Molina (1 gol encajado).<\/p>\n<p style=\"text-align: center\">2-Juan Antonio ERICE Castroviejo.-3-Jos\u00e9 Mar\u00eda IRURETA Abonz (2\u00ba tiempo: 1-2 propia puerta).<\/p>\n<p style=\"text-align: center\">4-Fernando MUGUIRO Pierrad.-5-Jos\u00e9 Mar\u00eda CASTELL Garc\u00eda.-6-Antonio SICILIA Mendo.<\/p>\n<p>7-Joaqu\u00edn RODR\u00cdGUEZ Eguinoa.<\/p>\n<p style=\"text-align: center\"><img data-recalc-dims=\"1\" loading=\"lazy\" decoding=\"async\" class=\"aligncenter size-thumbnail wp-image-67447\" src=\"https:\/\/i0.wp.com\/www.manquepierda.com\/historiarealbetis\/files\/2019\/01\/SBDY.jpg?resize=155%2C220&#038;ssl=1\" alt=\"\" width=\"155\" height=\"220\" srcset=\"https:\/\/i0.wp.com\/www.manquepierda.com\/historiarealbetis\/files\/2019\/01\/SBDY.jpg?resize=155%2C220&amp;ssl=1 155w, https:\/\/i0.wp.com\/www.manquepierda.com\/historiarealbetis\/files\/2019\/01\/SBDY.jpg?w=351&amp;ssl=1 351w\" sizes=\"auto, (max-width: 155px) 100vw, 155px\" \/><\/p>\n<p style=\"text-align: center\">8.-Santiago BERNAB\u00c9U De Yeste (Segundo tiempo: 0-2).<\/p>\n<p style=\"text-align: center\"><img data-recalc-dims=\"1\" loading=\"lazy\" decoding=\"async\" class=\"aligncenter size-thumbnail wp-image-67448\" src=\"https:\/\/i0.wp.com\/www.manquepierda.com\/historiarealbetis\/files\/2019\/01\/RPDO.jpg?resize=139%2C220&#038;ssl=1\" alt=\"\" width=\"139\" height=\"220\" srcset=\"https:\/\/i0.wp.com\/www.manquepierda.com\/historiarealbetis\/files\/2019\/01\/RPDO.jpg?resize=139%2C220&amp;ssl=1 139w, https:\/\/i0.wp.com\/www.manquepierda.com\/historiarealbetis\/files\/2019\/01\/RPDO.jpg?w=196&amp;ssl=1 196w\" sizes=\"auto, (max-width: 139px) 100vw, 139px\" \/><\/p>\n<p style=\"text-align: center\">9.-REN\u00c9 Petit De Ory (Segundo tiempo: 0-1 y 1-3).<\/p>\n<p>10-JUAN Petit De Ory.-11-Sotero ARANGUREN Labairu.<\/p>\n<p>&nbsp;<\/p>\n","protected":false},"excerpt":{"rendered":"<p>1915-Noviembre 14 .-Domingo 11&#8217;00 horas.-\u00abCampo Pol\u00edgono Tiro\u00bb.-Arbitr\u00f3 Julio Chulilla Gazol (MFbC). Primer Equipo \u00abAcademia Infanter\u00eda FbC\u00bb-1 gol. 1-Pedro ECHEVARR\u00cdA Esquivel (5\u00aa Secci\u00f3n N\u00ba 880)-3 encajados. 2-Adolfo PRADA Vaquero (Capit\u00e1n Infanter\u00eda, benefactor f\u00fatbol en Toledo). 3-Francisco SUCHO Lassa (9\u00aa Secci\u00f3n N\u00ba 622). 4-Ram\u00f3n GARRIDO Rivera (4\u00aa Secci\u00f3n N\u00ba 467).-5-Jos\u00e9 P\u00c1RAMO Godoy (10\u00aa Secci\u00f3n N\u00ba 315).-6-Jos\u00e9 BORROMEO&#8230;<\/p>\n","protected":false},"author":48,"featured_media":67444,"comment_status":"open","ping_status":"open","sticky":false,"template":"","format":"standard","meta":{"_kad_post_transparent":"","_kad_post_title":"","_kad_post_layout":"","_kad_post_sidebar_id":"","_kad_post_content_style":"","_kad_post_vertical_padding":"","_kad_post_feature":"","_kad_post_feature_position":"","_kad_post_header":false,"_kad_post_footer":false,"_kad_post_classname":"","_jetpack_memberships_contains_paid_content":false,"footnotes":"","jetpack_publicize_message":"","jetpack_publicize_feature_enabled":true,"jetpack_social_post_already_shared":true,"jetpack_social_options":{"image_generator_settings":{"template":"highway","default_image_id":0,"font":"","enabled":false},"version":2}},"categories":[896,1],"tags":[3411,16868],"class_list":["post-67442","post","type-post","status-publish","format-standard","has-post-thumbnail","hentry","category-1908-1919","category-portada","tag-3411","tag-campo-poligono-tiro-11-horas-toledo"],"jetpack_publicize_connections":[],"jetpack_featured_media_url":"https:\/\/i0.wp.com\/www.manquepierda.com\/historiarealbetis\/files\/2019\/01\/AMITO-1915-1916-e1548433637697.jpeg?fit=918%2C1672&ssl=1","jetpack_sharing_enabled":true,"jetpack_shortlink":"https:\/\/wp.me\/p1ij08-hxM","jetpack-related-posts":[],"_links":{"self":[{"href":"https:\/\/www.manquepierda.com\/historiarealbetis\/wp-json\/wp\/v2\/posts\/67442","targetHints":{"allow":["GET"]}}],"collection":[{"href":"https:\/\/www.manquepierda.com\/historiarealbetis\/wp-json\/wp\/v2\/posts"}],"about":[{"href":"https:\/\/www.manquepierda.com\/historiarealbetis\/wp-json\/wp\/v2\/types\/post"}],"author":[{"embeddable":true,"href":"https:\/\/www.manquepierda.com\/historiarealbetis\/wp-json\/wp\/v2\/users\/48"}],"replies":[{"embeddable":true,"href":"https:\/\/www.manquepierda.com\/historiarealbetis\/wp-json\/wp\/v2\/comments?post=67442"}],"version-history":[{"count":1,"href":"https:\/\/www.manquepierda.com\/historiarealbetis\/wp-json\/wp\/v2\/posts\/67442\/revisions"}],"predecessor-version":[{"id":95968,"href":"https:\/\/www.manquepierda.com\/historiarealbetis\/wp-json\/wp\/v2\/posts\/67442\/revisions\/95968"}],"wp:featuredmedia":[{"embeddable":true,"href":"https:\/\/www.manquepierda.com\/historiarealbetis\/wp-json\/wp\/v2\/media\/67444"}],"wp:attachment":[{"href":"https:\/\/www.manquepierda.com\/historiarealbetis\/wp-json\/wp\/v2\/media?parent=67442"}],"wp:term":[{"taxonomy":"category","embeddable":true,"href":"https:\/\/www.manquepierda.com\/historiarealbetis\/wp-json\/wp\/v2\/categories?post=67442"},{"taxonomy":"post_tag","embeddable":true,"href":"https:\/\/www.manquepierda.com\/historiarealbetis\/wp-json\/wp\/v2\/tags?post=67442"}],"curies":[{"name":"wp","href":"https:\/\/api.w.org\/{rel}","templated":true}]}}