{"id":67450,"date":"2019-01-27T09:40:49","date_gmt":"2019-01-27T08:40:49","guid":{"rendered":"http:\/\/www.manquepierda.com\/historiarealbetis\/?p=67450"},"modified":"2019-01-26T08:58:34","modified_gmt":"2019-01-26T07:58:34","slug":"el-trofeo-amberes-y-el-betis-de-jose-angel-bonachera","status":"publish","type":"post","link":"https:\/\/www.manquepierda.com\/historiarealbetis\/el-trofeo-amberes-y-el-betis-de-jose-angel-bonachera\/","title":{"rendered":"El Trofeo Amberes y el Betis, de Jos\u00e9 Angel Bonachera"},"content":{"rendered":"<p><a href=\"https:\/\/i0.wp.com\/www.manquepierda.com\/historiarealbetis\/files\/2019\/01\/Trofeo-Amberes-1967.jpg?ssl=1\"><img data-recalc-dims=\"1\" loading=\"lazy\" decoding=\"async\" class=\"aligncenter size-full wp-image-67451\" src=\"https:\/\/i0.wp.com\/www.manquepierda.com\/historiarealbetis\/files\/2019\/01\/Trofeo-Amberes-1967.jpg?resize=364%2C539&#038;ssl=1\" alt=\"\" width=\"364\" height=\"539\" srcset=\"https:\/\/i0.wp.com\/www.manquepierda.com\/historiarealbetis\/files\/2019\/01\/Trofeo-Amberes-1967.jpg?w=364&amp;ssl=1 364w, https:\/\/i0.wp.com\/www.manquepierda.com\/historiarealbetis\/files\/2019\/01\/Trofeo-Amberes-1967.jpg?resize=149%2C220&amp;ssl=1 149w\" sizes=\"auto, (max-width: 364px) 100vw, 364px\" \/><\/a><\/p>\n<p>En noviembre de 1967 se concedi\u00f3 al Real Betis Balompi\u00e9 el Trofeo Amberes, que otorgaban los diarios Arriba y Marca al club que potenciase m\u00e1s su cantera y su primer equipo con elementos de \u00e9sta, como ya vimos<a href=\"https:\/\/www.manquepierda.com\/historiarealbetis\/28006-trofeo-amberes-1967\/\"><strong> aqu\u00ed.<\/strong><\/a> La alusi\u00f3n a la ciudad belga de Amberes se basaba en que fue en esta ciudad donde en 1920 la selecci\u00f3n espa\u00f1ola de f\u00fatbol obtuvo la medalla de plata en los Juegos Ol\u00edmpicos.<\/p>\n<p>En el Betis la concesi\u00f3n del trofeo se acogi\u00f3 muy positivamente. El equipo verdiblanco en esa temporada ten\u00eda un alto componente de jugadores canteranos (Demetrio, Dioni, Quino, Gonz\u00e1lez, Rogelio, Telech\u00eda, Ant\u00f3n, Cristo, Ezequiel, Frasco, Macario), de forma que de los 21 jugadores usados ese a\u00f1o en Liga 11 proced\u00edan del filial verdiblanco.<\/p>\n<p>En las p\u00e1ginas de Sevilla el periodista Jos\u00e9 Angel Bonachera escribi\u00f3 este art\u00edculo el 25 de noviembre de 1967, la v\u00edspera de jugar el derbi contra el Sevilla en el S\u00e1nchez Pizju\u00e1n, cuando ambos equipos estaban en una situaci\u00f3n clasificatoria m\u00e1s que apurada.<\/p>\n<p>&nbsp;<\/p>\n<p><span style=\"color: #008000\"><em>Hora es ya, momento preciso para que se d\u00e9 a cada cosa el justo comentario. S\u00ed, porque hay veces que no se realza convenientemente la dimensi\u00f3n de un acontecimiento.<\/em><\/span><\/p>\n<p><span style=\"color: #008000\"><em>Hoy la actualidad es la obtenci\u00f3n del Trofeo Amberes por el Real Betis Balompi\u00e9. Estamos convencidos que el galard\u00f3n merece una atenci\u00f3n especial, que se salga del sencillo hecho informativo de insertar la noticia y la relaci\u00f3n m\u00e1s o menos ordenada de las concesiones de \u201cArriba\u201d y de \u201cMarca\u201d, premio que han ido acredit\u00e1ndose en el transcurso de los a\u00f1os, adquiriendo oficialidad al tratarse de galardones \u00fanicos en materia futbol\u00edstica.<\/em><\/span><\/p>\n<p><span style=\"color: #008000\"><em>Pero, \u00bfse han dado cuenta nuestros lectores que es la primera vez que sucede este hecho en beneficio de un equipo andaluz desde su creaci\u00f3n? Es a un conjunto de nuestra regi\u00f3n al que han otorgado la preciada distinci\u00f3n, el significativo trofeo, que viene a ser el reconocimiento un\u00e1nime, el testimonio palpitante de una ejecutoria, iniciada hace algunos a\u00f1os a trav\u00e9s de varios nombres que ser\u00eda prolijo enumerar, pero convencidos todos de su necesidad y, sobre todo, de su futuro rendimiento. La lista es larga y, en su mayor\u00eda, a pesar de la actual clasificaci\u00f3n verdiblanca, re\u00fanen condiciones envidiables para convertirse en futbolistas cotizables. Es algo, precisamente por esos a\u00f1os de especial\u00edsima dedicaci\u00f3n a la cantera, que tiene car\u00e1cter natural en las determinaciones del club de la calle Alemanes. S\u00ed, porque la elaboraci\u00f3n de los futbolistas b\u00e9ticos se logra a trav\u00e9s de una adecuada sistematizaci\u00f3n de un rendimiento m\u00e1s que comprobado a lo largo de muchas temporadas. Vista, paciencia, energ\u00eda y confianza, esas son las directrices de quienes iniciaron este programa, que como todos los de grandes prop\u00f3sitos, comenz\u00f3 a dar sus frutos a\u00f1os m\u00e1s tarde, precisamente por ese reparto de jugadores por la diversa geograf\u00eda espa\u00f1ola, que se formaron en diferentes categor\u00edas para luego reintegrarse a la disciplina verdiblanca. Pero de dos o tres a\u00f1os a esta parte, la confianza ha sido m\u00e1s directa, y la gran parte de los titulares del actual Betis proceden del filial Triana Balompi\u00e9.<\/em><\/span><\/p>\n<p><span style=\"color: #008000\"><em>S\u00ed, nos hemos extendido en el m\u00e1s importante cometido del club sevillano, porque con el Trofeo Amberes se premia a la sociedad futbol\u00edstica que aporte m\u00e1s y mejores jugadores de la cantera regional. Creemos que merec\u00eda la pena ampliar detalles y comentar conceptos. Porque el hecho debe enorgullecernos como andaluces, y suponemos que la concesi\u00f3n habr\u00e1 llegado para el cuadro que dirige ahora Pepe Valera, uno de esos hombres que sabe cuidar y conf\u00eda en la cantera, en un momento psicol\u00f3gico de aut\u00e9ntica trascendencia, como es su clasificaci\u00f3n y el encuentro de ma\u00f1ana.<\/em><\/span><\/p>\n<p><span style=\"color: #008000\"><em>Que el \u00e9xito del Betis, sustancialmente beneficioso para su desenvolvimiento a lo largo de estos \u00faltimos a\u00f1os de su historia, sirva ahora como ejemplo a todos los conjuntos de la regi\u00f3n, que olvidan los valores de la propia tierra para que, cambiando el sistema, opten con el tiempo a un galard\u00f3n de esta categor\u00eda, que ha venido a dar la raz\u00f3n de la verdad para el futuro del f\u00fatbol espa\u00f1ol a las posibilidades de la cantera.<\/em><\/span><\/p>\n<p><span style=\"color: #008000\"><em>Nosotros hemos querido comentar el acontecimiento con equilibrio, sin intenci\u00f3n, y s\u00ed en la medida adecuada que merece, ampliando la noticia escueta, que dice mucho pero expresa poco, si no se airea el balance de sus extraordinarias realizaciones. El Betis ha conseguido una distinci\u00f3n a la que era acreedor desde hace un buen n\u00famero de a\u00f1os, y cuando la justicia es justa no hay m\u00e1s remedio que conceder a cada uno lo que merece, y el Betis hace cantera, la ciudad y con sus est\u00edmulos, le rinde y en su consecuencia, se beneficia, porque hoy, el Betis, recu\u00e9rdenlo ustedes, es casi todo de Sevilla y fundamentalmente de Andaluc\u00eda. Nuestra enhorabuena a la veterana sociedad verdiblanca. \u00a0\u00a0\u00a0\u00a0\u00a0\u00a0\u00a0\u00a0\u00a0<\/em><\/span><\/p>\n<p>&nbsp;<\/p>\n","protected":false},"excerpt":{"rendered":"<p>En noviembre de 1967 se concedi\u00f3 al Real Betis Balompi\u00e9 el Trofeo Amberes, que otorgaban los diarios Arriba y Marca al club que potenciase m\u00e1s su cantera y su primer equipo con elementos de \u00e9sta, como ya vimos aqu\u00ed. La alusi\u00f3n a la ciudad belga de Amberes se basaba en que fue en esta ciudad&#8230;<\/p>\n","protected":false},"author":5,"featured_media":67451,"comment_status":"open","ping_status":"open","sticky":false,"template":"","format":"standard","meta":{"_kad_post_transparent":"","_kad_post_title":"","_kad_post_layout":"","_kad_post_sidebar_id":"","_kad_post_content_style":"","_kad_post_vertical_padding":"","_kad_post_feature":"","_kad_post_feature_position":"","_kad_post_header":false,"_kad_post_footer":false,"_kad_post_classname":"","_jetpack_memberships_contains_paid_content":false,"footnotes":"","jetpack_publicize_message":"","jetpack_publicize_feature_enabled":true,"jetpack_social_post_already_shared":true,"jetpack_social_options":{"image_generator_settings":{"template":"highway","default_image_id":0,"font":"","enabled":false},"version":2}},"categories":[1,1176],"tags":[16875,2084],"class_list":["post-67450","post","type-post","status-publish","format-standard","has-post-thumbnail","hentry","category-portada","category-relatos-de-futbol","tag-jose-angel-bonachera","tag-trofeo-amberes"],"jetpack_publicize_connections":[],"jetpack_featured_media_url":"https:\/\/i0.wp.com\/www.manquepierda.com\/historiarealbetis\/files\/2019\/01\/Trofeo-Amberes-1967.jpg?fit=364%2C539&ssl=1","jetpack_sharing_enabled":true,"jetpack_shortlink":"https:\/\/wp.me\/p1ij08-hxU","jetpack-related-posts":[],"_links":{"self":[{"href":"https:\/\/www.manquepierda.com\/historiarealbetis\/wp-json\/wp\/v2\/posts\/67450","targetHints":{"allow":["GET"]}}],"collection":[{"href":"https:\/\/www.manquepierda.com\/historiarealbetis\/wp-json\/wp\/v2\/posts"}],"about":[{"href":"https:\/\/www.manquepierda.com\/historiarealbetis\/wp-json\/wp\/v2\/types\/post"}],"author":[{"embeddable":true,"href":"https:\/\/www.manquepierda.com\/historiarealbetis\/wp-json\/wp\/v2\/users\/5"}],"replies":[{"embeddable":true,"href":"https:\/\/www.manquepierda.com\/historiarealbetis\/wp-json\/wp\/v2\/comments?post=67450"}],"version-history":[{"count":0,"href":"https:\/\/www.manquepierda.com\/historiarealbetis\/wp-json\/wp\/v2\/posts\/67450\/revisions"}],"wp:featuredmedia":[{"embeddable":true,"href":"https:\/\/www.manquepierda.com\/historiarealbetis\/wp-json\/wp\/v2\/media\/67451"}],"wp:attachment":[{"href":"https:\/\/www.manquepierda.com\/historiarealbetis\/wp-json\/wp\/v2\/media?parent=67450"}],"wp:term":[{"taxonomy":"category","embeddable":true,"href":"https:\/\/www.manquepierda.com\/historiarealbetis\/wp-json\/wp\/v2\/categories?post=67450"},{"taxonomy":"post_tag","embeddable":true,"href":"https:\/\/www.manquepierda.com\/historiarealbetis\/wp-json\/wp\/v2\/tags?post=67450"}],"curies":[{"name":"wp","href":"https:\/\/api.w.org\/{rel}","templated":true}]}}