{"id":67483,"date":"2019-01-31T09:24:30","date_gmt":"2019-01-31T08:24:30","guid":{"rendered":"http:\/\/www.manquepierda.com\/historiarealbetis\/?p=67483"},"modified":"2019-01-27T23:35:18","modified_gmt":"2019-01-27T22:35:18","slug":"alinacion-betis-girondins-amistoso-1978","status":"publish","type":"post","link":"https:\/\/www.manquepierda.com\/historiarealbetis\/alinacion-betis-girondins-amistoso-1978\/","title":{"rendered":"Alineaci\u00f3n Betis-Girondins Amistoso 1978"},"content":{"rendered":"<p><a href=\"https:\/\/i0.wp.com\/www.manquepierda.com\/historiarealbetis\/files\/2019\/01\/Alineaci%C3%B3n-Betis-Girondins-Amistoso-1978-Suroeste-12-08-1978.jpg?ssl=1\"><img data-recalc-dims=\"1\" loading=\"lazy\" decoding=\"async\" class=\"aligncenter size-medium wp-image-67484\" src=\"https:\/\/i0.wp.com\/www.manquepierda.com\/historiarealbetis\/files\/2019\/01\/Alineaci%C3%B3n-Betis-Girondins-Amistoso-1978-Suroeste-12-08-1978.jpg?resize=680%2C453&#038;ssl=1\" alt=\"\" width=\"680\" height=\"453\" srcset=\"https:\/\/i0.wp.com\/www.manquepierda.com\/historiarealbetis\/files\/2019\/01\/Alineaci%C3%B3n-Betis-Girondins-Amistoso-1978-Suroeste-12-08-1978.jpg?resize=680%2C453&amp;ssl=1 680w, https:\/\/i0.wp.com\/www.manquepierda.com\/historiarealbetis\/files\/2019\/01\/Alineaci%C3%B3n-Betis-Girondins-Amistoso-1978-Suroeste-12-08-1978.jpg?resize=220%2C146&amp;ssl=1 220w, https:\/\/i0.wp.com\/www.manquepierda.com\/historiarealbetis\/files\/2019\/01\/Alineaci%C3%B3n-Betis-Girondins-Amistoso-1978-Suroeste-12-08-1978.jpg?resize=768%2C511&amp;ssl=1 768w, https:\/\/i0.wp.com\/www.manquepierda.com\/historiarealbetis\/files\/2019\/01\/Alineaci%C3%B3n-Betis-Girondins-Amistoso-1978-Suroeste-12-08-1978.jpg?resize=960%2C639&amp;ssl=1 960w, https:\/\/i0.wp.com\/www.manquepierda.com\/historiarealbetis\/files\/2019\/01\/Alineaci%C3%B3n-Betis-Girondins-Amistoso-1978-Suroeste-12-08-1978.jpg?w=1083&amp;ssl=1 1083w\" sizes=\"auto, (max-width: 680px) 100vw, 680px\" \/><\/a><\/p>\n<p>11 de agosto de 1978 en el Benito Villamar\u00edn Betis 2 Girondins 0; partido amistoso.<\/p>\n<p>En la imagen arriba Esnaola, Muhren, Biosca, Cobo, L\u00f3pez y Killer; abajo Villalba, Ortega, Hugo Cabezas, Carde\u00f1osa y Gordillo.<\/p>\n<p>Carde\u00f1osa en el minuto 19 y Gordillo en el 24 hicieron los goles\u00a0 de la victoria b\u00e9tica en el amistoso organizado como presentaci\u00f3n ante la afici\u00f3n. El equipo b\u00e9tico luci\u00f3 brazaletes negros por la muerte de la madre de Antonio Ben\u00edtez y por el periodista Vicente Bru.<\/p>\n<p>Jos\u00e9 Luis Garc\u00eda Traid entrenaba al Betis y Luis Carniglia al Girondins.<\/p>\n<p>&nbsp;<\/p>\n","protected":false},"excerpt":{"rendered":"<p>11 de agosto de 1978 en el Benito Villamar\u00edn Betis 2 Girondins 0; partido amistoso. En la imagen arriba Esnaola, Muhren, Biosca, Cobo, L\u00f3pez y Killer; abajo Villalba, Ortega, Hugo Cabezas, Carde\u00f1osa y Gordillo. Carde\u00f1osa en el minuto 19 y Gordillo en el 24 hicieron los goles\u00a0 de la victoria b\u00e9tica en el amistoso organizado&#8230;<\/p>\n","protected":false},"author":5,"featured_media":67484,"comment_status":"open","ping_status":"open","sticky":false,"template":"","format":"standard","meta":{"_kad_post_transparent":"","_kad_post_title":"","_kad_post_layout":"","_kad_post_sidebar_id":"","_kad_post_content_style":"","_kad_post_vertical_padding":"","_kad_post_feature":"","_kad_post_feature_position":"","_kad_post_header":false,"_kad_post_footer":false,"_kad_post_classname":"","_jetpack_memberships_contains_paid_content":false,"footnotes":"","jetpack_publicize_message":"","jetpack_publicize_feature_enabled":true,"jetpack_social_post_already_shared":true,"jetpack_social_options":{"image_generator_settings":{"template":"highway","default_image_id":0,"font":"","enabled":false},"version":2}},"categories":[903,1],"tags":[59,2227,1422,1157,10130,9024,940,1178,1302,1181,1155,4123,1325,1305],"class_list":["post-67483","post","type-post","status-publish","format-standard","has-post-thumbnail","hentry","category-1970-1979","category-portada","tag-59","tag-1978-79","tag-antolin-ortega","tag-antonio-biosca","tag-gerrie-muhren","tag-girondins-burdeos","tag-hugo-cabezas","tag-javier-lopez","tag-jose-ramon-esnaola","tag-juan-manuel-cobo","tag-julio-cardenosa","tag-manuel-villalba","tag-mario-killer","tag-rafael-gordillo"],"jetpack_publicize_connections":[],"jetpack_featured_media_url":"https:\/\/i0.wp.com\/www.manquepierda.com\/historiarealbetis\/files\/2019\/01\/Alineaci%C3%B3n-Betis-Girondins-Amistoso-1978-Suroeste-12-08-1978.jpg?fit=1083%2C721&ssl=1","jetpack_sharing_enabled":true,"jetpack_shortlink":"https:\/\/wp.me\/p1ij08-hyr","jetpack-related-posts":[],"_links":{"self":[{"href":"https:\/\/www.manquepierda.com\/historiarealbetis\/wp-json\/wp\/v2\/posts\/67483","targetHints":{"allow":["GET"]}}],"collection":[{"href":"https:\/\/www.manquepierda.com\/historiarealbetis\/wp-json\/wp\/v2\/posts"}],"about":[{"href":"https:\/\/www.manquepierda.com\/historiarealbetis\/wp-json\/wp\/v2\/types\/post"}],"author":[{"embeddable":true,"href":"https:\/\/www.manquepierda.com\/historiarealbetis\/wp-json\/wp\/v2\/users\/5"}],"replies":[{"embeddable":true,"href":"https:\/\/www.manquepierda.com\/historiarealbetis\/wp-json\/wp\/v2\/comments?post=67483"}],"version-history":[{"count":0,"href":"https:\/\/www.manquepierda.com\/historiarealbetis\/wp-json\/wp\/v2\/posts\/67483\/revisions"}],"wp:featuredmedia":[{"embeddable":true,"href":"https:\/\/www.manquepierda.com\/historiarealbetis\/wp-json\/wp\/v2\/media\/67484"}],"wp:attachment":[{"href":"https:\/\/www.manquepierda.com\/historiarealbetis\/wp-json\/wp\/v2\/media?parent=67483"}],"wp:term":[{"taxonomy":"category","embeddable":true,"href":"https:\/\/www.manquepierda.com\/historiarealbetis\/wp-json\/wp\/v2\/categories?post=67483"},{"taxonomy":"post_tag","embeddable":true,"href":"https:\/\/www.manquepierda.com\/historiarealbetis\/wp-json\/wp\/v2\/tags?post=67483"}],"curies":[{"name":"wp","href":"https:\/\/api.w.org\/{rel}","templated":true}]}}