{"id":67497,"date":"2022-02-04T11:00:00","date_gmt":"2022-02-04T10:00:00","guid":{"rendered":"http:\/\/www.manquepierda.com\/historiarealbetis\/?p=67497"},"modified":"2024-08-25T22:43:29","modified_gmt":"2024-08-25T20:43:29","slug":"hoy-hace-40-anos-18","status":"publish","type":"post","link":"https:\/\/www.manquepierda.com\/historiarealbetis\/hoy-hace-40-anos-18\/","title":{"rendered":"Hoy hace 43 a\u00f1os. Betis 5 Sabadell 1."},"content":{"rendered":"<p><a href=\"https:\/\/i0.wp.com\/www.manquepierda.com\/historiarealbetis\/files\/2019\/02\/4-1979-Betis-5-Sabadell-1.jpg?ssl=1\"><img data-recalc-dims=\"1\" loading=\"lazy\" decoding=\"async\" class=\"aligncenter size-full wp-image-67498\" src=\"https:\/\/i0.wp.com\/www.manquepierda.com\/historiarealbetis\/files\/2019\/02\/4-1979-Betis-5-Sabadell-1.jpg?resize=480%2C532&#038;ssl=1\" alt=\"\" width=\"480\" height=\"532\" srcset=\"https:\/\/i0.wp.com\/www.manquepierda.com\/historiarealbetis\/files\/2019\/02\/4-1979-Betis-5-Sabadell-1.jpg?w=480&amp;ssl=1 480w, https:\/\/i0.wp.com\/www.manquepierda.com\/historiarealbetis\/files\/2019\/02\/4-1979-Betis-5-Sabadell-1.jpg?resize=198%2C220&amp;ssl=1 198w\" sizes=\"auto, (max-width: 480px) 100vw, 480px\" \/><\/a><\/p>\n<p><span style=\"color: #008000\">El 4 de febrero de 1979 el Betis se impone 5-1 al Sabadell en el Villamar\u00edn en partido de la jornada 21 del Campeonato de Liga de Segunda Divisi\u00f3n.<\/span><\/p>\n<p><span style=\"color: #008000\">Muhren, Peruena, Alabanda y Gordillo en dos ocasiones certifican la victoria b\u00e9tica, mientras que Molet hizo el tanto vallesano.<\/span><\/p>\n<p><span style=\"color: #008000\">El Betis, dirigido por Jos\u00e9 Luis Garc\u00eda Traid, aline\u00f3 a Esnaola; Killer, Sabat\u00e9, Biosca, Peruena (89, Del Pozo); Muhren, Alabanda, Carde\u00f1osa (67, Bizcocho); Ben\u00edtez, Hugo Cabezas y Gordillo.<\/span><\/p>\n<p><span style=\"color: #008000\">El Sabadell, entrenado por Jos\u00e9 Luis Mart\u00ednez, form\u00f3 con Cap\u00f3; Santi, Silvi, Sanch\u00eds, Peralta; Garz\u00f3n, Molet, Domingo; Parras (89, Fern\u00e1ndez), Albiol y Angel.<\/span><\/p>\n","protected":false},"excerpt":{"rendered":"<p>El 4 de febrero de 1979 el Betis se impone 5-1 al Sabadell en el Villamar\u00edn en partido de la jornada 21 del Campeonato de Liga de Segunda Divisi\u00f3n. Muhren, Peruena, Alabanda y Gordillo en dos ocasiones certifican la victoria b\u00e9tica, mientras que Molet hizo el tanto vallesano. El Betis, dirigido por Jos\u00e9 Luis Garc\u00eda&#8230;<\/p>\n","protected":false},"author":5,"featured_media":67498,"comment_status":"open","ping_status":"open","sticky":false,"template":"","format":"standard","meta":{"_kad_post_transparent":"","_kad_post_title":"","_kad_post_layout":"","_kad_post_sidebar_id":"","_kad_post_content_style":"","_kad_post_vertical_padding":"","_kad_post_feature":"","_kad_post_feature_position":"","_kad_post_header":false,"_kad_post_footer":false,"_kad_post_classname":"","_jetpack_memberships_contains_paid_content":false,"footnotes":"","jetpack_publicize_message":"","jetpack_publicize_feature_enabled":true,"jetpack_social_post_already_shared":true,"jetpack_social_options":{"image_generator_settings":{"template":"highway","default_image_id":0,"font":"","enabled":false},"version":2}},"categories":[903,14583,1],"tags":[1033,17047,17798],"class_list":["post-67497","post","type-post","status-publish","format-standard","has-post-thumbnail","hentry","category-1970-1979","category-efemerides","category-portada","tag-1033","tag-ce-sabadell","tag-liga-segunda-1978-79"],"jetpack_publicize_connections":[],"jetpack_featured_media_url":"https:\/\/i0.wp.com\/www.manquepierda.com\/historiarealbetis\/files\/2019\/02\/4-1979-Betis-5-Sabadell-1.jpg?fit=480%2C532&ssl=1","jetpack_sharing_enabled":true,"jetpack_shortlink":"https:\/\/wp.me\/p1ij08-hyF","jetpack-related-posts":[],"_links":{"self":[{"href":"https:\/\/www.manquepierda.com\/historiarealbetis\/wp-json\/wp\/v2\/posts\/67497","targetHints":{"allow":["GET"]}}],"collection":[{"href":"https:\/\/www.manquepierda.com\/historiarealbetis\/wp-json\/wp\/v2\/posts"}],"about":[{"href":"https:\/\/www.manquepierda.com\/historiarealbetis\/wp-json\/wp\/v2\/types\/post"}],"author":[{"embeddable":true,"href":"https:\/\/www.manquepierda.com\/historiarealbetis\/wp-json\/wp\/v2\/users\/5"}],"replies":[{"embeddable":true,"href":"https:\/\/www.manquepierda.com\/historiarealbetis\/wp-json\/wp\/v2\/comments?post=67497"}],"version-history":[{"count":1,"href":"https:\/\/www.manquepierda.com\/historiarealbetis\/wp-json\/wp\/v2\/posts\/67497\/revisions"}],"predecessor-version":[{"id":83028,"href":"https:\/\/www.manquepierda.com\/historiarealbetis\/wp-json\/wp\/v2\/posts\/67497\/revisions\/83028"}],"wp:featuredmedia":[{"embeddable":true,"href":"https:\/\/www.manquepierda.com\/historiarealbetis\/wp-json\/wp\/v2\/media\/67498"}],"wp:attachment":[{"href":"https:\/\/www.manquepierda.com\/historiarealbetis\/wp-json\/wp\/v2\/media?parent=67497"}],"wp:term":[{"taxonomy":"category","embeddable":true,"href":"https:\/\/www.manquepierda.com\/historiarealbetis\/wp-json\/wp\/v2\/categories?post=67497"},{"taxonomy":"post_tag","embeddable":true,"href":"https:\/\/www.manquepierda.com\/historiarealbetis\/wp-json\/wp\/v2\/tags?post=67497"}],"curies":[{"name":"wp","href":"https:\/\/api.w.org\/{rel}","templated":true}]}}