{"id":67542,"date":"2019-02-06T09:19:05","date_gmt":"2019-02-06T08:19:05","guid":{"rendered":"http:\/\/www.manquepierda.com\/historiarealbetis\/?p=67542"},"modified":"2024-09-09T18:31:30","modified_gmt":"2024-09-09T16:31:30","slug":"betis-valencia-enfrentamientos-en-copa","status":"publish","type":"post","link":"https:\/\/www.manquepierda.com\/historiarealbetis\/betis-valencia-enfrentamientos-en-copa\/","title":{"rendered":"Betis-Valencia. Enfrentamientos en Copa"},"content":{"rendered":"<p><a href=\"https:\/\/i0.wp.com\/www.manquepierda.com\/historiarealbetis\/files\/2019\/02\/Betis-Valencia.jpg?ssl=1\"><img data-recalc-dims=\"1\" loading=\"lazy\" decoding=\"async\" class=\"aligncenter size-full wp-image-67543\" src=\"https:\/\/i0.wp.com\/www.manquepierda.com\/historiarealbetis\/files\/2019\/02\/Betis-Valencia.jpg?resize=613%2C377&#038;ssl=1\" alt=\"\" width=\"613\" height=\"377\" srcset=\"https:\/\/i0.wp.com\/www.manquepierda.com\/historiarealbetis\/files\/2019\/02\/Betis-Valencia.jpg?w=613&amp;ssl=1 613w, https:\/\/i0.wp.com\/www.manquepierda.com\/historiarealbetis\/files\/2019\/02\/Betis-Valencia.jpg?resize=220%2C135&amp;ssl=1 220w\" sizes=\"auto, (max-width: 613px) 100vw, 613px\" \/><\/a><\/p>\n<p>Ma\u00f1ana Betis y Valencia inician la eliminatoria de las semifinales del Campeonato de Copa, en la b\u00fasqueda de una plaza en la gran final del 25 de mayo. Una final en la que el Betis lleva ausente 14 a\u00f1os, desde 2005, mientras que el Valencia no lo hace desde hace 11 a\u00f1os, desde 2008.<\/p>\n<p>El balance de las eliminatorias coperas entre Betis y Valencia es claramente favorable a los valencianistas, que se impusieron en 6 de las 7 eliminatorias disputadas, adem\u00e1s de otra ocasi\u00f3n en que se jug\u00f3 por sistema de liguilla.<\/p>\n<p>Precisamente este sistema fue la primera vez en que Betis y Valencia se enfrentaron en el torneo copero. A la edici\u00f3n de 1928 acud\u00eda el Betis como campe\u00f3n de Andaluc\u00eda y el Valencia como subcampe\u00f3n de su torneo regional tras el Levante FC.\u00a0 Otros 4 equipos completaban el grupo: el Sevilla como subcampe\u00f3n andaluz, el Levante como campe\u00f3n valenciano y Real Murcia y Cartagena como campe\u00f3n y subcampe\u00f3n respectivamente de la regi\u00f3n murciana. Un sistema de liguilla que daba acceso a los cuartos de final a los dos primeros clasificados, que ser\u00edan Murcia y Valencia.<\/p>\n<p>El martes 28 de febrero de 1928 en Mestalla Valencia y Betis disputaban el partido que se tuvo que aplazar dos d\u00edas antes por las intensas lluvias ca\u00eddas en la capital valenciana. Empate a 3 en el marcador con goles de Carrasco (2) y Enrique para los verdiblancos, mientras que R\u00f3denas, Picol\u00edn y Arcadio marcaron para los locales, que hicieron el empate definitivo a falta de 3 minutos.<\/p>\n<p><a href=\"https:\/\/i0.wp.com\/www.manquepierda.com\/historiarealbetis\/files\/2019\/02\/1928-02-29-Valencia-Betis-cr%C3%B3nica.jpg?ssl=1\"><img data-recalc-dims=\"1\" loading=\"lazy\" decoding=\"async\" class=\"aligncenter size-medium wp-image-67544\" src=\"https:\/\/i0.wp.com\/www.manquepierda.com\/historiarealbetis\/files\/2019\/02\/1928-02-29-Valencia-Betis-cr%C3%B3nica.jpg?resize=680%2C506&#038;ssl=1\" alt=\"\" width=\"680\" height=\"506\" srcset=\"https:\/\/i0.wp.com\/www.manquepierda.com\/historiarealbetis\/files\/2019\/02\/1928-02-29-Valencia-Betis-cr%C3%B3nica.jpg?resize=680%2C506&amp;ssl=1 680w, https:\/\/i0.wp.com\/www.manquepierda.com\/historiarealbetis\/files\/2019\/02\/1928-02-29-Valencia-Betis-cr%C3%B3nica.jpg?resize=220%2C164&amp;ssl=1 220w, https:\/\/i0.wp.com\/www.manquepierda.com\/historiarealbetis\/files\/2019\/02\/1928-02-29-Valencia-Betis-cr%C3%B3nica.jpg?resize=768%2C572&amp;ssl=1 768w, https:\/\/i0.wp.com\/www.manquepierda.com\/historiarealbetis\/files\/2019\/02\/1928-02-29-Valencia-Betis-cr%C3%B3nica.jpg?resize=940%2C700&amp;ssl=1 940w, https:\/\/i0.wp.com\/www.manquepierda.com\/historiarealbetis\/files\/2019\/02\/1928-02-29-Valencia-Betis-cr%C3%B3nica.jpg?w=1038&amp;ssl=1 1038w\" sizes=\"auto, (max-width: 680px) 100vw, 680px\" \/><\/a><\/p>\n<p>El 1 de abril de 1928 en el Patronato el Valencia se impuso 0-1 con gol de P\u00e9rez de penalti, en medio de un tremendo esc\u00e1ndalo arbitral y con el Betis fallando 2 penaltis, uno lanzado fuera por Manol\u00edn y otro que detuvo el guardameta Pedret a Enrique.<\/p>\n<p><a href=\"https:\/\/i0.wp.com\/www.manquepierda.com\/historiarealbetis\/files\/2019\/02\/Betis-Valencia-1928.jpg?ssl=1\"><img data-recalc-dims=\"1\" loading=\"lazy\" decoding=\"async\" class=\"aligncenter size-medium wp-image-67545\" src=\"https:\/\/i0.wp.com\/www.manquepierda.com\/historiarealbetis\/files\/2019\/02\/Betis-Valencia-1928.jpg?resize=680%2C114&#038;ssl=1\" alt=\"\" width=\"680\" height=\"114\" srcset=\"https:\/\/i0.wp.com\/www.manquepierda.com\/historiarealbetis\/files\/2019\/02\/Betis-Valencia-1928.jpg?resize=680%2C114&amp;ssl=1 680w, https:\/\/i0.wp.com\/www.manquepierda.com\/historiarealbetis\/files\/2019\/02\/Betis-Valencia-1928.jpg?resize=220%2C37&amp;ssl=1 220w, https:\/\/i0.wp.com\/www.manquepierda.com\/historiarealbetis\/files\/2019\/02\/Betis-Valencia-1928.jpg?resize=768%2C129&amp;ssl=1 768w, https:\/\/i0.wp.com\/www.manquepierda.com\/historiarealbetis\/files\/2019\/02\/Betis-Valencia-1928.jpg?resize=960%2C161&amp;ssl=1 960w, https:\/\/i0.wp.com\/www.manquepierda.com\/historiarealbetis\/files\/2019\/02\/Betis-Valencia-1928.jpg?w=1156&amp;ssl=1 1156w\" sizes=\"auto, (max-width: 680px) 100vw, 680px\" \/><\/a><\/p>\n<p>En mayo de 1933 Betis y Valencia vuelven a cruzarse en los cuartos de final del torneo copero. Hab\u00eda sido la temporada del debut b\u00e9tico en Primera Divisi\u00f3n, finalizada con una brillante quinta plaza, mientras que el Valencia hab\u00eda terminado noveno, tan solo un punto por encima del descenso.<\/p>\n<p>El Betis ya hab\u00eda eliminado al Barcelona y al H\u00e9rcules, mientras que el Valencia se hab\u00eda deshecho de Valladolid y Athletic de Madrid. En la ida el 28 de mayo de 1933 en el Patronato el Betis vence 4-2 con goles de Capillas (2), Garc\u00eda de la Puerta y Lecue, mientras que Navarro hace los dos goles visitantes.<\/p>\n<p><a href=\"https:\/\/i0.wp.com\/www.manquepierda.com\/historiarealbetis\/files\/2019\/02\/30-Betis-Valencia-cr%C3%B3nica-1.jpg?ssl=1\"><img data-recalc-dims=\"1\" loading=\"lazy\" decoding=\"async\" class=\"aligncenter size-medium wp-image-67546\" src=\"https:\/\/i0.wp.com\/www.manquepierda.com\/historiarealbetis\/files\/2019\/02\/30-Betis-Valencia-cr%C3%B3nica-1.jpg?resize=680%2C189&#038;ssl=1\" alt=\"\" width=\"680\" height=\"189\" srcset=\"https:\/\/i0.wp.com\/www.manquepierda.com\/historiarealbetis\/files\/2019\/02\/30-Betis-Valencia-cr%C3%B3nica-1.jpg?resize=680%2C189&amp;ssl=1 680w, https:\/\/i0.wp.com\/www.manquepierda.com\/historiarealbetis\/files\/2019\/02\/30-Betis-Valencia-cr%C3%B3nica-1.jpg?resize=220%2C61&amp;ssl=1 220w, https:\/\/i0.wp.com\/www.manquepierda.com\/historiarealbetis\/files\/2019\/02\/30-Betis-Valencia-cr%C3%B3nica-1.jpg?w=754&amp;ssl=1 754w\" sizes=\"auto, (max-width: 680px) 100vw, 680px\" \/><\/a><\/p>\n<p>Curiosamente en el partido de vuelta en Mestalla se vuelve a repetir la circunstancia metereol\u00f3gica de 5 a\u00f1os atr\u00e1s, y las lluvias obligan a aplazar el partido el domingo 4 de junio, que se tiene que jugar el martes 6 de junio. Al descanso se llega con empate a 1, con goles de Vilanova y Capillas, pero en la segunda parte Torredeflot y Costa hacen el 3-1 igualando la eliminatoria, que decide un cuarto gol valencianista de Costa en el minuto 88.<\/p>\n<p><a href=\"https:\/\/i0.wp.com\/www.manquepierda.com\/historiarealbetis\/files\/2019\/02\/7-Valencia-Betis-cr%C3%B3nica-1.jpg?ssl=1\"><img data-recalc-dims=\"1\" loading=\"lazy\" decoding=\"async\" class=\"aligncenter size-medium wp-image-67547\" src=\"https:\/\/i0.wp.com\/www.manquepierda.com\/historiarealbetis\/files\/2019\/02\/7-Valencia-Betis-cr%C3%B3nica-1.jpg?resize=680%2C261&#038;ssl=1\" alt=\"\" width=\"680\" height=\"261\" srcset=\"https:\/\/i0.wp.com\/www.manquepierda.com\/historiarealbetis\/files\/2019\/02\/7-Valencia-Betis-cr%C3%B3nica-1.jpg?resize=680%2C261&amp;ssl=1 680w, https:\/\/i0.wp.com\/www.manquepierda.com\/historiarealbetis\/files\/2019\/02\/7-Valencia-Betis-cr%C3%B3nica-1.jpg?resize=220%2C84&amp;ssl=1 220w, https:\/\/i0.wp.com\/www.manquepierda.com\/historiarealbetis\/files\/2019\/02\/7-Valencia-Betis-cr%C3%B3nica-1.jpg?resize=768%2C294&amp;ssl=1 768w, https:\/\/i0.wp.com\/www.manquepierda.com\/historiarealbetis\/files\/2019\/02\/7-Valencia-Betis-cr%C3%B3nica-1.jpg?w=770&amp;ssl=1 770w\" sizes=\"auto, (max-width: 680px) 100vw, 680px\" \/><\/a><\/p>\n<p>Es en la edici\u00f3n de 1946 cuando vuelven a jugar Betis y Valencia en Copa en los dieciseisavos de final. El Valencia hab\u00eda finalizado sexto en Primera Divisi\u00f3n, mientras que el Betis termin\u00f3 11 en Segunda.<\/p>\n<p>En la ida en Mestalla el 7 de abril el Valencia vence rotundamente 5-0 con goles de Mundo, Igoa (2), Amadeo y Luj\u00e1n.\u00a0 En la vuelta una semana despu\u00e9s el Valencia se impone de nuevo 1-3, con gol de Rold\u00e1n para los locales y de Asensi, Epi y Mundo para los visitantes.<\/p>\n<p><a href=\"https:\/\/i0.wp.com\/www.manquepierda.com\/historiarealbetis\/files\/2019\/02\/Betis-Valencia-1946.jpg?ssl=1\"><img data-recalc-dims=\"1\" loading=\"lazy\" decoding=\"async\" class=\"aligncenter size-medium wp-image-67550\" src=\"https:\/\/i0.wp.com\/www.manquepierda.com\/historiarealbetis\/files\/2019\/02\/Betis-Valencia-1946.jpg?resize=680%2C196&#038;ssl=1\" alt=\"\" width=\"680\" height=\"196\" srcset=\"https:\/\/i0.wp.com\/www.manquepierda.com\/historiarealbetis\/files\/2019\/02\/Betis-Valencia-1946.jpg?resize=680%2C196&amp;ssl=1 680w, https:\/\/i0.wp.com\/www.manquepierda.com\/historiarealbetis\/files\/2019\/02\/Betis-Valencia-1946.jpg?resize=220%2C63&amp;ssl=1 220w, https:\/\/i0.wp.com\/www.manquepierda.com\/historiarealbetis\/files\/2019\/02\/Betis-Valencia-1946.jpg?resize=768%2C221&amp;ssl=1 768w, https:\/\/i0.wp.com\/www.manquepierda.com\/historiarealbetis\/files\/2019\/02\/Betis-Valencia-1946.jpg?w=788&amp;ssl=1 788w\" sizes=\"auto, (max-width: 680px) 100vw, 680px\" \/><\/a><\/p>\n<p>Pasan casi 20 a\u00f1os para que se vuelvan a encontrar Betis y Valencia, en la edici\u00f3n de 1964 en cuartos de final. El Betis hab\u00eda terminado 3\u00ba en la Liga y el Valencia 6\u00ba . Alav\u00e9s y Pontevedra hab\u00edan sido eliminados por el Betis, mientras que el Valencia se hab\u00eda deshecho del Mestalla y del Deportivo.<\/p>\n<p>El 24 de mayo de 1964 en el Villamar\u00edn el Betis se adelanta con un gol de Areta a los 25 minutos, pero el Valencia le da la vuelta al marcador antes del descanso con goles de Ficha y Guillot.\u00a0 En el minuto 55 Ansola hace el 2-2 definitivo. Las espadas quedaban en alto para la vuelta.<\/p>\n<p><a href=\"https:\/\/i0.wp.com\/www.manquepierda.com\/historiarealbetis\/files\/2019\/02\/Betis-Valencia-1964.jpg?ssl=1\"><img data-recalc-dims=\"1\" loading=\"lazy\" decoding=\"async\" class=\"aligncenter size-medium wp-image-67551\" src=\"https:\/\/i0.wp.com\/www.manquepierda.com\/historiarealbetis\/files\/2019\/02\/Betis-Valencia-1964.jpg?resize=680%2C203&#038;ssl=1\" alt=\"\" width=\"680\" height=\"203\" srcset=\"https:\/\/i0.wp.com\/www.manquepierda.com\/historiarealbetis\/files\/2019\/02\/Betis-Valencia-1964.jpg?resize=680%2C203&amp;ssl=1 680w, https:\/\/i0.wp.com\/www.manquepierda.com\/historiarealbetis\/files\/2019\/02\/Betis-Valencia-1964.jpg?resize=220%2C66&amp;ssl=1 220w, https:\/\/i0.wp.com\/www.manquepierda.com\/historiarealbetis\/files\/2019\/02\/Betis-Valencia-1964.jpg?resize=768%2C229&amp;ssl=1 768w, https:\/\/i0.wp.com\/www.manquepierda.com\/historiarealbetis\/files\/2019\/02\/Betis-Valencia-1964.jpg?w=868&amp;ssl=1 868w\" sizes=\"auto, (max-width: 680px) 100vw, 680px\" \/><\/a><\/p>\n<p>El s\u00e1bado 30 de mayo en Mestalla el Valencia gana 2-1 en un competido partido con goles de Suco y S\u00e1nchez Lage para los valencianistas y de Ansola para el Betis.<\/p>\n<p>En mayo de 1967\u00a0 en octavos de final juegan otra vez Betis y Valencia en unas curiosas circunstancias. La Liga ha terminado con el equipo ch\u00e9 en sexta posici\u00f3n de la Primera Divisi\u00f3n, mientras que el Betis ha sido 2\u00ba en el grupo Sur de Segunda Divisi\u00f3n, por lo que a\u00fan tiene que disputar la promoci\u00f3n de ascenso contra el Granada, una vez que finalice la actuaci\u00f3n copera de ambos, por lo que el torneo copero para el equipo b\u00e9tico tiene una relativa importancia. El Betis ya hab\u00eda dejado en la cuneta al Europa, mientras que el Valencia lo hab\u00eda hecho con el C\u00e1diz.<\/p>\n<p>El 14 de mayo en el Villamar\u00edn Ansola adelanta al Valencia en el minuto 14, pero Gonz\u00e1lez empata en el 38 y Macario hace el 2-1 definitivo en el 70, un resultado que se qued\u00f3 corto para los m\u00e9ritos desempe\u00f1ados por el equipo verdiblanco.<\/p>\n<p><a href=\"https:\/\/i0.wp.com\/www.manquepierda.com\/historiarealbetis\/files\/2019\/02\/15-Betis-Valencia-cr%C3%B3nica.jpg?ssl=1\"><img data-recalc-dims=\"1\" loading=\"lazy\" decoding=\"async\" class=\"aligncenter size-medium wp-image-67552\" src=\"https:\/\/i0.wp.com\/www.manquepierda.com\/historiarealbetis\/files\/2019\/02\/15-Betis-Valencia-cr%C3%B3nica.jpg?resize=680%2C377&#038;ssl=1\" alt=\"\" width=\"680\" height=\"377\" srcset=\"https:\/\/i0.wp.com\/www.manquepierda.com\/historiarealbetis\/files\/2019\/02\/15-Betis-Valencia-cr%C3%B3nica.jpg?resize=680%2C377&amp;ssl=1 680w, https:\/\/i0.wp.com\/www.manquepierda.com\/historiarealbetis\/files\/2019\/02\/15-Betis-Valencia-cr%C3%B3nica.jpg?resize=220%2C122&amp;ssl=1 220w, https:\/\/i0.wp.com\/www.manquepierda.com\/historiarealbetis\/files\/2019\/02\/15-Betis-Valencia-cr%C3%B3nica.jpg?resize=768%2C425&amp;ssl=1 768w, https:\/\/i0.wp.com\/www.manquepierda.com\/historiarealbetis\/files\/2019\/02\/15-Betis-Valencia-cr%C3%B3nica.jpg?resize=960%2C532&amp;ssl=1 960w, https:\/\/i0.wp.com\/www.manquepierda.com\/historiarealbetis\/files\/2019\/02\/15-Betis-Valencia-cr%C3%B3nica.jpg?w=1123&amp;ssl=1 1123w\" sizes=\"auto, (max-width: 680px) 100vw, 680px\" \/><\/a><\/p>\n<p>El 20 de mayo en Mestalla el Valencia se impone claramente 3-0 con 2 goles de Waldo y otro de Ansola, dando por finalizada la trayectoria b\u00e9tica en la Copa para centrarse en la promoci\u00f3n de ascenso a Primera contra el Granada. El Valencia eliminar\u00eda con posterioridad a Real Madrid y Elche, para proclamarse campe\u00f3n al derrotar 2-1 al Athletic Club en la final jugada en el Bernab\u00e9u.<\/p>\n<p>En la edici\u00f3n de 1971 de nuevo cruce en octavos de final. El Valencia hab\u00eda ganado la Liga a mediados de abril y hab\u00eda dejado en la cuneta copera con anterioridad al Mallorca. El Betis estaba a 3 jornadas de acabar la Liga en Segunda Divisi\u00f3n, pero ya era campe\u00f3n con diferencia. En Copa hab\u00eda eliminado al Real Uni\u00f3n de Ir\u00fan y al RCD Espanyol.\u00a0 El 19 de mayo en el Luis Casanova el Betis daba la sorpresa y empataba a 0 con una gran actuaci\u00f3n defensiva. Pero en la vuelta el Valencia deja las cosas claras y se impone rotundamente 0-4 con tantos de Claramunt, Forment (2) y Valdez. M\u00e1laga y Sevilla caer\u00edan ante el Valencia posteriormente, y disputar\u00eda la final contra el Barcelona, con victoria azulgrana por 4-3.<\/p>\n<p><a href=\"https:\/\/i0.wp.com\/www.manquepierda.com\/historiarealbetis\/files\/2019\/02\/Betis-Valencia-1971.jpg?ssl=1\"><img data-recalc-dims=\"1\" loading=\"lazy\" decoding=\"async\" class=\"aligncenter size-medium wp-image-67553\" src=\"https:\/\/i0.wp.com\/www.manquepierda.com\/historiarealbetis\/files\/2019\/02\/Betis-Valencia-1971.jpg?resize=680%2C166&#038;ssl=1\" alt=\"\" width=\"680\" height=\"166\" srcset=\"https:\/\/i0.wp.com\/www.manquepierda.com\/historiarealbetis\/files\/2019\/02\/Betis-Valencia-1971.jpg?resize=680%2C166&amp;ssl=1 680w, https:\/\/i0.wp.com\/www.manquepierda.com\/historiarealbetis\/files\/2019\/02\/Betis-Valencia-1971.jpg?resize=220%2C54&amp;ssl=1 220w, https:\/\/i0.wp.com\/www.manquepierda.com\/historiarealbetis\/files\/2019\/02\/Betis-Valencia-1971.jpg?resize=768%2C187&amp;ssl=1 768w, https:\/\/i0.wp.com\/www.manquepierda.com\/historiarealbetis\/files\/2019\/02\/Betis-Valencia-1971.jpg?w=813&amp;ssl=1 813w\" sizes=\"auto, (max-width: 680px) 100vw, 680px\" \/><\/a><\/p>\n<p>La edici\u00f3n copera de 1976 es la \u00fanica en la que el Betis se ha impuesto al Valencia, y lo hizo en octavos de final. Antes hab\u00eda eliminado al Valladolid, mientras que el Valencia hab\u00eda vencido al San Andr\u00e9s.<\/p>\n<p>En el Villamar\u00edn el 10 de marzo el Betis gana con dos tantos de Eulate en los minutos 36 y 81. En la vuelta el 7 de abril el Valencia se adelant\u00f3 pronto con gol de Valdez en el minuto 7, pero Mendieta empata en el 19 y hasta el 77 no hace el Valencia el 2-1 definitivo por medio de Claramunt de penalti. En cuartos de final el Betis elimina\u00a0 al Espanyol para caer en semifinales frente al Zaragoza.<\/p>\n<p><a href=\"https:\/\/i0.wp.com\/www.manquepierda.com\/historiarealbetis\/files\/2019\/02\/Valencia-Betis-1976.jpg?ssl=1\"><img data-recalc-dims=\"1\" loading=\"lazy\" decoding=\"async\" class=\"aligncenter size-full wp-image-67554\" src=\"https:\/\/i0.wp.com\/www.manquepierda.com\/historiarealbetis\/files\/2019\/02\/Valencia-Betis-1976.jpg?resize=674%2C245&#038;ssl=1\" alt=\"\" width=\"674\" height=\"245\" srcset=\"https:\/\/i0.wp.com\/www.manquepierda.com\/historiarealbetis\/files\/2019\/02\/Valencia-Betis-1976.jpg?w=674&amp;ssl=1 674w, https:\/\/i0.wp.com\/www.manquepierda.com\/historiarealbetis\/files\/2019\/02\/Valencia-Betis-1976.jpg?resize=220%2C80&amp;ssl=1 220w\" sizes=\"auto, (max-width: 674px) 100vw, 674px\" \/><\/a><\/p>\n<p>Finalmente en la edici\u00f3n de 2008 en octavos de final se cruzan Betis y Valencia tras haber eliminado respectivamente a Elche y Real Uni\u00f3n. El 9 de enero en el Ruiz de Lopera el Valencia se impone 1-2 con 2 tantos de Joaqu\u00edn para los visitantes y Pavone para los locales.<\/p>\n<p>En la vuelta en Mestalla el 16 de enero nuevo triunfo valencianista 2-1 con goles de Zigic y Vicente y Juanito. Atl\u00e9tico de Madrid y Barcelona caer\u00edan ante el Valencia, que se har\u00eda con el t\u00edtulo al vencer 3-1 al Getafe en Madrid.<\/p>\n","protected":false},"excerpt":{"rendered":"<p>Ma\u00f1ana Betis y Valencia inician la eliminatoria de las semifinales del Campeonato de Copa, en la b\u00fasqueda de una plaza en la gran final del 25 de mayo. Una final en la que el Betis lleva ausente 14 a\u00f1os, desde 2005, mientras que el Valencia no lo hace desde hace 11 a\u00f1os, desde 2008. El&#8230;<\/p>\n","protected":false},"author":5,"featured_media":67543,"comment_status":"open","ping_status":"open","sticky":false,"template":"","format":"standard","meta":{"_kad_post_transparent":"","_kad_post_title":"","_kad_post_layout":"","_kad_post_sidebar_id":"","_kad_post_content_style":"","_kad_post_vertical_padding":"","_kad_post_feature":"","_kad_post_feature_position":"","_kad_post_header":false,"_kad_post_footer":false,"_kad_post_classname":"","_jetpack_memberships_contains_paid_content":false,"footnotes":"","jetpack_publicize_message":"","jetpack_publicize_feature_enabled":true,"jetpack_social_post_already_shared":true,"jetpack_social_options":{"image_generator_settings":{"template":"highway","default_image_id":0,"font":"","enabled":false},"version":2}},"categories":[906,1],"tags":[265,2285],"class_list":["post-67542","post","type-post","status-publish","format-standard","has-post-thumbnail","hentry","category-investigacion-temas","category-portada","tag-copa","tag-valencia-cf"],"jetpack_publicize_connections":[],"jetpack_featured_media_url":"https:\/\/i0.wp.com\/www.manquepierda.com\/historiarealbetis\/files\/2019\/02\/Betis-Valencia.jpg?fit=613%2C377&ssl=1","jetpack_sharing_enabled":true,"jetpack_shortlink":"https:\/\/wp.me\/p1ij08-hzo","jetpack-related-posts":[],"_links":{"self":[{"href":"https:\/\/www.manquepierda.com\/historiarealbetis\/wp-json\/wp\/v2\/posts\/67542","targetHints":{"allow":["GET"]}}],"collection":[{"href":"https:\/\/www.manquepierda.com\/historiarealbetis\/wp-json\/wp\/v2\/posts"}],"about":[{"href":"https:\/\/www.manquepierda.com\/historiarealbetis\/wp-json\/wp\/v2\/types\/post"}],"author":[{"embeddable":true,"href":"https:\/\/www.manquepierda.com\/historiarealbetis\/wp-json\/wp\/v2\/users\/5"}],"replies":[{"embeddable":true,"href":"https:\/\/www.manquepierda.com\/historiarealbetis\/wp-json\/wp\/v2\/comments?post=67542"}],"version-history":[{"count":1,"href":"https:\/\/www.manquepierda.com\/historiarealbetis\/wp-json\/wp\/v2\/posts\/67542\/revisions"}],"predecessor-version":[{"id":98971,"href":"https:\/\/www.manquepierda.com\/historiarealbetis\/wp-json\/wp\/v2\/posts\/67542\/revisions\/98971"}],"wp:featuredmedia":[{"embeddable":true,"href":"https:\/\/www.manquepierda.com\/historiarealbetis\/wp-json\/wp\/v2\/media\/67543"}],"wp:attachment":[{"href":"https:\/\/www.manquepierda.com\/historiarealbetis\/wp-json\/wp\/v2\/media?parent=67542"}],"wp:term":[{"taxonomy":"category","embeddable":true,"href":"https:\/\/www.manquepierda.com\/historiarealbetis\/wp-json\/wp\/v2\/categories?post=67542"},{"taxonomy":"post_tag","embeddable":true,"href":"https:\/\/www.manquepierda.com\/historiarealbetis\/wp-json\/wp\/v2\/tags?post=67542"}],"curies":[{"name":"wp","href":"https:\/\/api.w.org\/{rel}","templated":true}]}}