{"id":67568,"date":"2024-02-09T12:00:00","date_gmt":"2024-02-09T11:00:00","guid":{"rendered":"http:\/\/www.manquepierda.com\/historiarealbetis\/?p=67568"},"modified":"2024-08-10T19:34:47","modified_gmt":"2024-08-10T17:34:47","slug":"hoy-hace-50-anos-20","status":"publish","type":"post","link":"https:\/\/www.manquepierda.com\/historiarealbetis\/hoy-hace-50-anos-20\/","title":{"rendered":"Hoy hace 55 a\u00f1os. Betis 3 C\u00e1diz 1."},"content":{"rendered":"<p><a href=\"https:\/\/i0.wp.com\/www.manquepierda.com\/historiarealbetis\/files\/2019\/02\/9-1969-Betis-3-C%C3%A1diz-1.jpg?ssl=1\"><img data-recalc-dims=\"1\" loading=\"lazy\" decoding=\"async\" class=\"aligncenter size-medium wp-image-67571\" src=\"https:\/\/i0.wp.com\/www.manquepierda.com\/historiarealbetis\/files\/2019\/02\/9-1969-Betis-3-C%C3%A1diz-1.jpg?resize=680%2C332&#038;ssl=1\" alt=\"\" width=\"680\" height=\"332\" srcset=\"https:\/\/i0.wp.com\/www.manquepierda.com\/historiarealbetis\/files\/2019\/02\/9-1969-Betis-3-C%C3%A1diz-1.jpg?resize=680%2C332&amp;ssl=1 680w, https:\/\/i0.wp.com\/www.manquepierda.com\/historiarealbetis\/files\/2019\/02\/9-1969-Betis-3-C%C3%A1diz-1.jpg?resize=220%2C107&amp;ssl=1 220w, https:\/\/i0.wp.com\/www.manquepierda.com\/historiarealbetis\/files\/2019\/02\/9-1969-Betis-3-C%C3%A1diz-1.jpg?resize=768%2C375&amp;ssl=1 768w, https:\/\/i0.wp.com\/www.manquepierda.com\/historiarealbetis\/files\/2019\/02\/9-1969-Betis-3-C%C3%A1diz-1.jpg?resize=960%2C468&amp;ssl=1 960w, https:\/\/i0.wp.com\/www.manquepierda.com\/historiarealbetis\/files\/2019\/02\/9-1969-Betis-3-C%C3%A1diz-1.jpg?w=1097&amp;ssl=1 1097w\" sizes=\"auto, (max-width: 680px) 100vw, 680px\" \/><\/a><\/p>\n<p><span style=\"color: #008000\">El 9 de febrero de 1969 el Betis derrota 3-1 al C\u00e1diz en partido de la jornada 22 del Campeonato de Liga de Segunda Divisi\u00f3n.<\/span><\/p>\n<p><span style=\"color: #008000\">Gonz\u00e1lez en el minuto 4, Quino en el 21 y Landa en el 42 ponen claro el marcador al t\u00e9rmino de la primera parte, acortando distancias Echave en el 64 para los gaditanos.<\/span><\/p>\n<p><span style=\"color: #008000\">El Betis, dirigido por Fernando Daucik, aline\u00f3 a Villanova; Telech\u00eda, D\u00edaz, Pach\u00f3n; Mellado, Ezequiel; Santi, Landa, Quino, Gonz\u00e1lez y Macario.<\/span><\/p>\n<p><span style=\"color: #008000\">El C\u00e1diz, entrenado por Julio Vilari\u00f1o, form\u00f3 con Mesa-Cruz; L\u00f3pez, Morno, Soriano; Ortega, Tucho; Mendoza, Acedo, Ricardo, Sierra y Echave.<\/span><\/p>\n","protected":false},"excerpt":{"rendered":"<p>El 9 de febrero de 1969 el Betis derrota 3-1 al C\u00e1diz en partido de la jornada 22 del Campeonato de Liga de Segunda Divisi\u00f3n. Gonz\u00e1lez en el minuto 4, Quino en el 21 y Landa en el 42 ponen claro el marcador al t\u00e9rmino de la primera parte, acortando distancias Echave en el 64&#8230;<\/p>\n","protected":false},"author":5,"featured_media":67571,"comment_status":"open","ping_status":"open","sticky":false,"template":"","format":"standard","meta":{"_kad_post_transparent":"","_kad_post_title":"","_kad_post_layout":"","_kad_post_sidebar_id":"","_kad_post_content_style":"","_kad_post_vertical_padding":"","_kad_post_feature":"","_kad_post_feature_position":"","_kad_post_header":false,"_kad_post_footer":false,"_kad_post_classname":"","_jetpack_memberships_contains_paid_content":false,"footnotes":"","jetpack_publicize_message":"","jetpack_publicize_feature_enabled":true,"jetpack_social_post_already_shared":true,"jetpack_social_options":{"image_generator_settings":{"template":"highway","default_image_id":0,"font":"","enabled":false},"version":2}},"categories":[902,14583,1],"tags":[4201,187,17792],"class_list":["post-67568","post","type-post","status-publish","format-standard","has-post-thumbnail","hentry","category-1960-1969","category-efemerides","category-portada","tag-4201","tag-cadiz-cf","tag-liga-segunda-1968-69"],"jetpack_publicize_connections":[],"jetpack_featured_media_url":"https:\/\/i0.wp.com\/www.manquepierda.com\/historiarealbetis\/files\/2019\/02\/9-1969-Betis-3-C%C3%A1diz-1.jpg?fit=1097%2C535&ssl=1","jetpack_sharing_enabled":true,"jetpack_shortlink":"https:\/\/wp.me\/p1ij08-hzO","jetpack-related-posts":[],"_links":{"self":[{"href":"https:\/\/www.manquepierda.com\/historiarealbetis\/wp-json\/wp\/v2\/posts\/67568","targetHints":{"allow":["GET"]}}],"collection":[{"href":"https:\/\/www.manquepierda.com\/historiarealbetis\/wp-json\/wp\/v2\/posts"}],"about":[{"href":"https:\/\/www.manquepierda.com\/historiarealbetis\/wp-json\/wp\/v2\/types\/post"}],"author":[{"embeddable":true,"href":"https:\/\/www.manquepierda.com\/historiarealbetis\/wp-json\/wp\/v2\/users\/5"}],"replies":[{"embeddable":true,"href":"https:\/\/www.manquepierda.com\/historiarealbetis\/wp-json\/wp\/v2\/comments?post=67568"}],"version-history":[{"count":1,"href":"https:\/\/www.manquepierda.com\/historiarealbetis\/wp-json\/wp\/v2\/posts\/67568\/revisions"}],"predecessor-version":[{"id":92476,"href":"https:\/\/www.manquepierda.com\/historiarealbetis\/wp-json\/wp\/v2\/posts\/67568\/revisions\/92476"}],"wp:featuredmedia":[{"embeddable":true,"href":"https:\/\/www.manquepierda.com\/historiarealbetis\/wp-json\/wp\/v2\/media\/67571"}],"wp:attachment":[{"href":"https:\/\/www.manquepierda.com\/historiarealbetis\/wp-json\/wp\/v2\/media?parent=67568"}],"wp:term":[{"taxonomy":"category","embeddable":true,"href":"https:\/\/www.manquepierda.com\/historiarealbetis\/wp-json\/wp\/v2\/categories?post=67568"},{"taxonomy":"post_tag","embeddable":true,"href":"https:\/\/www.manquepierda.com\/historiarealbetis\/wp-json\/wp\/v2\/tags?post=67568"}],"curies":[{"name":"wp","href":"https:\/\/api.w.org\/{rel}","templated":true}]}}