{"id":67599,"date":"2019-02-10T09:57:38","date_gmt":"2019-02-10T08:57:38","guid":{"rendered":"http:\/\/www.manquepierda.com\/historiarealbetis\/?p=67599"},"modified":"2019-02-09T07:12:21","modified_gmt":"2019-02-09T06:12:21","slug":"el-betis-de-manuel-diez-crespo","status":"publish","type":"post","link":"https:\/\/www.manquepierda.com\/historiarealbetis\/el-betis-de-manuel-diez-crespo\/","title":{"rendered":"El Betis, de Manuel D\u00edez-Crespo"},"content":{"rendered":"<p><a href=\"https:\/\/i0.wp.com\/www.manquepierda.com\/historiarealbetis\/files\/2019\/02\/26-Granada-Betis-imagen-1.jpg?ssl=1\"><img data-recalc-dims=\"1\" loading=\"lazy\" decoding=\"async\" class=\"aligncenter size-medium wp-image-67600\" src=\"https:\/\/i0.wp.com\/www.manquepierda.com\/historiarealbetis\/files\/2019\/02\/26-Granada-Betis-imagen-1.jpg?resize=680%2C596&#038;ssl=1\" alt=\"\" width=\"680\" height=\"596\" srcset=\"https:\/\/i0.wp.com\/www.manquepierda.com\/historiarealbetis\/files\/2019\/02\/26-Granada-Betis-imagen-1.jpg?resize=680%2C596&amp;ssl=1 680w, https:\/\/i0.wp.com\/www.manquepierda.com\/historiarealbetis\/files\/2019\/02\/26-Granada-Betis-imagen-1.jpg?resize=220%2C193&amp;ssl=1 220w, https:\/\/i0.wp.com\/www.manquepierda.com\/historiarealbetis\/files\/2019\/02\/26-Granada-Betis-imagen-1.jpg?resize=768%2C673&amp;ssl=1 768w, https:\/\/i0.wp.com\/www.manquepierda.com\/historiarealbetis\/files\/2019\/02\/26-Granada-Betis-imagen-1.jpg?resize=798%2C700&amp;ssl=1 798w, https:\/\/i0.wp.com\/www.manquepierda.com\/historiarealbetis\/files\/2019\/02\/26-Granada-Betis-imagen-1.jpg?w=909&amp;ssl=1 909w\" sizes=\"auto, (max-width: 680px) 100vw, 680px\" \/><\/a><\/p>\n<p>El texto que hoy traemos se public\u00f3 en el diario Sevilla en junio de 1967 coincidiendo con el ascenso del Betis a Primera Divisi\u00f3n tras imponerse en la eliminatoria de promoci\u00f3n al Granada, a quien venci\u00f3 2-0 en el Villamar\u00edn y 0-1 en Los C\u00e1rmenes.<\/p>\n<p>Su autor es Manuel D\u00edez-Crespo, escritor, periodista y poeta de la generaci\u00f3n del 27 nacido en Ecija en 1911 y radicado en Madrid desde los a\u00f1os 40.<\/p>\n<p>En el texto expresa su admiraci\u00f3n y simpat\u00eda por el Betis, aunque confiesa su ignorancia sobre el mundo del bal\u00f3n ( \u00ab<em>Yo no s\u00e9 nada de f\u00fatbol, sino de Betis\u00bb). <\/em>Y realiza una atrevida comparaci\u00f3n con Rafael G\u00f3mez Ortega, \u00abEl Gallo\u00bb, torero gaditano con una vida llena de an\u00e9cdotas y prototipo del torero artista, adem\u00e1s de citar tambi\u00e9n a Manolo Caracol, incluyendo al Betis en su definici\u00f3n de genio: <em>\u00abel artista que lo mismo puede estar por el cielo que por el suelo\u00bb.\u00a0<\/em><\/p>\n<p><span style=\"color: #008000\"><em>Bueno, esto de hablar del Betis refiri\u00e9ndonos al r\u00edo mutilado que pasa por Sevilla, pod\u00eda ser un reflejo cultural importante de la proyecci\u00f3n sobre el Manzanares de una v\u00eda fluvial ardiente y llena de finos cristales sensibles a toda cultura nacional. Betis\u2014el sacro Betis oliv\u00edfero\u2014como sensibilidad, arte, literatura, poes\u00eda y pensamiento.<\/em><\/span><\/p>\n<p><span style=\"color: #008000\"><em>Pero, no vamos a hablar del Betis r\u00edo, o sea Guadalquivir, sino del Betis f\u00fatbol, o sea Real Betis Balompi\u00e9.<\/em><\/span><\/p>\n<p><span style=\"color: #008000\"><em>Y, \u00bfa qu\u00e9 viene esto? Pues viene a que ese equipo sevillano, cuyos reflejos en este Madrid tienen duende, ha sido\u2014y sigue siendo\u2014el tema de conversaci\u00f3n en estos d\u00edas en todas las pe\u00f1as culturales e intelectuales que conozco en la capital. El Betis nos ha tenido sacados de nuestras casillas por aquello de su posible ascenso a la Divisi\u00f3n de Honor.<\/em><\/span><\/p>\n<p><span style=\"color: #008000\"><em>Y bien; \u00bfqu\u00e9 tiene este Betis que aqu\u00ed, cuando se habla de \u00e9l, las caras cambian, se produce una sonrisa llena de simpat\u00eda en el que pronuncia su nombre, y est\u00e1 un poco al margen de su misi\u00f3n puramente deportiva? Cuando en estas pe\u00f1as de Madrid se habla del Betis, parece que se refieren no a un equipo de f\u00fatbol, sino a un artista con personalidad y duende, no propio de estos tiempos. El Betis, m\u00e1s que un equipo, es una persona con sus gracias especiales. No s\u00e9, pero a veces, cuando veo esas caras transfiguradas de muchos ilustres madrile\u00f1os que conozco, al hablar del Betis, vienen a ser las mismas expresiones que cuando se habla de \u201cEl Gallo\u201d y asimismo cuando se le recuerda en su toreo y en sus an\u00e9cdotas. An\u00e9cdotas de genio y de ni\u00f1o de ocho a\u00f1os. As\u00ed es el Betis.<\/em><\/span><\/p>\n<p><span style=\"color: #008000\"><em>En Madrid estas alternativas, estas genialidades y pericias b\u00e9ticas se comprenden muy bien. Ya cortado el r\u00edo a pocos metros despu\u00e9s del puente de Triana, el Betis Balompi\u00e9 salta, por entre \u00e1lamos y olivos,\u00a0 camino de Despe\u00f1aperros y entra por Atocha a la plaza de la Cibeles, para alimentar con toda su cultura fluvial, deportiva, personal\u00edsima, pintoresca, y con destellos geniales, a todas las charlas de escritores, m\u00e9dicos, intelectuales o, por mejor decir, de ese \u201ctodo Madrid\u201d que tiene alma de esponja. Entra el Betis por la calle\u00a0 de Alcal\u00e1 y le vemos en esp\u00edritu como a Rafael El Gallo. Un genio del toreo que cierta vez me lo defini\u00f3 aquel fabuloso ser que se llamaba Caracol: Un genio\u2014vino a decirme\u2014es el artista que lo mismo puede estar por el cielo que por el suelo.<\/em><\/span><\/p>\n<p><span style=\"color: #008000\"><em>Y el Betis, camino de su cielo, es ya una deidad reflejada en el curso del r\u00edo que lleva este nombre. Lo mismo hubiera podido estar en estas horas por el suelo. Yo me permito incluirlo en la clasificaci\u00f3n de genio que hac\u00eda Caracol.<\/em><\/span><\/p>\n<p><span style=\"color: #008000\"><em>El Betis, no un equipo, sino un esp\u00edritu, una persona que se abre en verdiblancas promesas o se hunde por buler\u00edas con un llanto de guitarra al fondo. Yo no s\u00e9 nada de f\u00fatbol, sino de Betis. Los que saben de lo primero nos aseguran el triunfo total. Para m\u00ed, que as\u00ed lo deseo, me basta con el esc\u00e1ndalo cultural que el Betis ha armado estos d\u00edas en los Madriles. Como un genio del cante o del toreo.<\/em><\/span><\/p>\n<p><span style=\"color: #008000\"><em>Y\u2026\u00a1a la gloria en angarillas\u00a1\u00a0\u00a0 \u00a0\u00a0\u00a0\u00a0<\/em><\/span><\/p>\n","protected":false},"excerpt":{"rendered":"<p>El texto que hoy traemos se public\u00f3 en el diario Sevilla en junio de 1967 coincidiendo con el ascenso del Betis a Primera Divisi\u00f3n tras imponerse en la eliminatoria de promoci\u00f3n al Granada, a quien venci\u00f3 2-0 en el Villamar\u00edn y 0-1 en Los C\u00e1rmenes. Su autor es Manuel D\u00edez-Crespo, escritor, periodista y poeta de&#8230;<\/p>\n","protected":false},"author":5,"featured_media":67600,"comment_status":"open","ping_status":"open","sticky":false,"template":"","format":"standard","meta":{"_kad_post_transparent":"","_kad_post_title":"","_kad_post_layout":"","_kad_post_sidebar_id":"","_kad_post_content_style":"","_kad_post_vertical_padding":"","_kad_post_feature":"","_kad_post_feature_position":"","_kad_post_header":false,"_kad_post_footer":false,"_kad_post_classname":"","_jetpack_memberships_contains_paid_content":false,"footnotes":"","jetpack_publicize_message":"","jetpack_publicize_feature_enabled":true,"jetpack_social_post_already_shared":true,"jetpack_social_options":{"image_generator_settings":{"template":"highway","default_image_id":0,"font":"","enabled":false},"version":2}},"categories":[1,1176],"tags":[16878],"class_list":["post-67599","post","type-post","status-publish","format-standard","has-post-thumbnail","hentry","category-portada","category-relatos-de-futbol","tag-manuel-diez-crespo"],"jetpack_publicize_connections":[],"jetpack_featured_media_url":"https:\/\/i0.wp.com\/www.manquepierda.com\/historiarealbetis\/files\/2019\/02\/26-Granada-Betis-imagen-1.jpg?fit=909%2C797&ssl=1","jetpack_sharing_enabled":true,"jetpack_shortlink":"https:\/\/wp.me\/p1ij08-hAj","jetpack-related-posts":[],"_links":{"self":[{"href":"https:\/\/www.manquepierda.com\/historiarealbetis\/wp-json\/wp\/v2\/posts\/67599","targetHints":{"allow":["GET"]}}],"collection":[{"href":"https:\/\/www.manquepierda.com\/historiarealbetis\/wp-json\/wp\/v2\/posts"}],"about":[{"href":"https:\/\/www.manquepierda.com\/historiarealbetis\/wp-json\/wp\/v2\/types\/post"}],"author":[{"embeddable":true,"href":"https:\/\/www.manquepierda.com\/historiarealbetis\/wp-json\/wp\/v2\/users\/5"}],"replies":[{"embeddable":true,"href":"https:\/\/www.manquepierda.com\/historiarealbetis\/wp-json\/wp\/v2\/comments?post=67599"}],"version-history":[{"count":0,"href":"https:\/\/www.manquepierda.com\/historiarealbetis\/wp-json\/wp\/v2\/posts\/67599\/revisions"}],"wp:featuredmedia":[{"embeddable":true,"href":"https:\/\/www.manquepierda.com\/historiarealbetis\/wp-json\/wp\/v2\/media\/67600"}],"wp:attachment":[{"href":"https:\/\/www.manquepierda.com\/historiarealbetis\/wp-json\/wp\/v2\/media?parent=67599"}],"wp:term":[{"taxonomy":"category","embeddable":true,"href":"https:\/\/www.manquepierda.com\/historiarealbetis\/wp-json\/wp\/v2\/categories?post=67599"},{"taxonomy":"post_tag","embeddable":true,"href":"https:\/\/www.manquepierda.com\/historiarealbetis\/wp-json\/wp\/v2\/tags?post=67599"}],"curies":[{"name":"wp","href":"https:\/\/api.w.org\/{rel}","templated":true}]}}