{"id":67606,"date":"2019-02-12T09:39:42","date_gmt":"2019-02-12T08:39:42","guid":{"rendered":"http:\/\/www.manquepierda.com\/historiarealbetis\/?p=67606"},"modified":"2026-01-27T08:04:03","modified_gmt":"2026-01-27T07:04:03","slug":"david-belenguer","status":"publish","type":"post","link":"https:\/\/www.manquepierda.com\/historiarealbetis\/david-belenguer\/","title":{"rendered":"David Belenguer"},"content":{"rendered":"<p><a href=\"https:\/\/i0.wp.com\/www.manquepierda.com\/historiarealbetis\/files\/2019\/02\/Belenguer-22-07-2002.jpg?ssl=1\"><img data-recalc-dims=\"1\" loading=\"lazy\" decoding=\"async\" class=\"aligncenter size-full wp-image-67607\" src=\"https:\/\/i0.wp.com\/www.manquepierda.com\/historiarealbetis\/files\/2019\/02\/Belenguer-22-07-2002.jpg?resize=297%2C450&#038;ssl=1\" alt=\"\" width=\"297\" height=\"450\" srcset=\"https:\/\/i0.wp.com\/www.manquepierda.com\/historiarealbetis\/files\/2019\/02\/Belenguer-22-07-2002.jpg?w=297&amp;ssl=1 297w, https:\/\/i0.wp.com\/www.manquepierda.com\/historiarealbetis\/files\/2019\/02\/Belenguer-22-07-2002.jpg?resize=145%2C220&amp;ssl=1 145w\" sizes=\"auto, (max-width: 297px) 100vw, 297px\" \/><\/a><\/p>\n<p><strong>David Belenguer Reverte<\/strong>, nacido en Vilassar de Mar (Barcelona) el 17 de diciembre de 1972.<\/p>\n<p>Defensa.<\/p>\n<p>Tras jugar en los escalafones inferiores del Real Madrid tuvo una prolongada carrera en la que pas\u00f3 por el Palam\u00f3s, Legan\u00e9s, Celta, Lleida, Albacete y Extremadura club desde el que fue fichado por el Betis en agosto de 2000 por 3 temporadas.<\/p>\n<p>Su debut como jugador b\u00e9tico tuvo lugar el 20 de agosto de 2000 en la final del Trofeo Colombino frente al Recreativo de Huelva, donde jug\u00f3 74 minutos del partido para ser luego sustituido por Juan Merino. Su debut en partido oficial con el Betis fue pocos d\u00edas despu\u00e9s, el 3 de septiembre, en el primer partido de Liga contra el Compostela en terreno gallego, donde se aline\u00f3 de titular en el eje de la defensa.\u00a0 Esa temporada inicial fue magn\u00edfica, jugando todos los partidos de Liga, excepto uno, y consiguiendo un gol fundamental para el ascenso en el pen\u00faltimo partido de Liga en casa contra el Recreativo.<\/p>\n<p>A final de la temporada 2002-03 qued\u00f3 en libertad y firm\u00f3 por el Getafe CF, contribuyendo de forma importante al ascenso a Primera del equipo azul\u00f3n, y a los \u00e9xitos del equipo en los a\u00f1os sucesivos, como la disputa de 2 finales de Copa o el destacado papel jugado en la Copa de la Uefa.<\/p>\n<p>Tras 7 temporadas en el Getafe retorn\u00f3 al Betis en el verano de 2010 para ayudar al ascenso del equipo verdiblanco esa temporada, tras la que se retir\u00f3 del f\u00fatbol con 39 a\u00f1os.<\/p>\n<p>Historial<\/p>\n<table width=\"249\">\n<tbody>\n<tr>\n<td width=\"80\">1992-93<\/td>\n<td width=\"89\">Real Madrid C<\/td>\n<td width=\"80\">Tercera<\/td>\n<\/tr>\n<tr>\n<td>1993-94<\/td>\n<td>Palam\u00f3s<\/td>\n<td>Segunda<\/td>\n<\/tr>\n<tr>\n<td>1994-95<\/td>\n<td>Palam\u00f3s<\/td>\n<td>Segunda<\/td>\n<\/tr>\n<tr>\n<td>1995-96<\/td>\n<td>Legan\u00e9s<\/td>\n<td>Segunda<\/td>\n<\/tr>\n<tr>\n<td>1996-97<\/td>\n<td>Celta<\/td>\n<td>Primera<\/td>\n<\/tr>\n<tr>\n<td>1996-97<\/td>\n<td>Lleida<\/td>\n<td>Segunda<\/td>\n<\/tr>\n<tr>\n<td>1997-98<\/td>\n<td>Albacete<\/td>\n<td>Segunda<\/td>\n<\/tr>\n<tr>\n<td>1998-99<\/td>\n<td>Extremadura<\/td>\n<td>Primera<\/td>\n<\/tr>\n<tr>\n<td>1999-00<\/td>\n<td>Extremadura<\/td>\n<td>Segunda<\/td>\n<\/tr>\n<tr>\n<td>2000-01<\/td>\n<td>Betis<\/td>\n<td>Segunda<\/td>\n<\/tr>\n<tr>\n<td>2001-02<\/td>\n<td>Betis<\/td>\n<td>Primera<\/td>\n<\/tr>\n<tr>\n<td>2002-03<\/td>\n<td>Betis<\/td>\n<td>Primera<\/td>\n<\/tr>\n<tr>\n<td>2003-04<\/td>\n<td>Getafe<\/td>\n<td>Segunda<\/td>\n<\/tr>\n<tr>\n<td>2004-05<\/td>\n<td>Getafe<\/td>\n<td>Primera<\/td>\n<\/tr>\n<tr>\n<td>2005-06<\/td>\n<td>Getafe<\/td>\n<td>Primera<\/td>\n<\/tr>\n<tr>\n<td>2006-07<\/td>\n<td>Getafe<\/td>\n<td>Primera<\/td>\n<\/tr>\n<tr>\n<td>2007-08<\/td>\n<td>Getafe<\/td>\n<td>Primera<\/td>\n<\/tr>\n<tr>\n<td>2008-09<\/td>\n<td>Getafe<\/td>\n<td>Primera<\/td>\n<\/tr>\n<tr>\n<td>2009-10<\/td>\n<td>Getafe<\/td>\n<td>Primera<\/td>\n<\/tr>\n<tr>\n<td>2010-11<\/td>\n<td>Betis<\/td>\n<td>Segunda<\/td>\n<\/tr>\n<\/tbody>\n<\/table>\n<p>En sus 4 temporadas en el Betis Belenguer jug\u00f3 85 partidos de Liga, marcando 1 gol, 5 de Copa y 43 amistosos.<\/p>\n","protected":false},"excerpt":{"rendered":"<p>David Belenguer Reverte, nacido en Vilassar de Mar (Barcelona) el 17 de diciembre de 1972. Defensa. Tras jugar en los escalafones inferiores del Real Madrid tuvo una prolongada carrera en la que pas\u00f3 por el Palam\u00f3s, Legan\u00e9s, Celta, Lleida, Albacete y Extremadura club desde el que fue fichado por el Betis en agosto de 2000&#8230;<\/p>\n","protected":false},"author":5,"featured_media":67607,"comment_status":"open","ping_status":"open","sticky":false,"template":"","format":"standard","meta":{"_kad_post_transparent":"","_kad_post_title":"","_kad_post_layout":"","_kad_post_sidebar_id":"","_kad_post_content_style":"","_kad_post_vertical_padding":"","_kad_post_feature":"","_kad_post_feature_position":"","_kad_post_header":false,"_kad_post_footer":false,"_kad_post_classname":"","_jetpack_memberships_contains_paid_content":false,"footnotes":"","jetpack_publicize_message":"","jetpack_publicize_feature_enabled":true,"jetpack_social_post_already_shared":true,"jetpack_social_options":{"image_generator_settings":{"template":"highway","default_image_id":0,"font":"","enabled":false},"version":2}},"categories":[893,1],"tags":[1486],"class_list":["post-67606","post","type-post","status-publish","format-standard","has-post-thumbnail","hentry","category-jugadores-temas","category-portada","tag-david-belenguer"],"jetpack_publicize_connections":[],"jetpack_featured_media_url":"https:\/\/i0.wp.com\/www.manquepierda.com\/historiarealbetis\/files\/2019\/02\/Belenguer-22-07-2002.jpg?fit=297%2C450&ssl=1","jetpack_sharing_enabled":true,"jetpack_shortlink":"https:\/\/wp.me\/p1ij08-hAq","jetpack-related-posts":[],"_links":{"self":[{"href":"https:\/\/www.manquepierda.com\/historiarealbetis\/wp-json\/wp\/v2\/posts\/67606","targetHints":{"allow":["GET"]}}],"collection":[{"href":"https:\/\/www.manquepierda.com\/historiarealbetis\/wp-json\/wp\/v2\/posts"}],"about":[{"href":"https:\/\/www.manquepierda.com\/historiarealbetis\/wp-json\/wp\/v2\/types\/post"}],"author":[{"embeddable":true,"href":"https:\/\/www.manquepierda.com\/historiarealbetis\/wp-json\/wp\/v2\/users\/5"}],"replies":[{"embeddable":true,"href":"https:\/\/www.manquepierda.com\/historiarealbetis\/wp-json\/wp\/v2\/comments?post=67606"}],"version-history":[{"count":2,"href":"https:\/\/www.manquepierda.com\/historiarealbetis\/wp-json\/wp\/v2\/posts\/67606\/revisions"}],"predecessor-version":[{"id":106652,"href":"https:\/\/www.manquepierda.com\/historiarealbetis\/wp-json\/wp\/v2\/posts\/67606\/revisions\/106652"}],"wp:featuredmedia":[{"embeddable":true,"href":"https:\/\/www.manquepierda.com\/historiarealbetis\/wp-json\/wp\/v2\/media\/67607"}],"wp:attachment":[{"href":"https:\/\/www.manquepierda.com\/historiarealbetis\/wp-json\/wp\/v2\/media?parent=67606"}],"wp:term":[{"taxonomy":"category","embeddable":true,"href":"https:\/\/www.manquepierda.com\/historiarealbetis\/wp-json\/wp\/v2\/categories?post=67606"},{"taxonomy":"post_tag","embeddable":true,"href":"https:\/\/www.manquepierda.com\/historiarealbetis\/wp-json\/wp\/v2\/tags?post=67606"}],"curies":[{"name":"wp","href":"https:\/\/api.w.org\/{rel}","templated":true}]}}