{"id":67618,"date":"2019-02-13T09:32:42","date_gmt":"2019-02-13T08:32:42","guid":{"rendered":"http:\/\/www.manquepierda.com\/historiarealbetis\/?p=67618"},"modified":"2025-07-20T15:39:14","modified_gmt":"2025-07-20T13:39:14","slug":"el-fichaje-de-vital-1980","status":"publish","type":"post","link":"https:\/\/www.manquepierda.com\/historiarealbetis\/el-fichaje-de-vital-1980\/","title":{"rendered":"El fichaje de Vital 1980"},"content":{"rendered":"<p><a href=\"https:\/\/i0.wp.com\/www.manquepierda.com\/historiarealbetis\/files\/2019\/02\/Llegada-de-Vital-1.jpg?ssl=1\"><img data-recalc-dims=\"1\" loading=\"lazy\" decoding=\"async\" class=\"aligncenter size-full wp-image-67619\" src=\"https:\/\/i0.wp.com\/www.manquepierda.com\/historiarealbetis\/files\/2019\/02\/Llegada-de-Vital-1.jpg?resize=284%2C449&#038;ssl=1\" alt=\"\" width=\"284\" height=\"449\" srcset=\"https:\/\/i0.wp.com\/www.manquepierda.com\/historiarealbetis\/files\/2019\/02\/Llegada-de-Vital-1.jpg?w=284&amp;ssl=1 284w, https:\/\/i0.wp.com\/www.manquepierda.com\/historiarealbetis\/files\/2019\/02\/Llegada-de-Vital-1.jpg?resize=139%2C220&amp;ssl=1 139w\" sizes=\"auto, (max-width: 284px) 100vw, 284px\" \/><\/a><\/p>\n<p>En el verano de 1979 el Betis fich\u00f3 a Antonio Oliveira desde el Oporto. Oliveira era la gran figura, junto a Andre Gomes, del equipo portista y su fichaje se fue a la cantidad de 42 millones de pesetas, el fichaje m\u00e1s caro hasta ese momento en la historia verdiblanca.<\/p>\n<p>Pero el centrocampista portugu\u00e9s no cuaj\u00f3 para nada en el Betis y a comienzos de febrero se plante\u00f3 su vuelta al Oporto, y traer a Francisco Vital, un delantero centro de 24 a\u00f1os que estaba a la sombra de Gomes pero que pod\u00eda ayudar a incrementar la capacidad goleadora del equipo.<\/p>\n<p>Vital lleg\u00f3 a Sevilla el mi\u00e9rcoles 5 de febrero para firmar por el Betis por lo que quedaba de temporada y otra m\u00e1s, y al d\u00eda siguiente\u00a0 ya se entren\u00f3 en el Villamar\u00edn con el resto de la plantilla.<\/p>\n<p><a href=\"https:\/\/i0.wp.com\/www.manquepierda.com\/historiarealbetis\/files\/2019\/02\/Llegada-de-Vital-2.jpg?ssl=1\"><img data-recalc-dims=\"1\" loading=\"lazy\" decoding=\"async\" class=\"aligncenter size-full wp-image-67620\" src=\"https:\/\/i0.wp.com\/www.manquepierda.com\/historiarealbetis\/files\/2019\/02\/Llegada-de-Vital-2.jpg?resize=582%2C370&#038;ssl=1\" alt=\"\" width=\"582\" height=\"370\" srcset=\"https:\/\/i0.wp.com\/www.manquepierda.com\/historiarealbetis\/files\/2019\/02\/Llegada-de-Vital-2.jpg?w=582&amp;ssl=1 582w, https:\/\/i0.wp.com\/www.manquepierda.com\/historiarealbetis\/files\/2019\/02\/Llegada-de-Vital-2.jpg?resize=220%2C140&amp;ssl=1 220w\" sizes=\"auto, (max-width: 582px) 100vw, 582px\" \/><\/a><\/p>\n<p>En la imagen el preparador f\u00edsico Chema Ca\u00f1izares controla las pulsaciones de Vital durante su primer entrenamiento.<\/p>\n<p>Ese fin de semana Vital debut\u00f3 con la camiseta verdiblanca en el Franco Navarro en el Almer\u00eda 1 Betis 1, disputando 62 minutos de juego antes de ser sustituido por Hugo Cabezas.<\/p>\n<p>Vital disput\u00f3 esa temporada 13 partidos de Liga y 3 de Copa, haciendo un gol en el torneo copero. A final de temporada qued\u00f3 en libertad retornado al f\u00fatbol portugu\u00e9s.<\/p>\n","protected":false},"excerpt":{"rendered":"<p>En el verano de 1979 el Betis fich\u00f3 a Antonio Oliveira desde el Oporto. Oliveira era la gran figura, junto a Andre Gomes, del equipo portista y su fichaje se fue a la cantidad de 42 millones de pesetas, el fichaje m\u00e1s caro hasta ese momento en la historia verdiblanca. Pero el centrocampista portugu\u00e9s no&#8230;<\/p>\n","protected":false},"author":5,"featured_media":67619,"comment_status":"open","ping_status":"open","sticky":false,"template":"","format":"standard","meta":{"_kad_post_transparent":"","_kad_post_title":"","_kad_post_layout":"","_kad_post_sidebar_id":"","_kad_post_content_style":"","_kad_post_vertical_padding":"","_kad_post_feature":"","_kad_post_feature_position":"","_kad_post_header":false,"_kad_post_footer":false,"_kad_post_classname":"","_jetpack_memberships_contains_paid_content":false,"footnotes":"","jetpack_publicize_message":"","jetpack_publicize_feature_enabled":true,"jetpack_social_post_already_shared":true,"jetpack_social_options":{"image_generator_settings":{"template":"highway","default_image_id":0,"font":"","enabled":false},"version":2}},"categories":[904,1],"tags":[2641,1093,9079,16879,3949],"class_list":["post-67618","post","type-post","status-publish","format-standard","has-post-thumbnail","hentry","category-1980-1989","category-portada","tag-1979-80","tag-1093","tag-fc-porto","tag-francisco-vital","tag-jose-maria-canizares-chema"],"jetpack_publicize_connections":[],"jetpack_featured_media_url":"https:\/\/i0.wp.com\/www.manquepierda.com\/historiarealbetis\/files\/2019\/02\/Llegada-de-Vital-1.jpg?fit=284%2C449&ssl=1","jetpack_sharing_enabled":true,"jetpack_shortlink":"https:\/\/wp.me\/p1ij08-hAC","jetpack-related-posts":[],"_links":{"self":[{"href":"https:\/\/www.manquepierda.com\/historiarealbetis\/wp-json\/wp\/v2\/posts\/67618","targetHints":{"allow":["GET"]}}],"collection":[{"href":"https:\/\/www.manquepierda.com\/historiarealbetis\/wp-json\/wp\/v2\/posts"}],"about":[{"href":"https:\/\/www.manquepierda.com\/historiarealbetis\/wp-json\/wp\/v2\/types\/post"}],"author":[{"embeddable":true,"href":"https:\/\/www.manquepierda.com\/historiarealbetis\/wp-json\/wp\/v2\/users\/5"}],"replies":[{"embeddable":true,"href":"https:\/\/www.manquepierda.com\/historiarealbetis\/wp-json\/wp\/v2\/comments?post=67618"}],"version-history":[{"count":1,"href":"https:\/\/www.manquepierda.com\/historiarealbetis\/wp-json\/wp\/v2\/posts\/67618\/revisions"}],"predecessor-version":[{"id":103958,"href":"https:\/\/www.manquepierda.com\/historiarealbetis\/wp-json\/wp\/v2\/posts\/67618\/revisions\/103958"}],"wp:featuredmedia":[{"embeddable":true,"href":"https:\/\/www.manquepierda.com\/historiarealbetis\/wp-json\/wp\/v2\/media\/67619"}],"wp:attachment":[{"href":"https:\/\/www.manquepierda.com\/historiarealbetis\/wp-json\/wp\/v2\/media?parent=67618"}],"wp:term":[{"taxonomy":"category","embeddable":true,"href":"https:\/\/www.manquepierda.com\/historiarealbetis\/wp-json\/wp\/v2\/categories?post=67618"},{"taxonomy":"post_tag","embeddable":true,"href":"https:\/\/www.manquepierda.com\/historiarealbetis\/wp-json\/wp\/v2\/tags?post=67618"}],"curies":[{"name":"wp","href":"https:\/\/api.w.org\/{rel}","templated":true}]}}