{"id":67654,"date":"2019-02-16T09:31:40","date_gmt":"2019-02-16T08:31:40","guid":{"rendered":"http:\/\/www.manquepierda.com\/historiarealbetis\/?p=67654"},"modified":"2024-09-15T10:24:01","modified_gmt":"2024-09-15T08:24:01","slug":"nos-visita-el-deportivo-alaves","status":"publish","type":"post","link":"https:\/\/www.manquepierda.com\/historiarealbetis\/nos-visita-el-deportivo-alaves\/","title":{"rendered":"Nos visita el Deportivo Alav\u00e9s"},"content":{"rendered":"<p><a href=\"https:\/\/i0.wp.com\/www.manquepierda.com\/historiarealbetis\/files\/2019\/02\/Alav%C3%A9s-2018-19.jpg?ssl=1\"><img data-recalc-dims=\"1\" loading=\"lazy\" decoding=\"async\" class=\"aligncenter size-medium wp-image-67655\" src=\"https:\/\/i0.wp.com\/www.manquepierda.com\/historiarealbetis\/files\/2019\/02\/Alav%C3%A9s-2018-19.jpg?resize=680%2C446&#038;ssl=1\" alt=\"\" width=\"680\" height=\"446\" srcset=\"https:\/\/i0.wp.com\/www.manquepierda.com\/historiarealbetis\/files\/2019\/02\/Alav%C3%A9s-2018-19.jpg?resize=680%2C446&amp;ssl=1 680w, https:\/\/i0.wp.com\/www.manquepierda.com\/historiarealbetis\/files\/2019\/02\/Alav%C3%A9s-2018-19.jpg?resize=220%2C144&amp;ssl=1 220w, https:\/\/i0.wp.com\/www.manquepierda.com\/historiarealbetis\/files\/2019\/02\/Alav%C3%A9s-2018-19.jpg?resize=768%2C504&amp;ssl=1 768w, https:\/\/i0.wp.com\/www.manquepierda.com\/historiarealbetis\/files\/2019\/02\/Alav%C3%A9s-2018-19.jpg?w=823&amp;ssl=1 823w\" sizes=\"auto, (max-width: 680px) 100vw, 680px\" \/><\/a><\/p>\n<p>Ma\u00f1ana recibimos en el Villamar\u00edn al Deportivo Alav\u00e9s, fundado en 1921 y que ha jugado 14 temporadas en Primera Divisi\u00f3n, 37 en Segunda, 12 en Segunda B y 22 en Tercera.<\/p>\n<p>Su primera visita a terreno b\u00e9tico tuvo lugar el 23 de junio de 1929, cuando el equipo b\u00e9tico se impuso en el Patronato 3-2 en partido de Segunda Divisi\u00f3n.<\/p>\n<p>Han sido un total de 15 los partidos oficiales disputados en campo b\u00e9tico, as\u00ed repartidos: 8 encuentros en Primera Divisi\u00f3n (5 victorias locales, 1 empate y 2 victorias visitantes), 1 partido de promoci\u00f3n a Primera Divisi\u00f3n, con victoria local, 5 encuentros en Segunda Divisi\u00f3n (4 victorias b\u00e9ticas y una alavesista) y 1 partido de Copa, con victoria verdiblanca.<\/p>\n<p>En estos 15 partidos en terreno b\u00e9tico el jugador local que m\u00e1s veces ha intervenido es Joaqu\u00edn S\u00e1nchez (5), seguido de Adolfito y Prats (4). Los futbolistas b\u00e9ticos que m\u00e1s goles han marcado al Alav\u00e9s en terreno verdiblanco son Ansola, Aranda, Botella, Cela, Fernando, Joaqu\u00edn, Pallar\u00e9s, Quino y Sobrado, con 2 tantos cada uno. Y es Juan Armet \u00abKink\u00e9\u00bb el entrenador que m\u00e1s veces ha dirigido en Sevilla al Betis contra el Alav\u00e9s, en 3 ocasiones.<\/p>\n<p>Entre los jugadores que han jugado en el Betis y el Alav\u00e9s podemos citar a Francisco Alava, Fernando Aramburu, Luis Mar\u00eda Arana, Jos\u00e9 Luis Barandica, Bernardo Aguirregomezcorta, Darko Brasanac, V\u00edctor Camarasa, Enrique Malo, Zouahir Feddal, Jes\u00fas Mar\u00eda Fern\u00e1ndez, Ronald Gaspercic, Miguel Goicoechea, I\u00f1aki Goitia, Gregorio Heredia, Julio Iglesias, Mario Inchausti, Takashi Inui, Isidoro Rodr\u00edguez, Ismael L\u00f3pez, Jos\u00e9 Tom\u00e1s \u201cJosete\u201d, Juan Manuel G\u00f3mez \u201cJuanma\u201d, Sim\u00f3n Lecue, Celso Ortigosa, Alex Ortiz, Daniel Pacheco, Mart\u00edn Palermo, Manuel Pe\u00f1a, Diego Segura, V\u00edctor Torres Mestre, Jes\u00fas Ubis y Victorio Unamuno.<\/p>\n<p>Entre los entrenadores Rafael Iriond,\u00a0 y Pepe Mel<\/p>\n","protected":false},"excerpt":{"rendered":"<p>Ma\u00f1ana recibimos en el Villamar\u00edn al Deportivo Alav\u00e9s, fundado en 1921 y que ha jugado 14 temporadas en Primera Divisi\u00f3n, 37 en Segunda, 12 en Segunda B y 22 en Tercera. Su primera visita a terreno b\u00e9tico tuvo lugar el 23 de junio de 1929, cuando el equipo b\u00e9tico se impuso en el Patronato 3-2&#8230;<\/p>\n","protected":false},"author":5,"featured_media":67655,"comment_status":"open","ping_status":"open","sticky":false,"template":"","format":"standard","meta":{"_kad_post_transparent":"","_kad_post_title":"","_kad_post_layout":"","_kad_post_sidebar_id":"","_kad_post_content_style":"","_kad_post_vertical_padding":"","_kad_post_feature":"","_kad_post_feature_position":"","_kad_post_header":false,"_kad_post_footer":false,"_kad_post_classname":"","_jetpack_memberships_contains_paid_content":false,"footnotes":"","jetpack_publicize_message":"","jetpack_publicize_feature_enabled":true,"jetpack_social_post_already_shared":true,"jetpack_social_options":{"image_generator_settings":{"template":"highway","default_image_id":0,"font":"","enabled":false},"version":2}},"categories":[895,1],"tags":[1311,9831,15520,12421,16617,984,302,2585,5061,2508,7261,3929,3279,1132,5062,3926,4063,1054,2426,3862,11602,1425,1042,4018,11603,655,1215,1398,1043,16858,16414,3753,983,16415],"class_list":["post-67654","post","type-post","status-publish","format-standard","has-post-thumbnail","hentry","category-los-rivales","category-portada","tag-alex-ortiz","tag-bernardo-aguirregomezcorta","tag-celso-ortigosa","tag-daniel-pacheco","tag-darko-brasanac","tag-deportivo-alaves","tag-diego-segura","tag-enrique-malo","tag-fernando-aramburu","tag-francisco-alava","tag-gregorio-heredia","tag-inaki-goitia","tag-isidoro-rodriguez","tag-ismael-lopez","tag-jesus-maria-fernandez","tag-jesus-ubis","tag-jose-luis-barandica","tag-jose-tomas-josete","tag-juan-manuel-gomez-juanma","tag-julio-iglesias","tag-luis-maria-arana","tag-manuel-pena","tag-mario-inchausti","tag-martin-palermo","tag-miguel-goicoechea","tag-pepe-mel","tag-rafael-iriondo","tag-ronald-gaspercic","tag-simon-lecue","tag-takashi-inui","tag-victor-camarasa","tag-victor-torres-mestre","tag-victorio-unamuno","tag-zouahir-feddal"],"jetpack_publicize_connections":[],"jetpack_featured_media_url":"https:\/\/i0.wp.com\/www.manquepierda.com\/historiarealbetis\/files\/2019\/02\/Alav%C3%A9s-2018-19.jpg?fit=823%2C540&ssl=1","jetpack_sharing_enabled":true,"jetpack_shortlink":"https:\/\/wp.me\/p1ij08-hBc","jetpack-related-posts":[],"_links":{"self":[{"href":"https:\/\/www.manquepierda.com\/historiarealbetis\/wp-json\/wp\/v2\/posts\/67654","targetHints":{"allow":["GET"]}}],"collection":[{"href":"https:\/\/www.manquepierda.com\/historiarealbetis\/wp-json\/wp\/v2\/posts"}],"about":[{"href":"https:\/\/www.manquepierda.com\/historiarealbetis\/wp-json\/wp\/v2\/types\/post"}],"author":[{"embeddable":true,"href":"https:\/\/www.manquepierda.com\/historiarealbetis\/wp-json\/wp\/v2\/users\/5"}],"replies":[{"embeddable":true,"href":"https:\/\/www.manquepierda.com\/historiarealbetis\/wp-json\/wp\/v2\/comments?post=67654"}],"version-history":[{"count":2,"href":"https:\/\/www.manquepierda.com\/historiarealbetis\/wp-json\/wp\/v2\/posts\/67654\/revisions"}],"predecessor-version":[{"id":99276,"href":"https:\/\/www.manquepierda.com\/historiarealbetis\/wp-json\/wp\/v2\/posts\/67654\/revisions\/99276"}],"wp:featuredmedia":[{"embeddable":true,"href":"https:\/\/www.manquepierda.com\/historiarealbetis\/wp-json\/wp\/v2\/media\/67655"}],"wp:attachment":[{"href":"https:\/\/www.manquepierda.com\/historiarealbetis\/wp-json\/wp\/v2\/media?parent=67654"}],"wp:term":[{"taxonomy":"category","embeddable":true,"href":"https:\/\/www.manquepierda.com\/historiarealbetis\/wp-json\/wp\/v2\/categories?post=67654"},{"taxonomy":"post_tag","embeddable":true,"href":"https:\/\/www.manquepierda.com\/historiarealbetis\/wp-json\/wp\/v2\/tags?post=67654"}],"curies":[{"name":"wp","href":"https:\/\/api.w.org\/{rel}","templated":true}]}}