{"id":67675,"date":"2024-02-22T12:00:00","date_gmt":"2024-02-22T11:00:00","guid":{"rendered":"http:\/\/www.manquepierda.com\/historiarealbetis\/?p=67675"},"modified":"2024-08-12T09:48:19","modified_gmt":"2024-08-12T07:48:19","slug":"hoy-hace-30-anos-19","status":"publish","type":"post","link":"https:\/\/www.manquepierda.com\/historiarealbetis\/hoy-hace-30-anos-19\/","title":{"rendered":"Hoy hace 35 a\u00f1os. Betis 2 C\u00e1diz 2 en Copa."},"content":{"rendered":"<div class=\"wp-block-image\">\n<figure class=\"aligncenter size-full\"><img data-recalc-dims=\"1\" loading=\"lazy\" decoding=\"async\" width=\"630\" height=\"437\" src=\"https:\/\/i0.wp.com\/www.manquepierda.com\/historiarealbetis\/files\/2024\/01\/22-1989-Betis-2-Cadiz-2.jpg?resize=630%2C437&#038;ssl=1\" alt=\"\" class=\"wp-image-92510\" srcset=\"https:\/\/i0.wp.com\/www.manquepierda.com\/historiarealbetis\/files\/2024\/01\/22-1989-Betis-2-Cadiz-2.jpg?w=630&amp;ssl=1 630w, https:\/\/i0.wp.com\/www.manquepierda.com\/historiarealbetis\/files\/2024\/01\/22-1989-Betis-2-Cadiz-2.jpg?resize=220%2C153&amp;ssl=1 220w\" sizes=\"auto, (max-width: 630px) 100vw, 630px\" \/><\/figure>\n<\/div>\n\n<p><\/p>\n<p><span style=\"color: #008000\">El 22 de febrero de 1989 Betis y C\u00e1diz empatan a 2 en el Villamar\u00edn en partido de vuelta de los octavos de final de la Copa.<\/span><\/p>\n<p><span style=\"color: #008000\">Rinc\u00f3n adelant\u00f3 al Betis en el minuto 24, empatando Mora para el C\u00e1diz en el 74.&nbsp;Dado que una semana antes en el Carranza hab\u00edan empatado a 0 se disput\u00f3 una pr\u00f3rroga, en la que de nuevo Mora puso por delante al C\u00e1diz en el 97, empatando definitivamente a 2 Hierro en el 109. En el lanzamiento de penaltys final se impuso el equipo amarillo.<\/span><\/p>\n<p><span style=\"color: #008000\">El Betis, entrenado por Cayetano Re, aline\u00f3 a Pumpido; Job, Hierro, Julio, Calleja; Chano, Gail (91, Recha), Romo, L\u00f3pez Ufarte; Valent\u00edn y Rinc\u00f3n (91, Carvajal).<\/span><\/p>\n<p><span style=\"color: #008000\">El C\u00e1diz. dirigido por David Vidal, form\u00f3 con Szendrei; Juan Jos\u00e9, Carmelo, Oliva, Cortijo; Manolito, Linares, Villa, Barla (63, Mora): Jos\u00e9 (30, On\u00e9simo) y M\u00e1gico Gonz\u00e1lez.&nbsp;<\/span><\/p>","protected":false},"excerpt":{"rendered":"<p>El 22 de febrero de 1989 Betis y C\u00e1diz empatan a 2 en el Villamar\u00edn en partido de vuelta de los octavos de final de la Copa. Rinc\u00f3n adelant\u00f3 al Betis en el minuto 24, empatando Mora para el C\u00e1diz en el 74.&nbsp;Dado que una semana antes en el Carranza hab\u00edan empatado a 0 se&#8230;<\/p>\n","protected":false},"author":5,"featured_media":92510,"comment_status":"open","ping_status":"open","sticky":false,"template":"","format":"standard","meta":{"_kad_post_transparent":"","_kad_post_title":"","_kad_post_layout":"","_kad_post_sidebar_id":"","_kad_post_content_style":"","_kad_post_vertical_padding":"","_kad_post_feature":"","_kad_post_feature_position":"","_kad_post_header":false,"_kad_post_footer":false,"_kad_post_classname":"","_jetpack_memberships_contains_paid_content":false,"footnotes":"","jetpack_publicize_message":"","jetpack_publicize_feature_enabled":true,"jetpack_social_post_already_shared":true,"jetpack_social_options":{"image_generator_settings":{"template":"highway","default_image_id":0,"font":"","enabled":false},"version":2}},"categories":[904,14583,1],"tags":[5648,187,17982],"class_list":["post-67675","post","type-post","status-publish","format-standard","has-post-thumbnail","hentry","category-1980-1989","category-efemerides","category-portada","tag-5648","tag-cadiz-cf","tag-copa-1988-89"],"jetpack_publicize_connections":[],"jetpack_featured_media_url":"https:\/\/i0.wp.com\/www.manquepierda.com\/historiarealbetis\/files\/2024\/01\/22-1989-Betis-2-Cadiz-2.jpg?fit=630%2C437&ssl=1","jetpack_sharing_enabled":true,"jetpack_shortlink":"https:\/\/wp.me\/p1ij08-hBx","jetpack-related-posts":[],"_links":{"self":[{"href":"https:\/\/www.manquepierda.com\/historiarealbetis\/wp-json\/wp\/v2\/posts\/67675","targetHints":{"allow":["GET"]}}],"collection":[{"href":"https:\/\/www.manquepierda.com\/historiarealbetis\/wp-json\/wp\/v2\/posts"}],"about":[{"href":"https:\/\/www.manquepierda.com\/historiarealbetis\/wp-json\/wp\/v2\/types\/post"}],"author":[{"embeddable":true,"href":"https:\/\/www.manquepierda.com\/historiarealbetis\/wp-json\/wp\/v2\/users\/5"}],"replies":[{"embeddable":true,"href":"https:\/\/www.manquepierda.com\/historiarealbetis\/wp-json\/wp\/v2\/comments?post=67675"}],"version-history":[{"count":4,"href":"https:\/\/www.manquepierda.com\/historiarealbetis\/wp-json\/wp\/v2\/posts\/67675\/revisions"}],"predecessor-version":[{"id":92512,"href":"https:\/\/www.manquepierda.com\/historiarealbetis\/wp-json\/wp\/v2\/posts\/67675\/revisions\/92512"}],"wp:featuredmedia":[{"embeddable":true,"href":"https:\/\/www.manquepierda.com\/historiarealbetis\/wp-json\/wp\/v2\/media\/92510"}],"wp:attachment":[{"href":"https:\/\/www.manquepierda.com\/historiarealbetis\/wp-json\/wp\/v2\/media?parent=67675"}],"wp:term":[{"taxonomy":"category","embeddable":true,"href":"https:\/\/www.manquepierda.com\/historiarealbetis\/wp-json\/wp\/v2\/categories?post=67675"},{"taxonomy":"post_tag","embeddable":true,"href":"https:\/\/www.manquepierda.com\/historiarealbetis\/wp-json\/wp\/v2\/tags?post=67675"}],"curies":[{"name":"wp","href":"https:\/\/api.w.org\/{rel}","templated":true}]}}