{"id":67678,"date":"2019-02-20T09:28:02","date_gmt":"2019-02-20T08:28:02","guid":{"rendered":"http:\/\/www.manquepierda.com\/historiarealbetis\/?p=67678"},"modified":"2024-08-12T18:37:43","modified_gmt":"2024-08-12T16:37:43","slug":"alineacion-betis-universitatea-craiova-uefa-1984","status":"publish","type":"post","link":"https:\/\/www.manquepierda.com\/historiarealbetis\/alineacion-betis-universitatea-craiova-uefa-1984\/","title":{"rendered":"Alineaci\u00f3n Betis-Universitatea Craiova Uefa 1984"},"content":{"rendered":"<p><a href=\"https:\/\/i0.wp.com\/www.manquepierda.com\/historiarealbetis\/files\/2019\/02\/Alineaci%C3%B3n-Betis-Univ.-Craiova-Uefa-1984.jpg?ssl=1\"><img data-recalc-dims=\"1\" loading=\"lazy\" decoding=\"async\" class=\"aligncenter size-medium wp-image-67679\" src=\"https:\/\/i0.wp.com\/www.manquepierda.com\/historiarealbetis\/files\/2019\/02\/Alineaci%C3%B3n-Betis-Univ.-Craiova-Uefa-1984.jpg?resize=680%2C379&#038;ssl=1\" alt=\"\" width=\"680\" height=\"379\" srcset=\"https:\/\/i0.wp.com\/www.manquepierda.com\/historiarealbetis\/files\/2019\/02\/Alineaci%C3%B3n-Betis-Univ.-Craiova-Uefa-1984.jpg?resize=680%2C379&amp;ssl=1 680w, https:\/\/i0.wp.com\/www.manquepierda.com\/historiarealbetis\/files\/2019\/02\/Alineaci%C3%B3n-Betis-Univ.-Craiova-Uefa-1984.jpg?resize=220%2C123&amp;ssl=1 220w, https:\/\/i0.wp.com\/www.manquepierda.com\/historiarealbetis\/files\/2019\/02\/Alineaci%C3%B3n-Betis-Univ.-Craiova-Uefa-1984.jpg?resize=768%2C428&amp;ssl=1 768w, https:\/\/i0.wp.com\/www.manquepierda.com\/historiarealbetis\/files\/2019\/02\/Alineaci%C3%B3n-Betis-Univ.-Craiova-Uefa-1984.jpg?resize=960%2C535&amp;ssl=1 960w, https:\/\/i0.wp.com\/www.manquepierda.com\/historiarealbetis\/files\/2019\/02\/Alineaci%C3%B3n-Betis-Univ.-Craiova-Uefa-1984.jpg?w=1078&amp;ssl=1 1078w\" sizes=\"auto, (max-width: 680px) 100vw, 680px\" \/><\/a><\/p>\n<p>19 de septiembre de 1984 en el Benito Villamar\u00edn Betis 1 Universitatea Craiova 0; partido de ida de los treintaidosavos de final de la Copa de la Uefa.<\/p>\n<p>En la imagen arriba Esnaola, Diego, Mantilla, Alex, Ortega y Gordillo; abajo Parra, Su\u00e1rez, Rinc\u00f3n, Carde\u00f1osa y Paco. Los jugadores llevan brazalete negro en se\u00f1al de duelo por el fallecimiento de un hermano de Gabriel Calder\u00f3n.<\/p>\n<p>Un solitario gol de Jos\u00e9 Carlos Su\u00e1rez dio al Betis una renta m\u00ednima para el partido de vuelta en tierras rumanas, con bastantes oportunidades para haber cosechado un marcador bastante m\u00e1s amplio.<\/p>\n<p>Pepe Alzate entrenaba al Betis y Mircea Raduleacu al Universitatea.<\/p>\n","protected":false},"excerpt":{"rendered":"<p>19 de septiembre de 1984 en el Benito Villamar\u00edn Betis 1 Universitatea Craiova 0; partido de ida de los treintaidosavos de final de la Copa de la Uefa. En la imagen arriba Esnaola, Diego, Mantilla, Alex, Ortega y Gordillo; abajo Parra, Su\u00e1rez, Rinc\u00f3n, Carde\u00f1osa y Paco. Los jugadores llevan brazalete negro en se\u00f1al de duelo&#8230;<\/p>\n","protected":false},"author":5,"featured_media":67679,"comment_status":"open","ping_status":"open","sticky":false,"template":"","format":"standard","meta":{"_kad_post_transparent":"","_kad_post_title":"","_kad_post_layout":"","_kad_post_sidebar_id":"","_kad_post_content_style":"","_kad_post_vertical_padding":"","_kad_post_feature":"","_kad_post_feature_position":"","_kad_post_header":false,"_kad_post_footer":false,"_kad_post_classname":"","_jetpack_memberships_contains_paid_content":false,"footnotes":"","jetpack_publicize_message":"","jetpack_publicize_feature_enabled":true,"jetpack_social_post_already_shared":true,"jetpack_social_options":{"image_generator_settings":{"template":"highway","default_image_id":0,"font":"","enabled":false},"version":2}},"categories":[904,1],"tags":[3115,2251,13196,1422,18026,1476,1385,1428,3281,1588,1085,1302,1155,1305,9023],"class_list":["post-67678","post","type-post","status-publish","format-standard","has-post-thumbnail","hentry","category-1980-1989","category-portada","tag-3115","tag-1984-85","tag-al-lal-mohand-alex","tag-antolin-ortega","tag-copa-uefa-1984-85","tag-diego-rodriguez","tag-francisco-machin-paco","tag-hipolito-rincon","tag-javier-mantilla","tag-joaquin-parra","tag-jose-carlos-suarez","tag-jose-ramon-esnaola","tag-julio-cardenosa","tag-rafael-gordillo","tag-universitatea-craiova"],"jetpack_publicize_connections":[],"jetpack_featured_media_url":"https:\/\/i0.wp.com\/www.manquepierda.com\/historiarealbetis\/files\/2019\/02\/Alineaci%C3%B3n-Betis-Univ.-Craiova-Uefa-1984.jpg?fit=1078%2C601&ssl=1","jetpack_sharing_enabled":true,"jetpack_shortlink":"https:\/\/wp.me\/p1ij08-hBA","jetpack-related-posts":[],"_links":{"self":[{"href":"https:\/\/www.manquepierda.com\/historiarealbetis\/wp-json\/wp\/v2\/posts\/67678","targetHints":{"allow":["GET"]}}],"collection":[{"href":"https:\/\/www.manquepierda.com\/historiarealbetis\/wp-json\/wp\/v2\/posts"}],"about":[{"href":"https:\/\/www.manquepierda.com\/historiarealbetis\/wp-json\/wp\/v2\/types\/post"}],"author":[{"embeddable":true,"href":"https:\/\/www.manquepierda.com\/historiarealbetis\/wp-json\/wp\/v2\/users\/5"}],"replies":[{"embeddable":true,"href":"https:\/\/www.manquepierda.com\/historiarealbetis\/wp-json\/wp\/v2\/comments?post=67678"}],"version-history":[{"count":1,"href":"https:\/\/www.manquepierda.com\/historiarealbetis\/wp-json\/wp\/v2\/posts\/67678\/revisions"}],"predecessor-version":[{"id":96416,"href":"https:\/\/www.manquepierda.com\/historiarealbetis\/wp-json\/wp\/v2\/posts\/67678\/revisions\/96416"}],"wp:featuredmedia":[{"embeddable":true,"href":"https:\/\/www.manquepierda.com\/historiarealbetis\/wp-json\/wp\/v2\/media\/67679"}],"wp:attachment":[{"href":"https:\/\/www.manquepierda.com\/historiarealbetis\/wp-json\/wp\/v2\/media?parent=67678"}],"wp:term":[{"taxonomy":"category","embeddable":true,"href":"https:\/\/www.manquepierda.com\/historiarealbetis\/wp-json\/wp\/v2\/categories?post=67678"},{"taxonomy":"post_tag","embeddable":true,"href":"https:\/\/www.manquepierda.com\/historiarealbetis\/wp-json\/wp\/v2\/tags?post=67678"}],"curies":[{"name":"wp","href":"https:\/\/api.w.org\/{rel}","templated":true}]}}