{"id":67714,"date":"2019-02-23T09:40:10","date_gmt":"2019-02-23T08:40:10","guid":{"rendered":"http:\/\/www.manquepierda.com\/historiarealbetis\/?p=67714"},"modified":"2024-10-05T12:01:21","modified_gmt":"2024-10-05T10:01:21","slug":"visitamos-al-real-valladolid-5","status":"publish","type":"post","link":"https:\/\/www.manquepierda.com\/historiarealbetis\/visitamos-al-real-valladolid-5\/","title":{"rendered":"Visitamos al Real Valladolid"},"content":{"rendered":"<figure id=\"attachment_67716\" aria-describedby=\"caption-attachment-67716\" style=\"width: 680px\" class=\"wp-caption aligncenter\"><a href=\"https:\/\/i0.wp.com\/www.manquepierda.com\/historiarealbetis\/files\/2019\/02\/Valladolid-1997-98-1.jpg?ssl=1\"><img data-recalc-dims=\"1\" loading=\"lazy\" decoding=\"async\" class=\"size-medium wp-image-67716\" src=\"https:\/\/i0.wp.com\/www.manquepierda.com\/historiarealbetis\/files\/2019\/02\/Valladolid-1997-98-1.jpg?resize=680%2C439&#038;ssl=1\" alt=\"\" width=\"680\" height=\"439\" srcset=\"https:\/\/i0.wp.com\/www.manquepierda.com\/historiarealbetis\/files\/2019\/02\/Valladolid-1997-98-1.jpg?resize=680%2C439&amp;ssl=1 680w, https:\/\/i0.wp.com\/www.manquepierda.com\/historiarealbetis\/files\/2019\/02\/Valladolid-1997-98-1.jpg?resize=220%2C142&amp;ssl=1 220w, https:\/\/i0.wp.com\/www.manquepierda.com\/historiarealbetis\/files\/2019\/02\/Valladolid-1997-98-1.jpg?resize=768%2C496&amp;ssl=1 768w, https:\/\/i0.wp.com\/www.manquepierda.com\/historiarealbetis\/files\/2019\/02\/Valladolid-1997-98-1.jpg?w=957&amp;ssl=1 957w\" sizes=\"auto, (max-width: 680px) 100vw, 680px\" \/><\/a><figcaption id=\"caption-attachment-67716\" class=\"wp-caption-text\">El Valladolid en la temporada 1997-98<\/figcaption><\/figure>\n<p>Ma\u00f1ana a las 18,30 horas visitamos al Real Valladolid en el Nuevo Zorrilla. Es un club\u00a0 fundado en 1928 y que ha militado 43 temporadas en Primera Divisi\u00f3n, 35 en Segunda y 9 en Tercera. Ha sido 2 veces subcampe\u00f3n de Copa y 1 vez campe\u00f3n de la Copa de la Liga.<\/p>\n<p>La primera visita del Betis a Valladolid tuvo lugar el 24 de Septiembre de 1932, con motivo del Campeonato Mancomunado que se disputaba entre equipos de Castilla y Andaluc\u00eda. En el antiguo campo de la Sociedad Taurina Club Deportivo Valladolid y Betis Balompi\u00e9 empataron a 1.<\/p>\n<p>Han sido 45 las ocasiones en que el Betis ha visitado al Valladolid en diversos campos (Sociedad Taurina en 3 ocasiones, Zorrilla en 12\u00a0 y el\u00a0 Nuevo Zorrilla en 27) repartidas as\u00ed: 28 partidos en Primera ( 14 victorias locales, 5 empates y 9 victorias b\u00e9ticas), 8 partidos en Segunda ( 4 victorias vallisoletanas y 4 empates), 3 partidos de Copa ( 1 victoria local y \u00a02 victorias b\u00e9ticas), 1 partido de Copa de la Liga ( victoria vallisoletana), 2 partidos del Campeonato Mancomunado ( 1 victoria local y 1 empate) y 3 amistosos ( 1 victoria vallisoletana y 2 victorias b\u00e9ticas).<\/p>\n<p>&nbsp;<\/p>\n<p>Entre los jugadores comunes a los dos equipos podemos mencionar a Antonio Mart\u00ednez \u201cAnt\u00f3n\u201d, Antonio Barrag\u00e1n, Benito Alvarez, Sabino Barinaga, Benjam\u00edn Zarandona, Jos\u00e9 Boh\u00f3rquez, Ram\u00f3n Mar\u00eda Calder\u00e9, Manuel Campos, Julio Carde\u00f1osa, Rafael Cort\u00f3n, Javier Chica, Rafael Escalera, Jos\u00e9 Luis Espinosa, Fabricio Agosto, Fernando Fern\u00e1ndez, Fernando S\u00e1nchez, Luis Miguel Gail, Manolo Hierro, Jos\u00e9 H\u00e9riz, Andr\u00e9s Alonso \u201cIto\u201d, Jes\u00fas Ruiz \u201cJesus\u00edn\u201d,\u00a0 Jordi Figueras, Juan Guti\u00e9rrez \u201cJuanito\u201d,\u00a0 Jes\u00fas Mar\u00eda Landa, Mario Alvarez, Luis M\u00e1rquez, Jos\u00e9 Mar\u00eda Mellado, Andr\u00e9s Molina, Victoriano Rivas \u201cNano\u201d, Francisco Faleato \u201cPaquito\u201d, \u00a0Jonathan Pereira, Ferm\u00edn Rej\u00f3n, Vincenzo Rennella, Ra\u00fal Omar Rodr\u00edguez, Hip\u00f3lito Rinc\u00f3n, Miguel Rodr\u00edguez, \u00a0Rub\u00e9n Bilbao, Manuel S\u00e1nchez, \u00a0Javier S\u00e1nchez Vall\u00e9s, Jorge L\u00f3pez \u201cTote\u201d Fernando Varela y Patricio Y\u00e1\u00f1ez.<\/p>\n<p>Entre los entrenadores Antonio Barrios, Eusebio R\u00edos, Jos\u00e9 Luis Garc\u00eda Traid, Vicente Cantatore, Serge Kresic, Felipe Mesones, Fernando V\u00e1zquez y Javier Clemente.<\/p>\n","protected":false},"excerpt":{"rendered":"<p>Ma\u00f1ana a las 18,30 horas visitamos al Real Valladolid en el Nuevo Zorrilla. Es un club\u00a0 fundado en 1928 y que ha militado 43 temporadas en Primera Divisi\u00f3n, 35 en Segunda y 9 en Tercera. Ha sido 2 veces subcampe\u00f3n de Copa y 1 vez campe\u00f3n de la Copa de la Liga. La primera visita&#8230;<\/p>\n","protected":false},"author":5,"featured_media":67716,"comment_status":"open","ping_status":"open","sticky":false,"template":"","format":"standard","meta":{"_kad_post_transparent":"","_kad_post_title":"","_kad_post_layout":"","_kad_post_sidebar_id":"","_kad_post_content_style":"","_kad_post_vertical_padding":"","_kad_post_feature":"","_kad_post_feature_position":"","_kad_post_header":false,"_kad_post_footer":false,"_kad_post_classname":"","_jetpack_memberships_contains_paid_content":false,"footnotes":"","jetpack_publicize_message":"","jetpack_publicize_feature_enabled":true,"jetpack_social_post_already_shared":true,"jetpack_social_options":{"image_generator_settings":{"template":"highway","default_image_id":0,"font":"","enabled":false},"version":2}},"categories":[895,1],"tags":[1011,1370,16185,1249,1617,1360,1121,1212,5797,1152,6311,1364,1365,374,1088,2901,1428,3890,1377,1374,1368,1499,471,9325,1375,1361,1363,1098,1353,7834,1367,1155,1369,1366,1303,1478,6410,3574,3027,1051,3016,1362,1442,3284,1359,1373,1110,1491,1376,1371,11759],"class_list":["post-67714","post","type-post","status-publish","format-standard","has-post-thumbnail","hentry","category-los-rivales","category-portada","tag-andres-alonso-ito","tag-andres-molina","tag-antonio-barragan","tag-antonio-barrios","tag-antonio-martinez-anton","tag-benito-alvarez","tag-benjamin-zarandona","tag-eusebio-rios","tag-fabricio-agosto","tag-felipe-mesones","tag-fermin-rejon","tag-fernando-fernandez","tag-fernando-sanchez","tag-fernando-varela","tag-fernando-vazquez","tag-francisco-faleato-paquito","tag-hipolito-rincon","tag-javier-chica","tag-javier-clemente","tag-javier-sanchez-valles","tag-jesus-maria-landa","tag-jesus-ruiz-jesusin","tag-jonathan-pereira","tag-jordi-figueras","tag-jorge-lopez-tote","tag-jose-bohorquez","tag-jose-luis-espinosa","tag-jose-luis-garcia-traid","tag-jose-maria-mellado","tag-jose-ruiz-heriz","tag-juan-gutierrez-juanito","tag-julio-cardenosa","tag-luis-marquez","tag-luis-miguel-gail","tag-manuel-campos","tag-manuel-hierro","tag-manuel-sanchez","tag-mario-alvarez","tag-miguel-rodriguez","tag-patricio-yanez","tag-rafael-corton","tag-rafael-escalera","tag-ramon-maria-caldere","tag-raul-omar-rodriguez","tag-real-valladolid","tag-ruben-bilbao","tag-sabino-barinaga","tag-serge-kresic","tag-vicente-cantatore","tag-victoriano-rivas-nano","tag-vincenzo-rennella"],"jetpack_publicize_connections":[],"jetpack_featured_media_url":"https:\/\/i0.wp.com\/www.manquepierda.com\/historiarealbetis\/files\/2019\/02\/Valladolid-1997-98-1.jpg?fit=957%2C618&ssl=1","jetpack_sharing_enabled":true,"jetpack_shortlink":"https:\/\/wp.me\/p1ij08-hCa","jetpack-related-posts":[],"_links":{"self":[{"href":"https:\/\/www.manquepierda.com\/historiarealbetis\/wp-json\/wp\/v2\/posts\/67714","targetHints":{"allow":["GET"]}}],"collection":[{"href":"https:\/\/www.manquepierda.com\/historiarealbetis\/wp-json\/wp\/v2\/posts"}],"about":[{"href":"https:\/\/www.manquepierda.com\/historiarealbetis\/wp-json\/wp\/v2\/types\/post"}],"author":[{"embeddable":true,"href":"https:\/\/www.manquepierda.com\/historiarealbetis\/wp-json\/wp\/v2\/users\/5"}],"replies":[{"embeddable":true,"href":"https:\/\/www.manquepierda.com\/historiarealbetis\/wp-json\/wp\/v2\/comments?post=67714"}],"version-history":[{"count":1,"href":"https:\/\/www.manquepierda.com\/historiarealbetis\/wp-json\/wp\/v2\/posts\/67714\/revisions"}],"predecessor-version":[{"id":97381,"href":"https:\/\/www.manquepierda.com\/historiarealbetis\/wp-json\/wp\/v2\/posts\/67714\/revisions\/97381"}],"wp:featuredmedia":[{"embeddable":true,"href":"https:\/\/www.manquepierda.com\/historiarealbetis\/wp-json\/wp\/v2\/media\/67716"}],"wp:attachment":[{"href":"https:\/\/www.manquepierda.com\/historiarealbetis\/wp-json\/wp\/v2\/media?parent=67714"}],"wp:term":[{"taxonomy":"category","embeddable":true,"href":"https:\/\/www.manquepierda.com\/historiarealbetis\/wp-json\/wp\/v2\/categories?post=67714"},{"taxonomy":"post_tag","embeddable":true,"href":"https:\/\/www.manquepierda.com\/historiarealbetis\/wp-json\/wp\/v2\/tags?post=67714"}],"curies":[{"name":"wp","href":"https:\/\/api.w.org\/{rel}","templated":true}]}}