{"id":67731,"date":"2019-02-25T09:41:37","date_gmt":"2019-02-25T08:41:37","guid":{"rendered":"http:\/\/www.manquepierda.com\/historiarealbetis\/?p=67731"},"modified":"2019-02-22T20:01:17","modified_gmt":"2019-02-22T19:01:17","slug":"entrevista-antonio-benitez-1980","status":"publish","type":"post","link":"https:\/\/www.manquepierda.com\/historiarealbetis\/entrevista-antonio-benitez-1980\/","title":{"rendered":"Entrevista Antonio Ben\u00edtez 1980"},"content":{"rendered":"<p><a href=\"https:\/\/i0.wp.com\/www.manquepierda.com\/historiarealbetis\/files\/2019\/02\/Ben%C3%ADtez-3.jpg?ssl=1\"><img data-recalc-dims=\"1\" loading=\"lazy\" decoding=\"async\" class=\"alignleft size-medium wp-image-67733\" src=\"https:\/\/i0.wp.com\/www.manquepierda.com\/historiarealbetis\/files\/2019\/02\/Ben%C3%ADtez-3.jpg?resize=334%2C600&#038;ssl=1\" alt=\"\" width=\"334\" height=\"600\" srcset=\"https:\/\/i0.wp.com\/www.manquepierda.com\/historiarealbetis\/files\/2019\/02\/Ben%C3%ADtez-3.jpg?resize=334%2C600&amp;ssl=1 334w, https:\/\/i0.wp.com\/www.manquepierda.com\/historiarealbetis\/files\/2019\/02\/Ben%C3%ADtez-3.jpg?resize=122%2C220&amp;ssl=1 122w, https:\/\/i0.wp.com\/www.manquepierda.com\/historiarealbetis\/files\/2019\/02\/Ben%C3%ADtez-3.jpg?resize=390%2C700&amp;ssl=1 390w, https:\/\/i0.wp.com\/www.manquepierda.com\/historiarealbetis\/files\/2019\/02\/Ben%C3%ADtez-3.jpg?w=595&amp;ssl=1 595w\" sizes=\"auto, (max-width: 334px) 100vw, 334px\" \/><\/a><\/p>\n<p>&nbsp;<\/p>\n<p>La semana pasada se cumplieron ya cinco a\u00f1os del fallecimiento de Antonio Ben\u00edtez, uno de los grandes futbolistas b\u00e9ticos de nuestra historia.<\/p>\n<p>&nbsp;<\/p>\n<p>Con tal motivo recuperamos hoy una entrevista publicada en Nueva Andaluc\u00eda el 13 de febrero de 1980 a cargo del periodista Francisco P\u00e9rez, y en la que el futbolista jerezano desvela algunas de las claves de su trayectoria verdiblanca.<\/p>\n<p>&nbsp;<\/p>\n<p>Era la campa\u00f1a n\u00famero 11 de Ben\u00edtez en el Betis desde que llegase procedente del Xerez Deportivo en febrero de 1970, y a\u00fan permanecer\u00eda 3 temporadas m\u00e1s vistiendo la verdiblanca.<\/p>\n<p>&nbsp;<\/p>\n<p>Posiblemente esta fuera su \u00faltima gran campa\u00f1a en el Betis, ya que con la llegada de Luis Carriega al banquillo b\u00e9tico en septiembre de 1979 se convirti\u00f3 en uno de los jugadores m\u00e1s utilizados, tanto en el centro del campo como en la delantera b\u00e9tica.<\/p>\n<p>&nbsp;<\/p>\n<p>&nbsp;<\/p>\n<p><span style=\"color: #008000\"><em>Naci\u00f3 hace veintinueve a\u00f1os en tierra de buenos vinos y mejor cante. Naci\u00f3 en tierra de artistas y, estaba predestinado, fue desde muy joven artista del bal\u00f3n. Antonio Ben\u00edtez, jerezano de pura cepa, mano escayolada y sonrisa a flor de piel, habl\u00f3 con Nueva Andaluc\u00eda de las venturas y desventuras de quien denominaron, tiempo ha, como el Curro Romero del f\u00fatbol.<\/em><\/span><\/p>\n<p><span style=\"color: #008000\"><em>&#8211; Yo de Curro Romero nada. Lo que ocurre es que quiz\u00e1s la gente no comprenda mi forma de concebir el f\u00fatbol. Yo soy as\u00ed\u2026<\/em><\/span><\/p>\n<p><span style=\"color: #008000\"><em>&#8211; \u00bfUn artista del bal\u00f3n?<\/em><\/span><\/p>\n<p><span style=\"color: #008000\"><em>&#8211; Pues yo creo que en los \u00faltimos partidos que he jugado con el equipo he hecho m\u00e1s una labor de gregario que de otra cosa. He luchado, he corrido, en fin, he tenido una labor menos lucida. De todas formas, no es un secreto que a m\u00ed me gusta el juego t\u00e9cnico, habilidoso.<\/em><\/span><\/p>\n<p><span style=\"color: #008000\"><em>Once a\u00f1os con un escudo b\u00e9tico palpitando al mismo son que el coraz\u00f3n. Once a\u00f1os saboreando las alegr\u00edas y aguantando en las entra\u00f1as los momentos en que tocaba hiel\u2026<\/em><\/span><\/p>\n<p><span style=\"color: #008000\"><em>&#8211; Son ya muchos aqu\u00ed en el Betis, y si te digo la verdad, lo que m\u00e1s me gustar\u00eda ser\u00eda irme de aqu\u00ed a casa. Once temporadas con el equipo no se olvidan con facilidad, ni much\u00edsimo menos<\/em><\/span><\/p>\n<p><span style=\"color: #008000\"><em>Su f\u00fatbol de seda lo llev\u00f3 a lucir la camiseta nacional, pero \u201chay buenos jugadores que cuando llegan a la selecci\u00f3n cuajan o no. Yo no cuaj\u00e9\u201d y caso hay que achacarlo a ese duende de artista que comulga poco con la regularidad, \u201cs\u00ed, es posible que me falte esa l\u00ednea de regularidad de la que hablas y no es precisamente porque no ponga de mi parte. Yo concibo el f\u00fatbol de una menara que la gente, a lo peor, no lo entiende\u201d.<\/em><\/span><\/p>\n<p><span style=\"color: #008000\"><em>Habla Antonio Ben\u00edtez de la gente, del aficionado, de ese p\u00fablico heterog\u00e9neo que se sienta en los estadios, que lo mismo flame\u00f3 pa\u00f1uelos en su honor que se desga\u00f1it\u00f3 dici\u00e9ndole lo inimaginable.<\/em><\/span><\/p>\n<p><span style=\"color: #008000\"><em>&#8211; El p\u00fablico te chilla cuando las cosas van mal y te aplaude cuando salen bien. Conmigo es posible que hayan exagerado las dos cosas, porque yo he sido de los que m\u00e1s han aplaudido. Actualmente es posible que tras once a\u00f1os en la casa se hayan cansado de mi cara. S\u00ed, es posible<\/em><\/span><\/p>\n<p><span style=\"color: #008000\"><em>Recuerda el jerezano con especial satisfacci\u00f3n\u00a0 la gran temporada que dio, con Rafael Iriondo de t\u00e9cnico, en la demarcaci\u00f3n de lateral izquierdo, aunque \u201cjusto es reconocer que esa temporada coincidi\u00f3 con los mejores momentos del Betis moderno\u201d y en contrapartida frunce el ce\u00f1o cuando se le mienta la primera vuelta de la actual Liga, \u201cse ha pasado mal, muy mal. No sabe nadie lo que es salir al campo con cinco negativos en la clasificaci\u00f3n. \u00bfSabes? Lo que m\u00e1s me ha maravillado siempre del Betis ha sido su gran poder de reacci\u00f3n, de lucha contra las adversidades\u201d.<\/em><\/span><\/p>\n<p><span style=\"color: #008000\"><em>&#8211; Antonio, cuando todo iba mal todos se escond\u00edan, ahora que desplegaron velas todos quieren atragantarse de bal\u00f3n<\/em><\/span><\/p>\n<p><span style=\"color: #008000\"><em>&#8211; Aqu\u00ed no se escondi\u00f3 nadie, lo que ocurre es que sal\u00edamos al campo aplomados por la gran responsabilidad que ten\u00edamos. Es como el jugador que va ahogado despu\u00e9s de una larga carrera y pr\u00e1cticamente sin fuerzas tira y marca gol. Observa como corre cantando el tanto cuando apenas le quedaban arrestos para pegarle a la pelota. La situaci\u00f3n del Betis ha sido igual. No se ganaba, parec\u00eda que no se ten\u00eda fuerza, ganamos el primer partido fuera y todo nos ha salido a pedir de boca\u2026<\/em><\/span><\/p>\n<p><span style=\"color: #008000\"><em>&#8211; \u00bfHasta d\u00f3nde puede llagar tu Betis esta temporada?<\/em><\/span><\/p>\n<p><span style=\"color: #008000\"><em>&#8211; Yo creo que si sacamos adelante los dos partidos que tenemos ahora en casa y conseguimos un triunfo fuera podemos aspirar a la Copa de la Uefa. El Betis actual puede, y va a conseguirlo, puntuar en cualquier desplazamiento, sea el campo que sea.\u00a0\u00a0\u00a0\u00a0<\/em><\/span><\/p>\n<p><span style=\"color: #008000\"><em>Antonio Ben\u00edtez dice que le quedan a\u00fan unos a\u00f1os de cuerda y que no piensa en el traspaso a un club de los grandes: \u201cTodos los jugadores tenemos nuestra \u00e9poca y si no se coge el tren en su momento despu\u00e9s es dif\u00edcil montarse en \u00e9l. El a\u00f1o pasado me pretend\u00eda el Valencia, pero yo desear\u00eda irme de aqu\u00ed a casa, de verdad\u201d.<\/em><\/span><\/p>\n<p><span style=\"color: #008000\"><em>Una escayola cubre su mano derecha. El jerezano ya quiso viajar a Almer\u00eda, pero los servicios m\u00e9dicos no lo consideraron prudente. Ben\u00edtez ya piensa en esa venda de zinc que lo pudiera habilitar para el partido contra el Zaragoza. \u201cAunque la fortuna me pudiera jugar una mala pasada y empeorar esto\u2014se mira la mano\u2014yo quiero jugar contra los ma\u00f1os\u201d.<\/em><\/span><\/p>\n<p><span style=\"color: #008000\"><em>Buena falta le hace a Carriega, que anda en buca y captura de un diez para el domingo.\u00a0<\/em> <\/span><\/p>\n<p>&nbsp;<\/p>\n","protected":false},"excerpt":{"rendered":"<p>&nbsp; La semana pasada se cumplieron ya cinco a\u00f1os del fallecimiento de Antonio Ben\u00edtez, uno de los grandes futbolistas b\u00e9ticos de nuestra historia. &nbsp; Con tal motivo recuperamos hoy una entrevista publicada en Nueva Andaluc\u00eda el 13 de febrero de 1980 a cargo del periodista Francisco P\u00e9rez, y en la que el futbolista jerezano desvela&#8230;<\/p>\n","protected":false},"author":5,"featured_media":67733,"comment_status":"open","ping_status":"open","sticky":false,"template":"","format":"standard","meta":{"_kad_post_transparent":"","_kad_post_title":"","_kad_post_layout":"","_kad_post_sidebar_id":"","_kad_post_content_style":"","_kad_post_vertical_padding":"","_kad_post_feature":"","_kad_post_feature_position":"","_kad_post_header":false,"_kad_post_footer":false,"_kad_post_classname":"","_jetpack_memberships_contains_paid_content":false,"footnotes":"","jetpack_publicize_message":"","jetpack_publicize_feature_enabled":true,"jetpack_social_post_already_shared":true,"jetpack_social_options":{"image_generator_settings":{"template":"highway","default_image_id":0,"font":"","enabled":false},"version":2}},"categories":[904,893,1],"tags":[2641,1093,1120,16884],"class_list":["post-67731","post","type-post","status-publish","format-standard","has-post-thumbnail","hentry","category-1980-1989","category-jugadores-temas","category-portada","tag-1979-80","tag-1093","tag-antonio-benitez","tag-francisco-perez"],"jetpack_publicize_connections":[],"jetpack_featured_media_url":"https:\/\/i0.wp.com\/www.manquepierda.com\/historiarealbetis\/files\/2019\/02\/Ben%C3%ADtez-3.jpg?fit=595%2C1069&ssl=1","jetpack_sharing_enabled":true,"jetpack_shortlink":"https:\/\/wp.me\/p1ij08-hCr","jetpack-related-posts":[],"_links":{"self":[{"href":"https:\/\/www.manquepierda.com\/historiarealbetis\/wp-json\/wp\/v2\/posts\/67731","targetHints":{"allow":["GET"]}}],"collection":[{"href":"https:\/\/www.manquepierda.com\/historiarealbetis\/wp-json\/wp\/v2\/posts"}],"about":[{"href":"https:\/\/www.manquepierda.com\/historiarealbetis\/wp-json\/wp\/v2\/types\/post"}],"author":[{"embeddable":true,"href":"https:\/\/www.manquepierda.com\/historiarealbetis\/wp-json\/wp\/v2\/users\/5"}],"replies":[{"embeddable":true,"href":"https:\/\/www.manquepierda.com\/historiarealbetis\/wp-json\/wp\/v2\/comments?post=67731"}],"version-history":[{"count":0,"href":"https:\/\/www.manquepierda.com\/historiarealbetis\/wp-json\/wp\/v2\/posts\/67731\/revisions"}],"wp:featuredmedia":[{"embeddable":true,"href":"https:\/\/www.manquepierda.com\/historiarealbetis\/wp-json\/wp\/v2\/media\/67733"}],"wp:attachment":[{"href":"https:\/\/www.manquepierda.com\/historiarealbetis\/wp-json\/wp\/v2\/media?parent=67731"}],"wp:term":[{"taxonomy":"category","embeddable":true,"href":"https:\/\/www.manquepierda.com\/historiarealbetis\/wp-json\/wp\/v2\/categories?post=67731"},{"taxonomy":"post_tag","embeddable":true,"href":"https:\/\/www.manquepierda.com\/historiarealbetis\/wp-json\/wp\/v2\/tags?post=67731"}],"curies":[{"name":"wp","href":"https:\/\/api.w.org\/{rel}","templated":true}]}}