{"id":67758,"date":"2022-02-09T09:41:00","date_gmt":"2022-02-09T08:41:00","guid":{"rendered":"http:\/\/www.manquepierda.com\/historiarealbetis\/?p=67758"},"modified":"2022-02-05T11:19:35","modified_gmt":"2022-02-05T10:19:35","slug":"el-betis-en-semifinales-de-copa-i","status":"publish","type":"post","link":"https:\/\/www.manquepierda.com\/historiarealbetis\/el-betis-en-semifinales-de-copa-i\/","title":{"rendered":"El Betis en semifinales de Copa (I)"},"content":{"rendered":"<p>Hoy el Betis disputar\u00e1 por duod\u00e9cima vez una semifinal de Copa. En Vallecas se inicia la eliminatoria contra el Rayo Vallecano que concluir\u00e1 el 3 de marzo en el Villamar\u00edn, con el objetivo de estar el 23 de abril en La Cartuja para la gran final.<\/p>\n<p>Vamos a repasar brevemente entre hoy y la previa al partido de vuelta en mazo las 11 ocasiones anteriores en las que el Betis accedi\u00f3 a las semifinales del torneo copero.<\/p>\n<p>La primera fue en 1931. El Betis a\u00fan militaba en Segunda Divisi\u00f3n y fue eliminando de forma sorprendente a equipos de Primera como la Real Sociedad o el Real Madrid, adem\u00e1s del Badalona. En las semifinales se cruz\u00f3 con el Arenas de Guecho, en una eliminatoria en la que el equipo vizca\u00edno aparec\u00eda como claro favorito.<\/p>\n<p>El Arenas hab\u00eda eliminado al Racing de Santander, Oviedo y Valencia. El primer partido, jugado en Ibaiondo el 7 de junio de 1931, fue de un dominio aplastante del equipo local, con una ordenada defensa b\u00e9tica. En el minuto 59 Saro adelant\u00f3 al Arenas, empatando 3 minutos despu\u00e9s Adolfo tras una escapada de Timimi. En el 74 de nuevo Saro a la salida de un corner hizo el 2-1 definitivo.<\/p>\n<p>Una semana despu\u00e9s, el 14 de junio, en un Patronato rebosante de p\u00fablico el Betis se impone 1-0 con un gol de Romero en el minuto 53, despu\u00e9s de una primera parte de desconcierto del equipo local.<\/p>\n<p>En esta \u00e9poca cuando se produc\u00eda un empate en la Copa se recurr\u00eda a un tercer partido de desempate en campo neutral. Y as\u00ed, el 16 de junio en Chamart\u00edn Betis y Arenas contendieron para decidir el otro finalista, tras haber eliminado con rotundidad el Athletic Club al Deportivo Logro\u00f1o.<\/p>\n<p>Un gol de Adolfo en el minuto 38, despu\u00e9s de que el Arenas fallase un penalti, seren\u00f3 al Betis, que en la segunda parte remach\u00f3 el resultado con otro tanto de Sanz en el minuto 59.<\/p>\n<p><a href=\"https:\/\/i0.wp.com\/www.manquepierda.com\/historiarealbetis\/files\/2019\/02\/Betis-Arenas-1931.jpg?ssl=1\"><img data-recalc-dims=\"1\" loading=\"lazy\" decoding=\"async\" class=\"aligncenter size-medium wp-image-67759\" src=\"https:\/\/i0.wp.com\/www.manquepierda.com\/historiarealbetis\/files\/2019\/02\/Betis-Arenas-1931.jpg?resize=680%2C156&#038;ssl=1\" alt=\"\" width=\"680\" height=\"156\" srcset=\"https:\/\/i0.wp.com\/www.manquepierda.com\/historiarealbetis\/files\/2019\/02\/Betis-Arenas-1931.jpg?resize=680%2C156&amp;ssl=1 680w, https:\/\/i0.wp.com\/www.manquepierda.com\/historiarealbetis\/files\/2019\/02\/Betis-Arenas-1931.jpg?resize=220%2C51&amp;ssl=1 220w, https:\/\/i0.wp.com\/www.manquepierda.com\/historiarealbetis\/files\/2019\/02\/Betis-Arenas-1931.jpg?resize=768%2C176&amp;ssl=1 768w, https:\/\/i0.wp.com\/www.manquepierda.com\/historiarealbetis\/files\/2019\/02\/Betis-Arenas-1931.jpg?resize=960%2C220&amp;ssl=1 960w, https:\/\/i0.wp.com\/www.manquepierda.com\/historiarealbetis\/files\/2019\/02\/Betis-Arenas-1931.jpg?w=1141&amp;ssl=1 1141w\" sizes=\"auto, (max-width: 680px) 100vw, 680px\" \/><\/a><\/p>\n<p>Solo 3 a\u00f1os despu\u00e9s, con el Betis ya en Primera Divisi\u00f3n, los verdiblancos vuelven a alcanzar las semifinales, tras eliminar a Levante, Sporting de Gij\u00f3n y Barcelona.<\/p>\n<p>El rival en la semifinal es el Madrid, quien se hab\u00eda deshecho de Osasuna y Athletic.<\/p>\n<p>El Betis se concentra en los d\u00edas previos a la semifinal, que adem\u00e1s coinciden con la Feria de Abril.&nbsp; El lugar escogido para la concentraci\u00f3n es Aracena,&nbsp; y es la primera ocasi\u00f3n en la historia en la que el equipo b\u00e9tico se concentra fuera de Sevilla para un partido.<\/p>\n<p>El 22 de abril en un Patronato abarrotado el Betis se lanza desaforadamente al ataque, ante un rival que se defiende ordenadamente, con una gran actuaci\u00f3n de su famoso terceto defensivo (Zamora, Ciriaco y Quincoces). En la segunda parte en el minuto 48 un c\u00f3rner lanzado por Eugenio y rematado por Hilario lo culmina Lazcano tras un rechace de Urquiaga, y en el 84 una&nbsp; escapada de Lazcano es rematada por Eugenio, con lo que el Madrid gana el partido 0-2.<\/p>\n<p>Una semana despu\u00e9s en Chamart\u00edn el Betis se adelant\u00f3 en el marcador por mediaci\u00f3n de Saro en el 40. En la segunda parte hasta 3 balones estrell\u00f3 el equipo b\u00e9tico en la porter\u00eda de Zamora, y con el equipo volcado al ataque buscando la igualada recibi\u00f3 dos goles de Samitier para el Madrid, uno de ellos en un contraataque b\u00e9tico que fue cortado por un bal\u00f3n rebotado en el \u00e1rbitro Vallana y que favoreci\u00f3 al equipo local.<\/p>\n<p>Un partido que termin\u00f3 con el delantero b\u00e9tico Unamuno detenido por la polic\u00eda por encararse con el p\u00fablico a la salida de Chamart\u00edn.<\/p>\n<p><a href=\"https:\/\/i0.wp.com\/www.manquepierda.com\/historiarealbetis\/files\/2019\/02\/Madrid-Betis-1934.jpg?ssl=1\"><img data-recalc-dims=\"1\" loading=\"lazy\" decoding=\"async\" class=\"aligncenter size-medium wp-image-67763\" src=\"https:\/\/i0.wp.com\/www.manquepierda.com\/historiarealbetis\/files\/2019\/02\/Madrid-Betis-1934.jpg?resize=680%2C92&#038;ssl=1\" alt=\"\" width=\"680\" height=\"92\" srcset=\"https:\/\/i0.wp.com\/www.manquepierda.com\/historiarealbetis\/files\/2019\/02\/Madrid-Betis-1934.jpg?resize=680%2C92&amp;ssl=1 680w, https:\/\/i0.wp.com\/www.manquepierda.com\/historiarealbetis\/files\/2019\/02\/Madrid-Betis-1934.jpg?resize=220%2C30&amp;ssl=1 220w, https:\/\/i0.wp.com\/www.manquepierda.com\/historiarealbetis\/files\/2019\/02\/Madrid-Betis-1934.jpg?resize=768%2C104&amp;ssl=1 768w, https:\/\/i0.wp.com\/www.manquepierda.com\/historiarealbetis\/files\/2019\/02\/Madrid-Betis-1934.jpg?resize=960%2C130&amp;ssl=1 960w, https:\/\/i0.wp.com\/www.manquepierda.com\/historiarealbetis\/files\/2019\/02\/Madrid-Betis-1934.jpg?w=1029&amp;ssl=1 1029w\" sizes=\"auto, (max-width: 680px) 100vw, 680px\" \/><\/a><\/p>\n<p>Veintisiete a\u00f1os tuvieron que pasar para que el Betis volviese a aparecer por las semifinales del torneo de Copa. Despu\u00e9s de eliminar a Murcia, Oviedo y Espanyol el Betis se cruz\u00f3 con el Real Madrid, quien hab\u00eda eliminado a H\u00e9rcules, Racing de Santander y Athletic.<\/p>\n<p>El 18 de junio de 1961 en el Bernab\u00e9u se disputa el encuentro de ida. Puskas en los minutos 12 y 26 adelant\u00f3 al equipo local, pero en el 29 Yanko acort\u00f3 distancias para el Betis que mantuvo a raya a los atacantes locales hasta el minuto 65 en que Mateos aprovech\u00f3 un fallo de Grau para marcar el tercero.&nbsp; En un venvadal madridista Puskas hizo 4 goles m\u00e1s, dejando la eliminatoria practicamente sentenciada con el 7-1.<\/p>\n<p>En el partido de vuelta, aprovechando el exceso de confianza de los rivales, el Betis se impuso 4-1, con goles de Pallar\u00e9s en el minuto 9, R\u00edos en el 40, Di St\u00e9fano para el Madrid en el 53 y&nbsp; Gargallo en el 54 y Casta\u00f1o en el 59.<\/p>\n<p><a href=\"https:\/\/i0.wp.com\/www.manquepierda.com\/historiarealbetis\/files\/2019\/02\/Betis-Madrid-1961.jpg?ssl=1\"><img data-recalc-dims=\"1\" loading=\"lazy\" decoding=\"async\" class=\"aligncenter size-medium wp-image-67766\" src=\"https:\/\/i0.wp.com\/www.manquepierda.com\/historiarealbetis\/files\/2019\/02\/Betis-Madrid-1961.jpg?resize=680%2C404&#038;ssl=1\" alt=\"\" width=\"680\" height=\"404\" srcset=\"https:\/\/i0.wp.com\/www.manquepierda.com\/historiarealbetis\/files\/2019\/02\/Betis-Madrid-1961.jpg?resize=680%2C404&amp;ssl=1 680w, https:\/\/i0.wp.com\/www.manquepierda.com\/historiarealbetis\/files\/2019\/02\/Betis-Madrid-1961.jpg?resize=220%2C131&amp;ssl=1 220w, https:\/\/i0.wp.com\/www.manquepierda.com\/historiarealbetis\/files\/2019\/02\/Betis-Madrid-1961.jpg?resize=768%2C457&amp;ssl=1 768w, https:\/\/i0.wp.com\/www.manquepierda.com\/historiarealbetis\/files\/2019\/02\/Betis-Madrid-1961.jpg?resize=960%2C571&amp;ssl=1 960w, https:\/\/i0.wp.com\/www.manquepierda.com\/historiarealbetis\/files\/2019\/02\/Betis-Madrid-1961.jpg?w=1103&amp;ssl=1 1103w\" sizes=\"auto, (max-width: 680px) 100vw, 680px\" \/><\/a><\/p>\n<p>En 1966 un Betis reci\u00e9n descendido a Segunda Divisi\u00f3n vuelve a las semifinales, despu\u00e9s de dejar en la cuneta a Oviedo, Espanyol y Real Madrid. Enfrente el Athletic Club, quien hab\u00eda eliminado a Condal, Las Palmas y Atl\u00e9tico de Madrid.<\/p>\n<p>En el partido de ida jugado en San Mam\u00e9s el 19 de mayo de 1966 el Betis cosecha un magn\u00edfico empate a 1. Rogelio desde fuera del \u00e1rea en el minuto 16 bate a Ir\u00edbar, mientras que Aguirre en el 80 empat\u00f3 de penalti.<\/p>\n<p>Tres d\u00edas despu\u00e9s, el 22 de mayo el Villamar\u00edn presenta un lleno absoluto con una gran expectaci\u00f3n y el convencimiento de que el Betis va a volver a una final despu\u00e9s de 35 a\u00f1os. Sin embargo el Athletic pronto corta esas aspiraciones con goles de Zorriqueta en el minuto 8 y Aguirre en el 25. A los 60 minutos otro tanto de Arieta termina de hundir a los b\u00e9ticos, marcando Aguirre el 0-4 en el 80. Frasco en el 82 hizo el \u00fanico tanto verdiblanco esa tarde.<\/p>\n<p><a href=\"https:\/\/i0.wp.com\/www.manquepierda.com\/historiarealbetis\/files\/2019\/02\/Betis-Athletic-1966.jpg?ssl=1\"><img data-recalc-dims=\"1\" loading=\"lazy\" decoding=\"async\" class=\"aligncenter size-medium wp-image-67767\" src=\"https:\/\/i0.wp.com\/www.manquepierda.com\/historiarealbetis\/files\/2019\/02\/Betis-Athletic-1966.jpg?resize=680%2C222&#038;ssl=1\" alt=\"\" width=\"680\" height=\"222\" srcset=\"https:\/\/i0.wp.com\/www.manquepierda.com\/historiarealbetis\/files\/2019\/02\/Betis-Athletic-1966.jpg?resize=680%2C222&amp;ssl=1 680w, https:\/\/i0.wp.com\/www.manquepierda.com\/historiarealbetis\/files\/2019\/02\/Betis-Athletic-1966.jpg?resize=220%2C72&amp;ssl=1 220w, https:\/\/i0.wp.com\/www.manquepierda.com\/historiarealbetis\/files\/2019\/02\/Betis-Athletic-1966.jpg?resize=768%2C251&amp;ssl=1 768w, https:\/\/i0.wp.com\/www.manquepierda.com\/historiarealbetis\/files\/2019\/02\/Betis-Athletic-1966.jpg?resize=960%2C314&amp;ssl=1 960w, https:\/\/i0.wp.com\/www.manquepierda.com\/historiarealbetis\/files\/2019\/02\/Betis-Athletic-1966.jpg?w=1099&amp;ssl=1 1099w\" sizes=\"auto, (max-width: 680px) 100vw, 680px\" \/><\/a><\/p>\n<p>Diez a\u00f1os despu\u00e9s, en 1976 en la \u00faltima edici\u00f3n de la Copa del General\u00edsimo, el Betis alcanza de nuevo las semifinales, tras eliminar a Valladolid, Valencia&nbsp; y Espanyol. Enfrente el Real Zaragoza, que hab\u00eda dejado en la cuneta a Ibiza, Granada y Tenerife.<\/p>\n<p>La ida en La Romareda el 13 de junio y con victoria ma\u00f1a por 2 goles a 1. Porta en el 27 adelanta a los locales, empatando Alabanda en el 71 y de nuevo Porta en el 78 hace el 2-1 definitivo.<\/p>\n<p>El 19 de junio en el Villamar\u00edn se juega la vuelta. El Betis se vuelca sobre la meta aragonesa pero el equipo visitante se defiende bien y en un contragolpe Diarte aprovecha en el 65 para adelantar al Zaragoza. A la desesperada el Betis ataca y consigue el empate Biosca de cabeza en el 88. pero el resultado era insuficiente.<\/p>\n<p><a href=\"https:\/\/i0.wp.com\/www.manquepierda.com\/historiarealbetis\/files\/2019\/02\/Betis-Zaragoza-1976.jpg?ssl=1\"><img data-recalc-dims=\"1\" loading=\"lazy\" decoding=\"async\" class=\"aligncenter size-medium wp-image-67769\" src=\"https:\/\/i0.wp.com\/www.manquepierda.com\/historiarealbetis\/files\/2019\/02\/Betis-Zaragoza-1976.jpg?resize=680%2C279&#038;ssl=1\" alt=\"\" width=\"680\" height=\"279\" srcset=\"https:\/\/i0.wp.com\/www.manquepierda.com\/historiarealbetis\/files\/2019\/02\/Betis-Zaragoza-1976.jpg?resize=680%2C279&amp;ssl=1 680w, https:\/\/i0.wp.com\/www.manquepierda.com\/historiarealbetis\/files\/2019\/02\/Betis-Zaragoza-1976.jpg?resize=220%2C90&amp;ssl=1 220w, https:\/\/i0.wp.com\/www.manquepierda.com\/historiarealbetis\/files\/2019\/02\/Betis-Zaragoza-1976.jpg?w=702&amp;ssl=1 702w\" sizes=\"auto, (max-width: 680px) 100vw, 680px\" \/><\/a><\/p>\n","protected":false},"excerpt":{"rendered":"<p>Hoy el Betis disputar\u00e1 por duod\u00e9cima vez una semifinal de Copa. En Vallecas se inicia la eliminatoria contra el Rayo Vallecano que concluir\u00e1 el 3 de marzo en el Villamar\u00edn, con el objetivo de estar el 23 de abril en La Cartuja para la gran final. Vamos a repasar brevemente entre hoy y la previa&#8230;<\/p>\n","protected":false},"author":5,"featured_media":67759,"comment_status":"open","ping_status":"open","sticky":false,"template":"","format":"standard","meta":{"_kad_post_transparent":"","_kad_post_title":"","_kad_post_layout":"","_kad_post_sidebar_id":"","_kad_post_content_style":"","_kad_post_vertical_padding":"","_kad_post_feature":"","_kad_post_feature_position":"","_kad_post_header":false,"_kad_post_footer":false,"_kad_post_classname":"","_jetpack_memberships_contains_paid_content":false,"footnotes":"","jetpack_publicize_message":"","jetpack_publicize_feature_enabled":true,"jetpack_social_post_already_shared":true,"jetpack_social_options":{"image_generator_settings":{"template":"highway","default_image_id":0,"font":"","enabled":false},"version":2}},"categories":[906,1],"tags":[265],"class_list":["post-67758","post","type-post","status-publish","format-standard","has-post-thumbnail","hentry","category-investigacion-temas","category-portada","tag-copa"],"jetpack_publicize_connections":[],"jetpack_featured_media_url":"https:\/\/i0.wp.com\/www.manquepierda.com\/historiarealbetis\/files\/2019\/02\/Betis-Arenas-1931.jpg?fit=1141%2C262&ssl=1","jetpack_sharing_enabled":true,"jetpack_shortlink":"https:\/\/wp.me\/p1ij08-hCS","jetpack-related-posts":[],"_links":{"self":[{"href":"https:\/\/www.manquepierda.com\/historiarealbetis\/wp-json\/wp\/v2\/posts\/67758","targetHints":{"allow":["GET"]}}],"collection":[{"href":"https:\/\/www.manquepierda.com\/historiarealbetis\/wp-json\/wp\/v2\/posts"}],"about":[{"href":"https:\/\/www.manquepierda.com\/historiarealbetis\/wp-json\/wp\/v2\/types\/post"}],"author":[{"embeddable":true,"href":"https:\/\/www.manquepierda.com\/historiarealbetis\/wp-json\/wp\/v2\/users\/5"}],"replies":[{"embeddable":true,"href":"https:\/\/www.manquepierda.com\/historiarealbetis\/wp-json\/wp\/v2\/comments?post=67758"}],"version-history":[{"count":2,"href":"https:\/\/www.manquepierda.com\/historiarealbetis\/wp-json\/wp\/v2\/posts\/67758\/revisions"}],"predecessor-version":[{"id":83252,"href":"https:\/\/www.manquepierda.com\/historiarealbetis\/wp-json\/wp\/v2\/posts\/67758\/revisions\/83252"}],"wp:featuredmedia":[{"embeddable":true,"href":"https:\/\/www.manquepierda.com\/historiarealbetis\/wp-json\/wp\/v2\/media\/67759"}],"wp:attachment":[{"href":"https:\/\/www.manquepierda.com\/historiarealbetis\/wp-json\/wp\/v2\/media?parent=67758"}],"wp:term":[{"taxonomy":"category","embeddable":true,"href":"https:\/\/www.manquepierda.com\/historiarealbetis\/wp-json\/wp\/v2\/categories?post=67758"},{"taxonomy":"post_tag","embeddable":true,"href":"https:\/\/www.manquepierda.com\/historiarealbetis\/wp-json\/wp\/v2\/tags?post=67758"}],"curies":[{"name":"wp","href":"https:\/\/api.w.org\/{rel}","templated":true}]}}