{"id":67836,"date":"2024-03-04T12:00:00","date_gmt":"2024-03-04T11:00:00","guid":{"rendered":"http:\/\/www.manquepierda.com\/historiarealbetis\/?p=67836"},"modified":"2024-08-11T18:14:02","modified_gmt":"2024-08-11T16:14:02","slug":"hoy-hace-40-anos-20","status":"publish","type":"post","link":"https:\/\/www.manquepierda.com\/historiarealbetis\/hoy-hace-40-anos-20\/","title":{"rendered":"Hoy hace 45 a\u00f1os. Suspendido el Betis-Murcia por la huelga de la AFE."},"content":{"rendered":"<p><a href=\"https:\/\/i0.wp.com\/www.manquepierda.com\/historiarealbetis\/files\/2019\/03\/4-1979-Huelga-de-la-AFE.jpg?ssl=1\"><img data-recalc-dims=\"1\" loading=\"lazy\" decoding=\"async\" class=\"aligncenter size-full wp-image-67837\" src=\"https:\/\/i0.wp.com\/www.manquepierda.com\/historiarealbetis\/files\/2019\/03\/4-1979-Huelga-de-la-AFE.jpg?resize=494%2C399&#038;ssl=1\" alt=\"\" width=\"494\" height=\"399\" srcset=\"https:\/\/i0.wp.com\/www.manquepierda.com\/historiarealbetis\/files\/2019\/03\/4-1979-Huelga-de-la-AFE.jpg?w=494&amp;ssl=1 494w, https:\/\/i0.wp.com\/www.manquepierda.com\/historiarealbetis\/files\/2019\/03\/4-1979-Huelga-de-la-AFE.jpg?resize=220%2C178&amp;ssl=1 220w\" sizes=\"auto, (max-width: 494px) 100vw, 494px\" \/><\/a><\/p>\n<p><span style=\"color: #008000\">El 4 de marzo de 1979 el partido Betis-Murcia de la jornada 25 del Campeonato de Liga de Segunda Divisi\u00f3n que se ten\u00eda que disputar en el Villamar\u00edn es suspendido ante la convocatoria de huelga de la Asociaci\u00f3n de Futbolistas Espa\u00f1oles.<\/span><\/p>\n<p><span style=\"color: #008000\">La convocatoria de huelga afect\u00f3 a las categor\u00eda de Primera, Segunda y Segunda B y la jornada se disput\u00f3 el fin de semana siguiente.<\/span><\/p>\n<p><span style=\"color: #008000\">En la imagen el tr\u00edo arbitral con el colegiado castellano Fernando Pascual Tejerina en el c\u00edrculo central de un Villamar\u00edn vac\u00edo.&nbsp;<\/span><\/p>\n","protected":false},"excerpt":{"rendered":"<p>El 4 de marzo de 1979 el partido Betis-Murcia de la jornada 25 del Campeonato de Liga de Segunda Divisi\u00f3n que se ten\u00eda que disputar en el Villamar\u00edn es suspendido ante la convocatoria de huelga de la Asociaci\u00f3n de Futbolistas Espa\u00f1oles. La convocatoria de huelga afect\u00f3 a las categor\u00eda de Primera, Segunda y Segunda B&#8230;<\/p>\n","protected":false},"author":5,"featured_media":67837,"comment_status":"open","ping_status":"open","sticky":false,"template":"","format":"standard","meta":{"_kad_post_transparent":"","_kad_post_title":"","_kad_post_layout":"","_kad_post_sidebar_id":"","_kad_post_content_style":"","_kad_post_vertical_padding":"","_kad_post_feature":"","_kad_post_feature_position":"","_kad_post_header":false,"_kad_post_footer":false,"_kad_post_classname":"","_jetpack_memberships_contains_paid_content":false,"footnotes":"","jetpack_publicize_message":"","jetpack_publicize_feature_enabled":true,"jetpack_social_post_already_shared":true,"jetpack_social_options":{"image_generator_settings":{"template":"highway","default_image_id":0,"font":"","enabled":false},"version":2}},"categories":[903,14583,1],"tags":[1033,16898,17798],"class_list":["post-67836","post","type-post","status-publish","format-standard","has-post-thumbnail","hentry","category-1970-1979","category-efemerides","category-portada","tag-1033","tag-huelga-afe","tag-liga-segunda-1978-79"],"jetpack_publicize_connections":[],"jetpack_featured_media_url":"https:\/\/i0.wp.com\/www.manquepierda.com\/historiarealbetis\/files\/2019\/03\/4-1979-Huelga-de-la-AFE.jpg?fit=494%2C399&ssl=1","jetpack_sharing_enabled":true,"jetpack_shortlink":"https:\/\/wp.me\/p1ij08-hE8","jetpack-related-posts":[],"_links":{"self":[{"href":"https:\/\/www.manquepierda.com\/historiarealbetis\/wp-json\/wp\/v2\/posts\/67836","targetHints":{"allow":["GET"]}}],"collection":[{"href":"https:\/\/www.manquepierda.com\/historiarealbetis\/wp-json\/wp\/v2\/posts"}],"about":[{"href":"https:\/\/www.manquepierda.com\/historiarealbetis\/wp-json\/wp\/v2\/types\/post"}],"author":[{"embeddable":true,"href":"https:\/\/www.manquepierda.com\/historiarealbetis\/wp-json\/wp\/v2\/users\/5"}],"replies":[{"embeddable":true,"href":"https:\/\/www.manquepierda.com\/historiarealbetis\/wp-json\/wp\/v2\/comments?post=67836"}],"version-history":[{"count":1,"href":"https:\/\/www.manquepierda.com\/historiarealbetis\/wp-json\/wp\/v2\/posts\/67836\/revisions"}],"predecessor-version":[{"id":92868,"href":"https:\/\/www.manquepierda.com\/historiarealbetis\/wp-json\/wp\/v2\/posts\/67836\/revisions\/92868"}],"wp:featuredmedia":[{"embeddable":true,"href":"https:\/\/www.manquepierda.com\/historiarealbetis\/wp-json\/wp\/v2\/media\/67837"}],"wp:attachment":[{"href":"https:\/\/www.manquepierda.com\/historiarealbetis\/wp-json\/wp\/v2\/media?parent=67836"}],"wp:term":[{"taxonomy":"category","embeddable":true,"href":"https:\/\/www.manquepierda.com\/historiarealbetis\/wp-json\/wp\/v2\/categories?post=67836"},{"taxonomy":"post_tag","embeddable":true,"href":"https:\/\/www.manquepierda.com\/historiarealbetis\/wp-json\/wp\/v2\/tags?post=67836"}],"curies":[{"name":"wp","href":"https:\/\/api.w.org\/{rel}","templated":true}]}}