{"id":67840,"date":"2024-03-06T12:00:00","date_gmt":"2024-03-06T11:00:00","guid":{"rendered":"http:\/\/www.manquepierda.com\/historiarealbetis\/?p=67840"},"modified":"2024-08-26T07:29:03","modified_gmt":"2024-08-26T05:29:03","slug":"hoy-hace-25-anos-17","status":"publish","type":"post","link":"https:\/\/www.manquepierda.com\/historiarealbetis\/hoy-hace-25-anos-17\/","title":{"rendered":"Hoy hace 30 a\u00f1os. Debut de Lorenzo Serra como entrenador del Betis."},"content":{"rendered":"<p><span style=\"color: #008000\"><a href=\"https:\/\/i0.wp.com\/www.manquepierda.com\/historiarealbetis\/files\/2019\/03\/6-1994-Debut-de-Serra-Ferrer.jpg?ssl=1\"><img data-recalc-dims=\"1\" loading=\"lazy\" decoding=\"async\" class=\"aligncenter size-full wp-image-67841\" src=\"https:\/\/i0.wp.com\/www.manquepierda.com\/historiarealbetis\/files\/2019\/03\/6-1994-Debut-de-Serra-Ferrer.jpg?resize=569%2C551&#038;ssl=1\" alt=\"\" width=\"569\" height=\"551\" srcset=\"https:\/\/i0.wp.com\/www.manquepierda.com\/historiarealbetis\/files\/2019\/03\/6-1994-Debut-de-Serra-Ferrer.jpg?w=569&amp;ssl=1 569w, https:\/\/i0.wp.com\/www.manquepierda.com\/historiarealbetis\/files\/2019\/03\/6-1994-Debut-de-Serra-Ferrer.jpg?resize=220%2C213&amp;ssl=1 220w\" sizes=\"auto, (max-width: 569px) 100vw, 569px\" \/><\/a>El 6 de marzo de 1994 Lorenzo Serra Ferrer debuta como t\u00e9cnico del Real Betis Balompi\u00e9 en el partido de la jornada 27 del Campeonato de Liga de Segunda Divisi\u00f3n que en el Villamar\u00edn enfrenta a Betis y Bilbao Athletic.<\/span><\/p>\n<p><span style=\"color: #008000\">Cuando Serra llega al Betis el equipo se encuentra en octava posici\u00f3n de la tabla, muy alejado de las 2 plazas que daban el ascenso directo.<\/span><\/p>\n<p><span style=\"color: #008000\">En este primer partido se produjo la primera victoria de su etapa, en una partido ag\u00f3nico pues tras el gol inicial de Aquino en el minuto 29 se produjo el empate rojiblanco en el minuto 83. A falta de solo 5 minutos Aquino hizo el definitivo 2-1.<\/span><\/p>\n<p><span style=\"color: #008000\">En los 12 partidos que restaban para la finalizaci\u00f3n del campeonato el Betis empat\u00f3 2 y gan\u00f3 10, con lo que alcanz\u00f3 la segunda plaza y el ascenso directo.<\/span><\/p>\n","protected":false},"excerpt":{"rendered":"<p>El 6 de marzo de 1994 Lorenzo Serra Ferrer debuta como t\u00e9cnico del Real Betis Balompi\u00e9 en el partido de la jornada 27 del Campeonato de Liga de Segunda Divisi\u00f3n que en el Villamar\u00edn enfrenta a Betis y Bilbao Athletic. Cuando Serra llega al Betis el equipo se encuentra en octava posici\u00f3n de la tabla,&#8230;<\/p>\n","protected":false},"author":5,"featured_media":67841,"comment_status":"open","ping_status":"open","sticky":false,"template":"","format":"standard","meta":{"_kad_post_transparent":"","_kad_post_title":"","_kad_post_layout":"","_kad_post_sidebar_id":"","_kad_post_content_style":"","_kad_post_vertical_padding":"","_kad_post_feature":"","_kad_post_feature_position":"","_kad_post_header":false,"_kad_post_footer":false,"_kad_post_classname":"","_jetpack_memberships_contains_paid_content":false,"footnotes":"","jetpack_publicize_message":"","jetpack_publicize_feature_enabled":true,"jetpack_social_post_already_shared":true,"jetpack_social_options":{"image_generator_settings":{"template":"highway","default_image_id":0,"font":"","enabled":false},"version":2}},"categories":[905,14583,1],"tags":[1540,17827,1457],"class_list":["post-67840","post","type-post","status-publish","format-standard","has-post-thumbnail","hentry","category-1990-1999","category-efemerides","category-portada","tag-1540","tag-liga-segunda-1993-94","tag-lorenzo-serra"],"jetpack_publicize_connections":[],"jetpack_featured_media_url":"https:\/\/i0.wp.com\/www.manquepierda.com\/historiarealbetis\/files\/2019\/03\/6-1994-Debut-de-Serra-Ferrer.jpg?fit=569%2C551&ssl=1","jetpack_sharing_enabled":true,"jetpack_shortlink":"https:\/\/wp.me\/p1ij08-hEc","jetpack-related-posts":[],"_links":{"self":[{"href":"https:\/\/www.manquepierda.com\/historiarealbetis\/wp-json\/wp\/v2\/posts\/67840","targetHints":{"allow":["GET"]}}],"collection":[{"href":"https:\/\/www.manquepierda.com\/historiarealbetis\/wp-json\/wp\/v2\/posts"}],"about":[{"href":"https:\/\/www.manquepierda.com\/historiarealbetis\/wp-json\/wp\/v2\/types\/post"}],"author":[{"embeddable":true,"href":"https:\/\/www.manquepierda.com\/historiarealbetis\/wp-json\/wp\/v2\/users\/5"}],"replies":[{"embeddable":true,"href":"https:\/\/www.manquepierda.com\/historiarealbetis\/wp-json\/wp\/v2\/comments?post=67840"}],"version-history":[{"count":1,"href":"https:\/\/www.manquepierda.com\/historiarealbetis\/wp-json\/wp\/v2\/posts\/67840\/revisions"}],"predecessor-version":[{"id":92874,"href":"https:\/\/www.manquepierda.com\/historiarealbetis\/wp-json\/wp\/v2\/posts\/67840\/revisions\/92874"}],"wp:featuredmedia":[{"embeddable":true,"href":"https:\/\/www.manquepierda.com\/historiarealbetis\/wp-json\/wp\/v2\/media\/67841"}],"wp:attachment":[{"href":"https:\/\/www.manquepierda.com\/historiarealbetis\/wp-json\/wp\/v2\/media?parent=67840"}],"wp:term":[{"taxonomy":"category","embeddable":true,"href":"https:\/\/www.manquepierda.com\/historiarealbetis\/wp-json\/wp\/v2\/categories?post=67840"},{"taxonomy":"post_tag","embeddable":true,"href":"https:\/\/www.manquepierda.com\/historiarealbetis\/wp-json\/wp\/v2\/tags?post=67840"}],"curies":[{"name":"wp","href":"https:\/\/api.w.org\/{rel}","templated":true}]}}