{"id":67858,"date":"2019-03-06T09:24:29","date_gmt":"2019-03-06T08:24:29","guid":{"rendered":"http:\/\/www.manquepierda.com\/historiarealbetis\/?p=67858"},"modified":"2025-11-02T21:57:38","modified_gmt":"2025-11-02T20:57:38","slug":"fernando-aramburu","status":"publish","type":"post","link":"https:\/\/www.manquepierda.com\/historiarealbetis\/fernando-aramburu\/","title":{"rendered":"Fernando Aramburu"},"content":{"rendered":"<p><a href=\"https:\/\/i0.wp.com\/www.manquepierda.com\/historiarealbetis\/files\/2019\/03\/Aramburu.jpg?ssl=1\"><img data-recalc-dims=\"1\" loading=\"lazy\" decoding=\"async\" class=\"aligncenter size-full wp-image-67859\" src=\"https:\/\/i0.wp.com\/www.manquepierda.com\/historiarealbetis\/files\/2019\/03\/Aramburu.jpg?resize=261%2C309&#038;ssl=1\" alt=\"\" width=\"261\" height=\"309\" srcset=\"https:\/\/i0.wp.com\/www.manquepierda.com\/historiarealbetis\/files\/2019\/03\/Aramburu.jpg?w=261&amp;ssl=1 261w, https:\/\/i0.wp.com\/www.manquepierda.com\/historiarealbetis\/files\/2019\/03\/Aramburu.jpg?resize=186%2C220&amp;ssl=1 186w\" sizes=\"auto, (max-width: 261px) 100vw, 261px\" \/><\/a><\/p>\n<p><strong>Fernando Aramburu Escobar,<\/strong> nacido en Santurce (Vizcaya) el 6 de junio de 1949 y fallecido en Baracaldo (Vizcaya) el 30 de octubre de 2025..<\/p>\n<p>Delantero.<\/p>\n<p>Destac\u00f3 como goleador en su etapa juvenil en el Sporting de Lutxana, hist\u00f3rico club de Baracaldo. La recomendaci\u00f3n expresa de Eusebio R\u00edos hizo que el Betis se fijase en \u00e9l y lo incorporase en 1968 para el filial verdiblanco, el Triana Balompi\u00e9.<\/p>\n<p>Fue tambi\u00e9n cedido al Racing de Ferrol y al Real Ja\u00e9n, hasta que debut\u00f3 con el primer equipo verdiblanco en un amistoso disputado el 3 de agosto de 1972 contra la Balomp\u00e9dica Linense, cuando sustituy\u00f3 en el minuto 61 a Frigols en terreno linense.<\/p>\n<p>Un mes despu\u00e9s, el 2 de septiembre de 1972 debutaba en partido oficial en El Molin\u00f3n contra el Sporting de Gij\u00f3n, sustituyendo a Macario en el minuto 75.<\/p>\n<p>Su mejor temporada fue la 1973-74, cuando particip\u00f3 con bastante asiduidad en el equipo que subi\u00f3 a Primera Divisi\u00f3n, tanto en la delantera como de defensa central. En noviembre de 1974 fue traspasado al Deportivo Alav\u00e9s, pasando posteriormente por el Recreativo de Huelva y el Ceuta.<\/p>\n<p>Historial<\/p>\n<table width=\"244\">\n<tbody>\n<tr>\n<td width=\"80\">1968-69<\/td>\n<td width=\"84\">Luchana<\/td>\n<td width=\"80\">Regional<\/td>\n<\/tr>\n<tr>\n<td>1968-69<\/td>\n<td>Triana<\/td>\n<td>Tercera<\/td>\n<\/tr>\n<tr>\n<td>1969-70<\/td>\n<td>Racing Ferrol<\/td>\n<td>Segunda<\/td>\n<\/tr>\n<tr>\n<td>1970-71<\/td>\n<td>Triana<\/td>\n<td>Tercera<\/td>\n<\/tr>\n<tr>\n<td>1971-72<\/td>\n<td>Ja\u00e9n<\/td>\n<td>Tercera<\/td>\n<\/tr>\n<tr>\n<td>1972-73<\/td>\n<td>Betis<\/td>\n<td>Primera<\/td>\n<\/tr>\n<tr>\n<td>1973-74<\/td>\n<td>Betis<\/td>\n<td>Segunda<\/td>\n<\/tr>\n<tr>\n<td>1974-75<\/td>\n<td>Alav\u00e9s<\/td>\n<td>Segunda<\/td>\n<\/tr>\n<tr>\n<td>1975-76<\/td>\n<td>Alav\u00e9s<\/td>\n<td>Segunda<\/td>\n<\/tr>\n<tr>\n<td>1976-77<\/td>\n<td>Recreativo<\/td>\n<td>Segunda<\/td>\n<\/tr>\n<tr>\n<td>1977-78<\/td>\n<td>Ceuta<\/td>\n<td>Segunda B<\/td>\n<\/tr>\n<tr>\n<td>1978-79<\/td>\n<td>Ceuta<\/td>\n<td>Segunda B<\/td>\n<\/tr>\n<tr>\n<td>1978-80<\/td>\n<td>Ceuta<\/td>\n<td>Segunda B<\/td>\n<\/tr>\n<tr>\n<td>1980-81<\/td>\n<td>Ceuta<\/td>\n<td>Segunda<\/td>\n<\/tr>\n<tr>\n<td>1981-82<\/td>\n<td>Sestao<\/td>\n<td>Segunda B<\/td>\n<\/tr>\n<\/tbody>\n<\/table>\n<p><span style=\"font-size: revert\">En sus 2 temporadas en el Betis Aramburu jug\u00f3 47 partidos de Liga marcando 6 goles, 8 de Copa, 11 del Campeonato Andaluz de Reservas, en los que hizo 2 tantos, y 25 amistosos en los que marc\u00f3 3 goles.<\/span><\/p>\n","protected":false},"excerpt":{"rendered":"<p>Fernando Aramburu Escobar, nacido en Santurce (Vizcaya) el 6 de junio de 1949 y fallecido en Baracaldo (Vizcaya) el 30 de octubre de 2025.. Delantero. Destac\u00f3 como goleador en su etapa juvenil en el Sporting de Lutxana, hist\u00f3rico club de Baracaldo. La recomendaci\u00f3n expresa de Eusebio R\u00edos hizo que el Betis se fijase en \u00e9l&#8230;<\/p>\n","protected":false},"author":5,"featured_media":67859,"comment_status":"open","ping_status":"open","sticky":false,"template":"","format":"standard","meta":{"_kad_post_transparent":"","_kad_post_title":"","_kad_post_layout":"","_kad_post_sidebar_id":"","_kad_post_content_style":"","_kad_post_vertical_padding":"","_kad_post_feature":"","_kad_post_feature_position":"","_kad_post_header":false,"_kad_post_footer":false,"_kad_post_classname":"","_jetpack_memberships_contains_paid_content":false,"footnotes":"","jetpack_publicize_message":"","jetpack_publicize_feature_enabled":true,"jetpack_social_post_already_shared":true,"jetpack_social_options":{"image_generator_settings":{"template":"highway","default_image_id":0,"font":"","enabled":false},"version":2}},"categories":[893,1],"tags":[5061],"class_list":["post-67858","post","type-post","status-publish","format-standard","has-post-thumbnail","hentry","category-jugadores-temas","category-portada","tag-fernando-aramburu"],"jetpack_publicize_connections":[],"jetpack_featured_media_url":"https:\/\/i0.wp.com\/www.manquepierda.com\/historiarealbetis\/files\/2019\/03\/Aramburu.jpg?fit=261%2C309&ssl=1","jetpack_sharing_enabled":true,"jetpack_shortlink":"https:\/\/wp.me\/p1ij08-hEu","jetpack-related-posts":[],"_links":{"self":[{"href":"https:\/\/www.manquepierda.com\/historiarealbetis\/wp-json\/wp\/v2\/posts\/67858","targetHints":{"allow":["GET"]}}],"collection":[{"href":"https:\/\/www.manquepierda.com\/historiarealbetis\/wp-json\/wp\/v2\/posts"}],"about":[{"href":"https:\/\/www.manquepierda.com\/historiarealbetis\/wp-json\/wp\/v2\/types\/post"}],"author":[{"embeddable":true,"href":"https:\/\/www.manquepierda.com\/historiarealbetis\/wp-json\/wp\/v2\/users\/5"}],"replies":[{"embeddable":true,"href":"https:\/\/www.manquepierda.com\/historiarealbetis\/wp-json\/wp\/v2\/comments?post=67858"}],"version-history":[{"count":4,"href":"https:\/\/www.manquepierda.com\/historiarealbetis\/wp-json\/wp\/v2\/posts\/67858\/revisions"}],"predecessor-version":[{"id":105586,"href":"https:\/\/www.manquepierda.com\/historiarealbetis\/wp-json\/wp\/v2\/posts\/67858\/revisions\/105586"}],"wp:featuredmedia":[{"embeddable":true,"href":"https:\/\/www.manquepierda.com\/historiarealbetis\/wp-json\/wp\/v2\/media\/67859"}],"wp:attachment":[{"href":"https:\/\/www.manquepierda.com\/historiarealbetis\/wp-json\/wp\/v2\/media?parent=67858"}],"wp:term":[{"taxonomy":"category","embeddable":true,"href":"https:\/\/www.manquepierda.com\/historiarealbetis\/wp-json\/wp\/v2\/categories?post=67858"},{"taxonomy":"post_tag","embeddable":true,"href":"https:\/\/www.manquepierda.com\/historiarealbetis\/wp-json\/wp\/v2\/tags?post=67858"}],"curies":[{"name":"wp","href":"https:\/\/api.w.org\/{rel}","templated":true}]}}