{"id":67907,"date":"2024-03-10T12:00:00","date_gmt":"2024-03-10T11:00:00","guid":{"rendered":"http:\/\/www.manquepierda.com\/historiarealbetis\/?p=67907"},"modified":"2024-02-13T20:29:15","modified_gmt":"2024-02-13T19:29:15","slug":"hoy-hace-15-anos-9","status":"publish","type":"post","link":"https:\/\/www.manquepierda.com\/historiarealbetis\/hoy-hace-15-anos-9\/","title":{"rendered":"Hoy hace 20 a\u00f1os. Rescisi\u00f3n del contrato de  Mart\u00edn Palermo."},"content":{"rendered":"<p><a href=\"https:\/\/i0.wp.com\/www.manquepierda.com\/historiarealbetis\/files\/2019\/03\/10-2004-Rescisi%C3%B3n-de-Palermo.jpg?ssl=1\"><img data-recalc-dims=\"1\" loading=\"lazy\" decoding=\"async\" class=\"aligncenter size-full wp-image-67908\" src=\"https:\/\/i0.wp.com\/www.manquepierda.com\/historiarealbetis\/files\/2019\/03\/10-2004-Rescisi%C3%B3n-de-Palermo.jpg?resize=295%2C345&#038;ssl=1\" alt=\"\" width=\"295\" height=\"345\" srcset=\"https:\/\/i0.wp.com\/www.manquepierda.com\/historiarealbetis\/files\/2019\/03\/10-2004-Rescisi%C3%B3n-de-Palermo.jpg?w=295&amp;ssl=1 295w, https:\/\/i0.wp.com\/www.manquepierda.com\/historiarealbetis\/files\/2019\/03\/10-2004-Rescisi%C3%B3n-de-Palermo.jpg?resize=188%2C220&amp;ssl=1 188w\" sizes=\"auto, (max-width: 295px) 100vw, 295px\" \/><\/a><\/p>\n<p><span style=\"color: #008000\">El 10 de marzo de 2004 se anuncia la rescisi\u00f3n de mutuo acuerdo del contrato que ligaba al delantero argentino Mart\u00edn Palermo con el Real Betis Balompi\u00e9.<\/span><\/p>\n<p><span style=\"color: #008000\">Palermo hab\u00eda sido fichado por el Betis esa misma temporada procedente del Villarreal, pero su paso por las filas verdiblancas no fue muy afortunado, pues en 11 partidos oficiales s\u00f3lo hizo 1 gol.<\/span><\/p>\n<p><span style=\"color: #008000\">Tras dejar el Betis Mart\u00edn Palermo firm\u00f3 con el Deportivo Alav\u00e9s.<\/span><\/p>\n","protected":false},"excerpt":{"rendered":"<p>El 10 de marzo de 2004 se anuncia la rescisi\u00f3n de mutuo acuerdo del contrato que ligaba al delantero argentino Mart\u00edn Palermo con el Real Betis Balompi\u00e9. Palermo hab\u00eda sido fichado por el Betis esa misma temporada procedente del Villarreal, pero su paso por las filas verdiblancas no fue muy afortunado, pues en 11 partidos&#8230;<\/p>\n","protected":false},"author":5,"featured_media":67908,"comment_status":"open","ping_status":"open","sticky":false,"template":"","format":"standard","meta":{"_kad_post_transparent":"","_kad_post_title":"","_kad_post_layout":"","_kad_post_sidebar_id":"","_kad_post_content_style":"","_kad_post_vertical_padding":"","_kad_post_feature":"","_kad_post_feature_position":"","_kad_post_header":false,"_kad_post_footer":false,"_kad_post_classname":"","_jetpack_memberships_contains_paid_content":false,"footnotes":"","jetpack_publicize_message":"","jetpack_publicize_feature_enabled":true,"jetpack_social_post_already_shared":true,"jetpack_social_options":{"image_generator_settings":{"template":"highway","default_image_id":0,"font":"","enabled":false},"version":2}},"categories":[4823,14583,1],"tags":[6013,4018],"class_list":["post-67907","post","type-post","status-publish","format-standard","has-post-thumbnail","hentry","category-2000-2009","category-efemerides","category-portada","tag-6013","tag-martin-palermo"],"jetpack_publicize_connections":[],"jetpack_featured_media_url":"https:\/\/i0.wp.com\/www.manquepierda.com\/historiarealbetis\/files\/2019\/03\/10-2004-Rescisi%C3%B3n-de-Palermo.jpg?fit=295%2C345&ssl=1","jetpack_sharing_enabled":true,"jetpack_shortlink":"https:\/\/wp.me\/p1ij08-hFh","jetpack-related-posts":[],"_links":{"self":[{"href":"https:\/\/www.manquepierda.com\/historiarealbetis\/wp-json\/wp\/v2\/posts\/67907","targetHints":{"allow":["GET"]}}],"collection":[{"href":"https:\/\/www.manquepierda.com\/historiarealbetis\/wp-json\/wp\/v2\/posts"}],"about":[{"href":"https:\/\/www.manquepierda.com\/historiarealbetis\/wp-json\/wp\/v2\/types\/post"}],"author":[{"embeddable":true,"href":"https:\/\/www.manquepierda.com\/historiarealbetis\/wp-json\/wp\/v2\/users\/5"}],"replies":[{"embeddable":true,"href":"https:\/\/www.manquepierda.com\/historiarealbetis\/wp-json\/wp\/v2\/comments?post=67907"}],"version-history":[{"count":3,"href":"https:\/\/www.manquepierda.com\/historiarealbetis\/wp-json\/wp\/v2\/posts\/67907\/revisions"}],"predecessor-version":[{"id":92878,"href":"https:\/\/www.manquepierda.com\/historiarealbetis\/wp-json\/wp\/v2\/posts\/67907\/revisions\/92878"}],"wp:featuredmedia":[{"embeddable":true,"href":"https:\/\/www.manquepierda.com\/historiarealbetis\/wp-json\/wp\/v2\/media\/67908"}],"wp:attachment":[{"href":"https:\/\/www.manquepierda.com\/historiarealbetis\/wp-json\/wp\/v2\/media?parent=67907"}],"wp:term":[{"taxonomy":"category","embeddable":true,"href":"https:\/\/www.manquepierda.com\/historiarealbetis\/wp-json\/wp\/v2\/categories?post=67907"},{"taxonomy":"post_tag","embeddable":true,"href":"https:\/\/www.manquepierda.com\/historiarealbetis\/wp-json\/wp\/v2\/tags?post=67907"}],"curies":[{"name":"wp","href":"https:\/\/api.w.org\/{rel}","templated":true}]}}