{"id":67953,"date":"2019-03-12T09:50:11","date_gmt":"2019-03-12T08:50:11","guid":{"rendered":"http:\/\/www.manquepierda.com\/historiarealbetis\/?p=67953"},"modified":"2022-04-04T20:47:43","modified_gmt":"2022-04-04T18:47:43","slug":"jose-antonio-rodriguez-melenas","status":"publish","type":"post","link":"https:\/\/www.manquepierda.com\/historiarealbetis\/jose-antonio-rodriguez-melenas\/","title":{"rendered":"Jos\u00e9 Antonio Rodr\u00edguez \u00abMelenas\u00bb"},"content":{"rendered":"<p><a href=\"https:\/\/i0.wp.com\/www.manquepierda.com\/historiarealbetis\/files\/2019\/03\/Melenas.png?ssl=1\"><img data-recalc-dims=\"1\" loading=\"lazy\" decoding=\"async\" class=\"aligncenter size-medium wp-image-67954\" src=\"https:\/\/i0.wp.com\/www.manquepierda.com\/historiarealbetis\/files\/2019\/03\/Melenas.png?resize=486%2C600&#038;ssl=1\" alt=\"\" width=\"486\" height=\"600\" srcset=\"https:\/\/i0.wp.com\/www.manquepierda.com\/historiarealbetis\/files\/2019\/03\/Melenas.png?resize=486%2C600&amp;ssl=1 486w, https:\/\/i0.wp.com\/www.manquepierda.com\/historiarealbetis\/files\/2019\/03\/Melenas.png?resize=178%2C220&amp;ssl=1 178w, https:\/\/i0.wp.com\/www.manquepierda.com\/historiarealbetis\/files\/2019\/03\/Melenas.png?resize=567%2C700&amp;ssl=1 567w, https:\/\/i0.wp.com\/www.manquepierda.com\/historiarealbetis\/files\/2019\/03\/Melenas.png?w=680&amp;ssl=1 680w\" sizes=\"auto, (max-width: 486px) 100vw, 486px\" \/><\/a><\/p>\n<p><strong>Jos\u00e9 Antonio Rodriguez Alvarez \u00abMelenas\u00bb<\/strong>, nacido en Ecija el 8 de diciembre de 1966.<\/p>\n<p>Delantero.<\/p>\n<p>Comenz\u00f3 en el Juventud de Ecija, del que se incorpor\u00f3 con 16 a\u00f1os a la cantera b\u00e9tica, donde destac\u00f3 en el equipo juvenil y en el Betis Deportivo.\u00a0 Precisamente contra el Juventud de Ecija hizo su debut con el primer equipo verdiblanco el 1 de mayo de 1985, en un amistoso jugado en terreno ecijano y en el que hizo 2 de los 7 tantos b\u00e9ticos.<\/p>\n<p>Melenas debut\u00f3 con el primer equipo en partido oficial el 5 de abril de 1987 en el Villamar\u00edn contras el C\u00e1diz. Ese d\u00eda sali\u00f3 de titular en la delantera verdiblanca con muy buen resultado, pues fue el autor del tanto inicial en el minuto 9\u00a0 de los cuatro tantos que el Betis hizo a los amarillos.<\/p>\n<p>En el tramo final de esa temporada intervino en un total de 10 partidos haciendo 3 goles, por lo que en la temporada siguiente pas\u00f3 a formar parte de la primera plantilla b\u00e9tica a las \u00f3rdenes del brit\u00e1nico John Mortimore.\u00a0 Fue su mejor etapa en verdiblanco, obteniendo 4 goles en Liga y 1 en Copa.<\/p>\n<p>En la campa\u00f1a 1988-89 fue cedido al Recreativo de Huelva, marcando 11 tantos en 37 partidos, por lo que en la 1989-90 volvi\u00f3 al primer equipo verdiblanco en la que ser\u00eda su \u00faltima temporada en el conjunto b\u00e9tico, pues en la siguiente campa\u00f1a fich\u00f3 por el Palam\u00f3s.<\/p>\n<p>Posteriormente jug\u00f3 en diversos equipos andaluces, extreme\u00f1os y castellano manchegos hasta su retirada definitiva en 1998.<\/p>\n<p>Historial<\/p>\n<table width=\"254\">\n<tbody>\n<tr>\n<td width=\"80\">1984-85<\/td>\n<td width=\"94\">Betis Deportivo<\/td>\n<td width=\"80\">Tercera<\/td>\n<\/tr>\n<tr>\n<td>1985-86<\/td>\n<td>Betis Deportivo<\/td>\n<td>Segunda B<\/td>\n<\/tr>\n<tr>\n<td>1986-87<\/td>\n<td>Betis Deportivo<\/td>\n<td>Tercera<\/td>\n<\/tr>\n<tr>\n<td>1986-87<\/td>\n<td>Betis<\/td>\n<td>Primera<\/td>\n<\/tr>\n<tr>\n<td>1987-88<\/td>\n<td>Betis<\/td>\n<td>Primera<\/td>\n<\/tr>\n<tr>\n<td>1988-89<\/td>\n<td>Recreativo<\/td>\n<td>Segunda<\/td>\n<\/tr>\n<tr>\n<td>1989-90<\/td>\n<td>Betis<\/td>\n<td>Segunda<\/td>\n<\/tr>\n<tr>\n<td>1990-91<\/td>\n<td>Palam\u00f3s<\/td>\n<td>Segunda<\/td>\n<\/tr>\n<tr>\n<td>1991-92<\/td>\n<td>Xerez<\/td>\n<td>Segunda B<\/td>\n<\/tr>\n<tr>\n<td>1992-93<\/td>\n<td>Extremadura<\/td>\n<td>Segunda B<\/td>\n<\/tr>\n<tr>\n<td>1993-94<\/td>\n<td>Extremadura<\/td>\n<td>Segunda B<\/td>\n<\/tr>\n<tr>\n<td>1994-95<\/td>\n<td>Badajoz<\/td>\n<td>Segunda<\/td>\n<\/tr>\n<tr>\n<td>1995-96<\/td>\n<td>Toledo<\/td>\n<td>Segunda<\/td>\n<\/tr>\n<tr>\n<td>1995-96<\/td>\n<td>C\u00f3rdoba<\/td>\n<td>Segunda B<\/td>\n<\/tr>\n<tr>\n<td>1996-97<\/td>\n<td>San Pedro<\/td>\n<td>Segunda B<\/td>\n<\/tr>\n<tr>\n<td>1997-98<\/td>\n<td>San Pedro<\/td>\n<td>Segunda B<\/td>\n<\/tr>\n<\/tbody>\n<\/table>\n<p>En sus 3 temporadas en el Betis Melenas jug\u00f3 46 partidos de Liga marcando 7 goles, 6 de Copa en los que hizo un tanto y 37 amistosos, en los que marc\u00f3 25 goles.<\/p>\n","protected":false},"excerpt":{"rendered":"<p>Jos\u00e9 Antonio Rodriguez Alvarez \u00abMelenas\u00bb, nacido en Ecija el 8 de diciembre de 1966. Delantero. Comenz\u00f3 en el Juventud de Ecija, del que se incorpor\u00f3 con 16 a\u00f1os a la cantera b\u00e9tica, donde destac\u00f3 en el equipo juvenil y en el Betis Deportivo.\u00a0 Precisamente contra el Juventud de Ecija hizo su debut con el primer&#8230;<\/p>\n","protected":false},"author":5,"featured_media":67954,"comment_status":"open","ping_status":"open","sticky":false,"template":"","format":"standard","meta":{"_kad_post_transparent":"","_kad_post_title":"","_kad_post_layout":"","_kad_post_sidebar_id":"","_kad_post_content_style":"","_kad_post_vertical_padding":"","_kad_post_feature":"","_kad_post_feature_position":"","_kad_post_header":false,"_kad_post_footer":false,"_kad_post_classname":"","_jetpack_memberships_contains_paid_content":false,"footnotes":"","jetpack_publicize_message":"","jetpack_publicize_feature_enabled":true,"jetpack_social_post_already_shared":true,"jetpack_social_options":{"image_generator_settings":{"template":"highway","default_image_id":0,"font":"","enabled":false},"version":2}},"categories":[893,1],"tags":[1137],"class_list":["post-67953","post","type-post","status-publish","format-standard","has-post-thumbnail","hentry","category-jugadores-temas","category-portada","tag-jose-antonio-rodriguez-melenas"],"jetpack_publicize_connections":[],"jetpack_featured_media_url":"https:\/\/i0.wp.com\/www.manquepierda.com\/historiarealbetis\/files\/2019\/03\/Melenas.png?fit=680%2C839&ssl=1","jetpack_sharing_enabled":true,"jetpack_shortlink":"https:\/\/wp.me\/p1ij08-hG1","jetpack-related-posts":[],"_links":{"self":[{"href":"https:\/\/www.manquepierda.com\/historiarealbetis\/wp-json\/wp\/v2\/posts\/67953","targetHints":{"allow":["GET"]}}],"collection":[{"href":"https:\/\/www.manquepierda.com\/historiarealbetis\/wp-json\/wp\/v2\/posts"}],"about":[{"href":"https:\/\/www.manquepierda.com\/historiarealbetis\/wp-json\/wp\/v2\/types\/post"}],"author":[{"embeddable":true,"href":"https:\/\/www.manquepierda.com\/historiarealbetis\/wp-json\/wp\/v2\/users\/5"}],"replies":[{"embeddable":true,"href":"https:\/\/www.manquepierda.com\/historiarealbetis\/wp-json\/wp\/v2\/comments?post=67953"}],"version-history":[{"count":1,"href":"https:\/\/www.manquepierda.com\/historiarealbetis\/wp-json\/wp\/v2\/posts\/67953\/revisions"}],"predecessor-version":[{"id":84045,"href":"https:\/\/www.manquepierda.com\/historiarealbetis\/wp-json\/wp\/v2\/posts\/67953\/revisions\/84045"}],"wp:featuredmedia":[{"embeddable":true,"href":"https:\/\/www.manquepierda.com\/historiarealbetis\/wp-json\/wp\/v2\/media\/67954"}],"wp:attachment":[{"href":"https:\/\/www.manquepierda.com\/historiarealbetis\/wp-json\/wp\/v2\/media?parent=67953"}],"wp:term":[{"taxonomy":"category","embeddable":true,"href":"https:\/\/www.manquepierda.com\/historiarealbetis\/wp-json\/wp\/v2\/categories?post=67953"},{"taxonomy":"post_tag","embeddable":true,"href":"https:\/\/www.manquepierda.com\/historiarealbetis\/wp-json\/wp\/v2\/tags?post=67953"}],"curies":[{"name":"wp","href":"https:\/\/api.w.org\/{rel}","templated":true}]}}