{"id":67985,"date":"2019-03-18T09:46:25","date_gmt":"2019-03-18T08:46:25","guid":{"rendered":"http:\/\/www.manquepierda.com\/historiarealbetis\/?p=67985"},"modified":"2019-03-18T14:21:41","modified_gmt":"2019-03-18T13:21:41","slug":"entrevista-gerrie-muhren-1979","status":"publish","type":"post","link":"https:\/\/www.manquepierda.com\/historiarealbetis\/entrevista-gerrie-muhren-1979\/","title":{"rendered":"Entrevista Gerrie Muhren 1979"},"content":{"rendered":"<p><a href=\"https:\/\/i0.wp.com\/www.manquepierda.com\/historiarealbetis\/files\/2019\/03\/Entrevista-Gerrie-Muhren-1979-NMP-Suroeste-4-4-1979.jpg?ssl=1\"><img data-recalc-dims=\"1\" loading=\"lazy\" decoding=\"async\" class=\"alignleft wp-image-67986 size-medium\" src=\"https:\/\/i0.wp.com\/www.manquepierda.com\/historiarealbetis\/files\/2019\/03\/Entrevista-Gerrie-Muhren-1979-NMP-Suroeste-4-4-1979.jpg?resize=429%2C600&#038;ssl=1\" alt=\"\" width=\"429\" height=\"600\" srcset=\"https:\/\/i0.wp.com\/www.manquepierda.com\/historiarealbetis\/files\/2019\/03\/Entrevista-Gerrie-Muhren-1979-NMP-Suroeste-4-4-1979.jpg?w=429&amp;ssl=1 429w, https:\/\/i0.wp.com\/www.manquepierda.com\/historiarealbetis\/files\/2019\/03\/Entrevista-Gerrie-Muhren-1979-NMP-Suroeste-4-4-1979.jpg?resize=157%2C220&amp;ssl=1 157w\" sizes=\"auto, (max-width: 429px) 100vw, 429px\" \/><\/a><\/p>\n<p>&nbsp;<\/p>\n<p>Gerrie Muhren lleg\u00f3 al Betis en 1976 procedente del Ajax de Amsterdam. Hab\u00eda formado parte de la mejor historia del equipo holand\u00e9s, cuando domin\u00f3 el f\u00fatbol continental conquistando 3 Copas de Europa.<\/p>\n<p>&nbsp;<\/p>\n<p>Firm\u00f3 un contrato con una duraci\u00f3n de 3 temporadas, por lo que al final de la campa\u00f1a 1978-79 conclu\u00eda su vinculaci\u00f3n con el Betis. De abril de 1979 es esta entrevista del periodista Antonio G\u00f3mez en el diario Suroeste, en la que el futbolista holand\u00e9s anticipaba su despedida, despu\u00e9s de que el club le invitase a formar parte del equipo t\u00e9cnico verdiblanco dirigiendo al equipo juvenil.<\/p>\n<p>&nbsp;<\/p>\n<p>Pero la intenci\u00f3n de Muhren, a sus 33 a\u00f1os, era seguir jugando al f\u00fatbol de forma profesional, por lo que arregl\u00f3 su vuelta al f\u00fatbol holand\u00e9s, concretamente al Volendam, el club de su ciudad natal y en el que empez\u00f3 a jugar en 1963 con 17 a\u00f1os.<\/p>\n<p>De hecho Gerrie Muhren a\u00fan jug\u00f3 6 temporadas m\u00e1s, retir\u00e1ndose a los 39 a\u00f1os.<\/p>\n<p>&nbsp;<\/p>\n<p>&nbsp;<\/p>\n<p>&nbsp;<\/p>\n<p><span style=\"color: #008000\"><em>Pienso\u2014y creo que esta opini\u00f3n ser\u00e1 compartida\u2014que no hace falta extenderse para presentar a Gerernda Hyacintus M\u00fchren, jugador del Real Betis. Todos le conocemos. Sobre \u00e9l se ha dicho y se ha escrito todo o casi todo. Con \u00e9l hemos mantenido una entrevista, interesante y amena. Testigo de excepci\u00f3n, su se\u00f1ora Dominicus Maria y su peque\u00f1o hijo Gerardus.<\/em><\/span><\/p>\n<p><span style=\"color: #008000\"><em>Tres temporadas en el Real Betis en los que jug\u00f3 casi todos los partidos, salvo en la etapa Iriondo en la que, por causas conocidas de casi todos tambi\u00e9n, estuvo m\u00e1s en el banquillo que en el equipo.<\/em><\/span><\/p>\n<p><span style=\"color: #008000\"><em>En su curriculum destaca el que, en el primer a\u00f1o fuera nominado como uno de los diez mejores del trofeo Fabuloso. Con \u00e9l, pero sin \u00e9l en el terreno de juego, el Betis gan\u00f3 la Copa del Rey. En la segunda temporada, con Iriondo sufri\u00f3 m\u00e1s de la cuenta en ese banquillo al que damos en llamar de las penas y sufrimientos: el cemento, ya que el vizca\u00edno\u2014hay que recordarlo\u2014no quiso cambiar o modificar aquel cuadro que gan\u00f3 la Copa y que poco despu\u00e9s descend\u00eda a la Segunda Divisi\u00f3n. En esta tercera que corre, Jos\u00e9 Luis Garc\u00eda Traid cont\u00f3 y cuenta con \u00e9l para cada encuentro, para cada lance.<\/em><\/span><\/p>\n<p><span style=\"color: #008000\"><em>Cuando abordo\u00a0 el tema de la marcha, su se\u00f1ora tercia y me dice: \u00abAqu\u00ed estamos muy contentos, pero no hay contrato y hay que marchar. La gente y el sol de Sevilla es lo que m\u00e1s nos gusta. En Holanda nunca sol. S\u00ed, nos gustar\u00eda quedarnos en Sevilla. Yo quer\u00eda un a\u00f1o m\u00e1s, pero terminar contrato y marchar&#8230;\u00b7<\/em><\/span><\/p>\n<ul>\n<li><span style=\"color: #008000\"><em>\u00bfCu\u00e1ntas lesiones has tenido en toda tu trayectoria deportiva, Muhren?<\/em><\/span><\/li>\n<li><span style=\"color: #008000\"><em>\u00bfEn toda mi vida&#8230;? Dos de ligamento de rodilla y poco m\u00e1s. Aqu\u00ed, un par de tirones<\/em><\/span><\/li>\n<li><span style=\"color: #008000\"><em>Por cierto Muhren, \u00bfEsos tirones a qu\u00e9 son debidos, por qu\u00e9 se dan con tanta frecuencia en los futbolistas?<\/em><\/span><\/li>\n<li><span style=\"color: #008000\"><em>No s\u00e9, puede ser el cambio de estilo y de los entrenamientos. En Holanda normalmente solemos hacer esprines de diez o veinte metros. Media hora antes de cada partido, en el terreno de juego, solemos realizar un calentamiento fuerte. Aqu\u00ed no. Aqu\u00ed, cinco minutos antes del partido, en el vestuario haces unos ejercicios, pocos, y claro, al salir al campo y realizar el primer sprint, est\u00e1s fr\u00edo y se produce el tir\u00f3n.<\/em><\/span><\/li>\n<li><span style=\"color: #008000\"><em>\u00bfTe has compenetrado bien con tus compa\u00f1eros? \u00bfTe han llegado a comprender ellos?<\/em><\/span><\/li>\n<li><span style=\"color: #008000\"><em>Muchas veces he tenido otras ideas en f\u00fatbol, aunque en mi vida privada no cambio nunca. Pienso como otras gentes. cada uno tiene su propio car\u00e1cter, y yo el m\u00edo<\/em><\/span><\/li>\n<li><span style=\"color: #008000\"><em>\u00bfDime, cu\u00e1l es tu color preferido?<\/em><\/span><\/li>\n<li><span style=\"color: #008000\"><em>El verde<\/em><\/span><\/li>\n<li><span style=\"color: #008000\"><em>\u00bfTu n\u00famero?<\/em><\/span><\/li>\n<li><span style=\"color: #008000\"><em>El nueve<\/em><\/span><\/li>\n<li><span style=\"color: #008000\"><em>\u00bfTu d\u00eda?<\/em><\/span><\/li>\n<li><span style=\"color: #008000\"><em>El domingo<\/em><\/span><\/li>\n<li><span style=\"color: #008000\"><em>\u00bfTu deseo?<\/em><\/span><\/li>\n<li><span style=\"color: #008000\"><em>La felicidad con la familia<\/em><\/span><\/li>\n<li><span style=\"color: #008000\"><em>\u00bfQu\u00e9 te gustar\u00eda tener ahora mismo?<\/em><\/span><\/li>\n<li><span style=\"color: #008000\"><em>Es dif\u00edcil responder a eso ahora mismo<\/em><\/span><\/li>\n<li><span style=\"color: #008000\"><em>\u00bfQu\u00e9 te llevar\u00eda de Sevilla para Holanda\u00bf<\/em><\/span><\/li>\n<li><span style=\"color: #008000\"><em>La alegr\u00eda de su gente, el sol&#8230;<\/em><\/span><\/li>\n<li><span style=\"color: #008000\"><em>\u00bfQu\u00e9 traer\u00edas de Holanda para Sevilla?<\/em><\/span><\/li>\n<li><span style=\"color: #008000\"><em>Su buena organizaci\u00f3n<\/em><\/span><\/li>\n<li><span style=\"color: #008000\"><em>\u00bfQu\u00e9 has aprendido del f\u00fatbol espa\u00f1ol?<\/em><\/span><\/li>\n<li><span style=\"color: #008000\"><em>La libertad de acci\u00f3n durante los partidos. En Holanda s\u00f3lo hay una meta: marcar goles. En mi pa\u00eds entrenaba con alegr\u00eda, practicaba los trucos que hay que hacer en el terreno de juego, pero llegado el domingo no te sirven tus ideas. Hay que aceptar la t\u00e1ctica del entrenador y tratar de marcar goles<\/em><\/span><\/li>\n<li><span style=\"color: #008000\"><em>\u00bfTe gusta el f\u00fatbol?<\/em><\/span><\/li>\n<li><span style=\"color: #008000\"><em>S\u00ed, s\u00ed, me gusta mucho<\/em><\/span><\/li>\n<li><span style=\"color: #008000\"><em>\u00bfQu\u00e9 edad tienes ahora?<\/em><\/span><\/li>\n<li><span style=\"color: #008000\"><em>Treinta y tres a\u00f1os<\/em><\/span><\/li>\n<li><span style=\"color: #008000\"><em>\u00bfTe queda mucha cuerda para continuar jugando?<\/em><\/span><\/li>\n<li><span style=\"color: #008000\"><em>Yo quiero jugar, cuando menos, tres o cuatro a\u00f1os m\u00e1s. F\u00edsicamente estoy muy bien<\/em><\/span><\/li>\n<\/ul>\n<p><span style=\"color: #008000\"><em>Se hab\u00eda dicho, incluso lo hab\u00eda confirmado alg\u00fan que otro directivo, que el deseo del Club no era otro que mantener al jugador un a\u00f1o m\u00e1s, siempre y cuando las condiciones&#8211;oferta y demanda&#8211;fueran viables y aceptables.<\/em><\/span><\/p>\n<ul>\n<li><span style=\"color: #008000\"><em>Yo quisiera, como mi mujer, continuar un a\u00f1o m\u00e1s aqu\u00ed, pero definitivamente me voy a Holanda. Hace tres semanas que habl\u00e9 con el presidente y qued\u00f3 todo resuelto y aclarado<\/em><\/span><\/li>\n<li><span style=\"color: #008000\"><em>\u00bfAl exponerle tu deseo a N\u00fa\u00f1ez Naranjo, qu\u00e9 te respondi\u00f3 el presidente?<\/em><\/span><\/li>\n<li><span style=\"color: #008000\"><em>Que \u00e9l ten\u00eda para m\u00ed un puesto de entrenador para los juveniles el a\u00f1o que viene. No hablamos de dinero ni nada. Le expuse que mi deseo era firmar un contrato, si el ofrecimiento era serio, en ese momento en el que me ofreci\u00f3 el trabajo. Han transcurrido tres semanas, casi cuatro, y no he tenido respuesta. Ya hemos decidido marchar a mi pa\u00eds<\/em><\/span><\/li>\n<li><span style=\"color: #008000\"><em>\u00bfJugar\u00e1s all\u00ed?<\/em><\/span><\/li>\n<li><span style=\"color: #008000\"><em>S\u00ed, s\u00ed, continuar\u00e9 jugando en el Volendam, equipo de Primera Divisi\u00f3n. Est\u00e1 todo arreglado. Los peri\u00f3dicos y los telediarios de Holanda me han llamado y entrevistado. Yo he dicho que s\u00ed, que jugar\u00e9 all\u00ed. Ya no puedo cambiar de opini\u00f3n. No puedo porque el alcalde de mi pueblo me ha buscado un empleo. Trabajar\u00e9 el a\u00f1o pr\u00f3ximo como relaciones p\u00fablicas de una imprenta<\/em><\/span><\/li>\n<li><span style=\"color: #008000\"><em>Veamos una cosa, Muhren. \u00bfSi el Betis reconsiderar\u00e1 su postura y te hiciera un ofrecimiento, por ejemplo ese de entrenador de los juveniles, te quedar\u00edas?<\/em><\/span><\/li>\n<li><span style=\"color: #008000\"><em>Es casi imposible. Yo he dado mi palabra y quiero cumplirla. Lo tengo todo arreglado. El hombre que viv\u00eda en mi casa ya est\u00e1 fuera, dej\u00f3 libre la vivienda, y los ni\u00f1os ya est\u00e1n inscritos en los colegios<\/em><\/span><\/li>\n<\/ul>\n<p><span style=\"color: #008000\"><em>A la vista de lo expuesto hay que pensar que la marcha del jugador es irreversible. Pudo ser, pero no lo ser\u00e1, entrenador de los juveniles, un puesto que hubiera desempe\u00f1ado con la misma perfecci\u00f3n que desarrolla su f\u00fatbol. Hubiera sido, en suma, un excelente profesor.<\/em><\/span><\/p>\n<ul>\n<li><span style=\"color: #008000\"><em>\u00bfCu\u00e1l es el momento m\u00e1s triste para ti, en esta despedida?<\/em><\/span><\/li>\n<li><span style=\"color: #008000\"><em>\u00a0El d\u00eda que me marche. Yo quer\u00eda quedarme, ya te lo dije antes, pero suelo hablar una sola vez. Ya lo hice con el presidente, no ha dicho nada, entiendo que es no y as\u00ed lo acepto. No suelo pedir favores<\/em><\/span><\/li>\n<li><span style=\"color: #008000\"><em>\u00bfCu\u00e1l ha sido o podr\u00e1 ser el d\u00eda m\u00e1s alegre para ti?<\/em><\/span><\/li>\n<li><span style=\"color: #008000\"><em>He jugado en el Betis con mucha alegr\u00eda todos los partidos que he jugado. Aqu\u00ed he podido jugar con mi estilo, con mis ideas, como yo he querido y eso es importante para m\u00ed. Todas las veces que juego son d\u00edas alegres para m\u00ed<\/em><\/span><\/li>\n<li><span style=\"color: #008000\"><em>\u00bfVolver\u00e1s alg\u00fan d\u00eda?<\/em><\/span><\/li>\n<li><span style=\"color: #008000\"><em>No, no vendr\u00e9 m\u00e1s a Espa\u00f1a<\/em><\/span><\/li>\n<li><span style=\"color: #008000\"><em>\u00bfNi como turista?<\/em><\/span><\/li>\n<li><span style=\"color: #008000\"><em>S\u00ed, como turista, s\u00ed<\/em><\/span><\/li>\n<\/ul>\n<p><span style=\"color: #008000\"><em>Tercia su mujer: \u00abY a ser posible todos los a\u00f1os. Espa\u00f1a es bonita y Sevilla nos encanta a todos&#8230;\u00bb<\/em><\/span><\/p>\n<ul>\n<li><span style=\"color: #008000\"><em>\u00bfSaben tus compa\u00f1eros que te vas definitivamente?<\/em><\/span><\/li>\n<li><span style=\"color: #008000\"><em>Pienso que el \u00fanico que sabe que mi marcha es definitiva es el entrenador<\/em><\/span><\/li>\n<li><span style=\"color: #008000\"><em>\u00bfHas tenido alguna vez problemas con tus compa\u00f1eros?<\/em><\/span><\/li>\n<li><span style=\"color: #008000\"><em>No, nunca<\/em><\/span><\/li>\n<li><span style=\"color: #008000\"><em>\u00bfTu mejor amigo?<\/em><\/span><\/li>\n<li><span style=\"color: #008000\"><em>No s\u00e9, son veinticinco. Todos somos una familia, y aqu\u00ed son m\u00e1s compa\u00f1eros que en mi pa\u00eds<\/em><\/span><\/li>\n<li><span style=\"color: #008000\"><em>\u00bfRazones?<\/em><\/span><\/li>\n<li><span style=\"color: #008000\"><em>En Holanda los jugadores buenos son m\u00e1s se\u00f1oritos, no son tan cordiales y amigos como aqu\u00ed<\/em><\/span><\/li>\n<li><span style=\"color: #008000\"><em>\u00bfTe llevar\u00e1s alg\u00fan recuerdo en especial?<\/em><\/span><\/li>\n<li><span style=\"color: #008000\"><em>S\u00ed, los bares peque\u00f1os. Aqu\u00ed, cada casa es un bar. Aqu\u00ed vive muy bien la gente. En Holanda, el dinero va al banco&#8230;<\/em><\/span><\/li>\n<\/ul>\n<p><span style=\"color: #008000\"><em>Est\u00e1 muy pendiente Dominicus, su mujer, de nuestro di\u00e1logo, mientras que el peque\u00f1o se muestra inquieto.<\/em><\/span><\/p>\n<ul>\n<li><span style=\"color: #008000\"><em>\u00bfLe gustar\u00eda que su hijo fuera futbolista como el padre?<\/em><\/span><\/li>\n<li><span style=\"color: #008000\"><em>Para m\u00ed es igual. Son peque\u00f1os a\u00fan para pensar qu\u00e9 ser\u00e1n cuando sean grandes<\/em><\/span><\/li>\n<li><span style=\"color: #008000\"><em>\u00bfC\u00f3mo es Muhren?<\/em><\/span><\/li>\n<li><span style=\"color: #008000\"><em>Como ninguno. Como \u00e9l pienso que s\u00f3lo habr\u00e1n uno o dos. No se enfada nunca con nadie. S\u00f3lo quiere la paz<\/em><\/span><\/li>\n<li><span style=\"color: #008000\"><em>\u00bfY con los ni\u00f1os, c\u00f3mo se porta?<\/em><\/span><\/li>\n<li><span style=\"color: #008000\"><em>Muy bien. Los ni\u00f1os le quieren mucho. Suele jugar con ellos al f\u00fatbol<\/em><\/span><\/li>\n<\/ul>\n<p><span style=\"color: #008000\"><em>Vuelvo a Muhren, que ha prestado mucha atenci\u00f3n a lo que ha dicho su mujer. \u00bfDe verdad que te vas?<\/em><\/span><\/p>\n<ul>\n<li><span style=\"color: #008000\"><em>S\u00ed, s\u00ed. Creo que ninguno, salvo el entrenador, sabe que me voy. Ya he dado mi palabra y quiero cumplirla<\/em><\/span><\/li>\n<li><span style=\"color: #008000\"><em>\u00bfQu\u00e9 consejo dar\u00edas a los que empiezan ahora?<\/em><\/span><\/li>\n<li><span style=\"color: #008000\"><em>Jugar m\u00e1s sin bal\u00f3n. Aqu\u00ed falta mucho jugar sin bal\u00f3n. El f\u00fatbol no es s\u00f3lo pase corto, sino tambi\u00e9n pases largos, y esto falta aqu\u00ed, en el f\u00fatbol espa\u00f1ol. En Holanda y en Alemania la preparaci\u00f3n f\u00edsica es mejor. Aqu\u00ed se abusa mucho de la gimnasia. All\u00ed se hace nada m\u00e1s que en la pretemporada. Aqu\u00ed tampoco se hacen sprines. Al menos esto es lo yo he observado con estos entrenadores<\/em><\/span><\/li>\n<li><span style=\"color: #008000\"><em>\u00bfQu\u00e9 tal es Garc\u00eda Traid?<\/em><\/span><\/li>\n<li><span style=\"color: #008000\"><em>Por su forma de pensar y plantear t\u00e1cticamente los partidos, siempre est\u00e1 obsesionado con que se marquen m\u00e1s goles. Ser\u00eda un gran entrenador fuera de Espa\u00f1a<\/em><\/span><\/li>\n<\/ul>\n<p><span style=\"color: #008000\"><em>Esta claro que si el d\u00eda en que N\u00fa\u00f1ez Naranjo le ofreci\u00f3 ese puesto de t\u00e9cnico del cual nos ha hablado Muhren, seguro que hubiera continuado en Espa\u00f1a igual si se le hubiese renovado. Nadie podr\u00e1 decir que Muhren no haya sido un jugador de clase excepcional. Su sabidur\u00eda, su caballerosidad y sobre todo su amistad ah\u00ed quedan. Que volvamos a verle por Sevilla, aun cuando s\u00f3lo sea como turista en un futuro pr\u00f3ximo. Est\u00e1 claro que en mayo Muhren, el \u00abquinto tulip\u00e1n\u00bb\u00a0 como le hemos dado en llamar, volver\u00e1 a Holanda. L\u00e1stima.<\/em><\/span><\/p>\n","protected":false},"excerpt":{"rendered":"<p>&nbsp; Gerrie Muhren lleg\u00f3 al Betis en 1976 procedente del Ajax de Amsterdam. Hab\u00eda formado parte de la mejor historia del equipo holand\u00e9s, cuando domin\u00f3 el f\u00fatbol continental conquistando 3 Copas de Europa. &nbsp; Firm\u00f3 un contrato con una duraci\u00f3n de 3 temporadas, por lo que al final de la campa\u00f1a 1978-79 conclu\u00eda su vinculaci\u00f3n&#8230;<\/p>\n","protected":false},"author":5,"featured_media":67986,"comment_status":"open","ping_status":"open","sticky":false,"template":"","format":"standard","meta":{"_kad_post_transparent":"","_kad_post_title":"","_kad_post_layout":"","_kad_post_sidebar_id":"","_kad_post_content_style":"","_kad_post_vertical_padding":"","_kad_post_feature":"","_kad_post_feature_position":"","_kad_post_header":false,"_kad_post_footer":false,"_kad_post_classname":"","_jetpack_memberships_contains_paid_content":false,"footnotes":"","jetpack_publicize_message":"","jetpack_publicize_feature_enabled":true,"jetpack_social_post_already_shared":true,"jetpack_social_options":{"image_generator_settings":{"template":"highway","default_image_id":0,"font":"","enabled":false},"version":2}},"categories":[903,893,1],"tags":[2227,1033,10130],"class_list":["post-67985","post","type-post","status-publish","format-standard","has-post-thumbnail","hentry","category-1970-1979","category-jugadores-temas","category-portada","tag-1978-79","tag-1033","tag-gerrie-muhren"],"jetpack_publicize_connections":[],"jetpack_featured_media_url":"https:\/\/i0.wp.com\/www.manquepierda.com\/historiarealbetis\/files\/2019\/03\/Entrevista-Gerrie-Muhren-1979-NMP-Suroeste-4-4-1979.jpg?fit=429%2C600&ssl=1","jetpack_sharing_enabled":true,"jetpack_shortlink":"https:\/\/wp.me\/p1ij08-hGx","jetpack-related-posts":[],"_links":{"self":[{"href":"https:\/\/www.manquepierda.com\/historiarealbetis\/wp-json\/wp\/v2\/posts\/67985","targetHints":{"allow":["GET"]}}],"collection":[{"href":"https:\/\/www.manquepierda.com\/historiarealbetis\/wp-json\/wp\/v2\/posts"}],"about":[{"href":"https:\/\/www.manquepierda.com\/historiarealbetis\/wp-json\/wp\/v2\/types\/post"}],"author":[{"embeddable":true,"href":"https:\/\/www.manquepierda.com\/historiarealbetis\/wp-json\/wp\/v2\/users\/5"}],"replies":[{"embeddable":true,"href":"https:\/\/www.manquepierda.com\/historiarealbetis\/wp-json\/wp\/v2\/comments?post=67985"}],"version-history":[{"count":0,"href":"https:\/\/www.manquepierda.com\/historiarealbetis\/wp-json\/wp\/v2\/posts\/67985\/revisions"}],"wp:featuredmedia":[{"embeddable":true,"href":"https:\/\/www.manquepierda.com\/historiarealbetis\/wp-json\/wp\/v2\/media\/67986"}],"wp:attachment":[{"href":"https:\/\/www.manquepierda.com\/historiarealbetis\/wp-json\/wp\/v2\/media?parent=67985"}],"wp:term":[{"taxonomy":"category","embeddable":true,"href":"https:\/\/www.manquepierda.com\/historiarealbetis\/wp-json\/wp\/v2\/categories?post=67985"},{"taxonomy":"post_tag","embeddable":true,"href":"https:\/\/www.manquepierda.com\/historiarealbetis\/wp-json\/wp\/v2\/tags?post=67985"}],"curies":[{"name":"wp","href":"https:\/\/api.w.org\/{rel}","templated":true}]}}