{"id":68032,"date":"2023-03-22T11:00:00","date_gmt":"2023-03-22T10:00:00","guid":{"rendered":"http:\/\/www.manquepierda.com\/historiarealbetis\/?p=68032"},"modified":"2024-08-11T15:43:05","modified_gmt":"2024-08-11T13:43:05","slug":"hoy-hace-60-anos-32","status":"publish","type":"post","link":"https:\/\/www.manquepierda.com\/historiarealbetis\/hoy-hace-60-anos-32\/","title":{"rendered":"Hoy hace 64 a\u00f1os. Betis 2 Barcelona 5."},"content":{"rendered":"<p><a href=\"https:\/\/i0.wp.com\/www.manquepierda.com\/historiarealbetis\/files\/2019\/03\/22-1959-Betis-2-Barcelona-5.jpg?ssl=1\"><img data-recalc-dims=\"1\" loading=\"lazy\" decoding=\"async\" class=\"aligncenter size-medium wp-image-68033\" src=\"https:\/\/i0.wp.com\/www.manquepierda.com\/historiarealbetis\/files\/2019\/03\/22-1959-Betis-2-Barcelona-5.jpg?resize=680%2C365&#038;ssl=1\" alt=\"\" width=\"680\" height=\"365\" srcset=\"https:\/\/i0.wp.com\/www.manquepierda.com\/historiarealbetis\/files\/2019\/03\/22-1959-Betis-2-Barcelona-5.jpg?resize=680%2C365&amp;ssl=1 680w, https:\/\/i0.wp.com\/www.manquepierda.com\/historiarealbetis\/files\/2019\/03\/22-1959-Betis-2-Barcelona-5.jpg?resize=220%2C118&amp;ssl=1 220w, https:\/\/i0.wp.com\/www.manquepierda.com\/historiarealbetis\/files\/2019\/03\/22-1959-Betis-2-Barcelona-5.jpg?resize=768%2C413&amp;ssl=1 768w, https:\/\/i0.wp.com\/www.manquepierda.com\/historiarealbetis\/files\/2019\/03\/22-1959-Betis-2-Barcelona-5.jpg?w=934&amp;ssl=1 934w\" sizes=\"auto, (max-width: 680px) 100vw, 680px\" \/><\/a><\/p>\n<p><span style=\"color: #008000\">El 22 de marzo de 1959 el Betis es derrotado 2-5 por el Barcelona en Heli\u00f3polis en partido de la jornada 26 del Campeonato de Liga de Primera Divisi\u00f3n.<\/span><\/p>\n<p><span style=\"color: #008000\">Aunque Lasa adelant\u00f3 al Betis en el minuto 40 Segarra empat\u00f3 en el 42, y en la segunda parte el Barcelona decidi\u00f3 el partido con tantos de Czibor (2), Segarra y Ribelles, mientras que Casta\u00f1o hizo el segundo gol b\u00e9tico.<\/span><\/p>\n<p><span style=\"color: #008000\">El Betis, dirigido por Antonio Barrios, aline\u00f3 a Dom\u00ednguez; Portu, R\u00edos, Santos; Isidro, Valderas; Casta\u00f1o, Moreira, Vila, Lasa y Del Sol.<\/span><\/p>\n<p><span style=\"color: #008000\">El Barcelona, entrenado por Helenio Herrera, form\u00f3 con Ramallets; Olivella, Rodri, Gracia; Gensana, Segarra; Tejada, Ribelles, Mart\u00ednez, Su\u00e1rez y Czibor.<\/span><\/p>\n","protected":false},"excerpt":{"rendered":"<p>El 22 de marzo de 1959 el Betis es derrotado 2-5 por el Barcelona en Heli\u00f3polis en partido de la jornada 26 del Campeonato de Liga de Primera Divisi\u00f3n. Aunque Lasa adelant\u00f3 al Betis en el minuto 40 Segarra empat\u00f3 en el 42, y en la segunda parte el Barcelona decidi\u00f3 el partido con tantos&#8230;<\/p>\n","protected":false},"author":5,"featured_media":68033,"comment_status":"open","ping_status":"open","sticky":false,"template":"","format":"standard","meta":{"_kad_post_transparent":"","_kad_post_title":"","_kad_post_layout":"","_kad_post_sidebar_id":"","_kad_post_content_style":"","_kad_post_vertical_padding":"","_kad_post_feature":"","_kad_post_feature_position":"","_kad_post_header":false,"_kad_post_footer":false,"_kad_post_classname":"","_jetpack_memberships_contains_paid_content":false,"footnotes":"","jetpack_publicize_message":"","jetpack_publicize_feature_enabled":true,"jetpack_social_post_already_shared":true,"jetpack_social_options":{"image_generator_settings":{"template":"highway","default_image_id":0,"font":"","enabled":false},"version":2}},"categories":[901,14583,1],"tags":[1538,1154,17789],"class_list":["post-68032","post","type-post","status-publish","format-standard","has-post-thumbnail","hentry","category-1950-1959","category-efemerides","category-portada","tag-1538","tag-fc-barcelona","tag-liga-primera-1958-59"],"jetpack_publicize_connections":[],"jetpack_featured_media_url":"https:\/\/i0.wp.com\/www.manquepierda.com\/historiarealbetis\/files\/2019\/03\/22-1959-Betis-2-Barcelona-5.jpg?fit=934%2C502&ssl=1","jetpack_sharing_enabled":true,"jetpack_shortlink":"https:\/\/wp.me\/p1ij08-hHi","jetpack-related-posts":[],"_links":{"self":[{"href":"https:\/\/www.manquepierda.com\/historiarealbetis\/wp-json\/wp\/v2\/posts\/68032","targetHints":{"allow":["GET"]}}],"collection":[{"href":"https:\/\/www.manquepierda.com\/historiarealbetis\/wp-json\/wp\/v2\/posts"}],"about":[{"href":"https:\/\/www.manquepierda.com\/historiarealbetis\/wp-json\/wp\/v2\/types\/post"}],"author":[{"embeddable":true,"href":"https:\/\/www.manquepierda.com\/historiarealbetis\/wp-json\/wp\/v2\/users\/5"}],"replies":[{"embeddable":true,"href":"https:\/\/www.manquepierda.com\/historiarealbetis\/wp-json\/wp\/v2\/comments?post=68032"}],"version-history":[{"count":1,"href":"https:\/\/www.manquepierda.com\/historiarealbetis\/wp-json\/wp\/v2\/posts\/68032\/revisions"}],"predecessor-version":[{"id":88023,"href":"https:\/\/www.manquepierda.com\/historiarealbetis\/wp-json\/wp\/v2\/posts\/68032\/revisions\/88023"}],"wp:featuredmedia":[{"embeddable":true,"href":"https:\/\/www.manquepierda.com\/historiarealbetis\/wp-json\/wp\/v2\/media\/68033"}],"wp:attachment":[{"href":"https:\/\/www.manquepierda.com\/historiarealbetis\/wp-json\/wp\/v2\/media?parent=68032"}],"wp:term":[{"taxonomy":"category","embeddable":true,"href":"https:\/\/www.manquepierda.com\/historiarealbetis\/wp-json\/wp\/v2\/categories?post=68032"},{"taxonomy":"post_tag","embeddable":true,"href":"https:\/\/www.manquepierda.com\/historiarealbetis\/wp-json\/wp\/v2\/tags?post=68032"}],"curies":[{"name":"wp","href":"https:\/\/api.w.org\/{rel}","templated":true}]}}