{"id":68035,"date":"2024-03-23T12:00:00","date_gmt":"2024-03-23T11:00:00","guid":{"rendered":"http:\/\/www.manquepierda.com\/historiarealbetis\/?p=68035"},"modified":"2024-08-11T17:38:17","modified_gmt":"2024-08-11T15:38:17","slug":"hoy-hace-50-anos-23","status":"publish","type":"post","link":"https:\/\/www.manquepierda.com\/historiarealbetis\/hoy-hace-50-anos-23\/","title":{"rendered":"Hoy hace 55 a\u00f1os. Betis 0 Valladolid 0."},"content":{"rendered":"<div class=\"wp-block-image\">\n<figure class=\"aligncenter size-full\"><img data-recalc-dims=\"1\" loading=\"lazy\" decoding=\"async\" width=\"473\" height=\"416\" src=\"https:\/\/i0.wp.com\/www.manquepierda.com\/historiarealbetis\/files\/2024\/02\/23-1969-Betis-0-Valladolid-0.jpg?resize=473%2C416&#038;ssl=1\" alt=\"\" class=\"wp-image-92898\" srcset=\"https:\/\/i0.wp.com\/www.manquepierda.com\/historiarealbetis\/files\/2024\/02\/23-1969-Betis-0-Valladolid-0.jpg?w=473&amp;ssl=1 473w, https:\/\/i0.wp.com\/www.manquepierda.com\/historiarealbetis\/files\/2024\/02\/23-1969-Betis-0-Valladolid-0.jpg?resize=220%2C193&amp;ssl=1 220w\" sizes=\"auto, (max-width: 473px) 100vw, 473px\" \/><\/figure>\n<\/div>\n\n<p>\u00a0<\/p>\n<p>\u00a0<\/p>\n<p>\u00a0<\/p>\n<p><span style=\"color: #008000\">El 23 de marzo de 1969 Betis y Valladolid empatan a 0 en el Villamar\u00edn en partido de la jornada 27 del Campeonato de Liga de Segunda Divisi\u00f3n.<\/span><\/p>\n<p><span style=\"color: #008000\">El Betis, dirigido por Fernando Daucik, aline\u00f3 a Villanova; Azc\u00e1rate, D\u00edaz, Pach\u00edn; Ezequiel, Pach\u00f3n; Santi, Mellado, Quino, Gonz\u00e1lez e Isidoro.<\/span><\/p>\n<p><span style=\"color: #008000\">El Valladolid, entrenado por Enrique Orizaola, form\u00f3 con Aguilar; Cruz, Rivas, Quique; Gatell, Mara\u00f1\u00f3n; Moya, Alberto, Docal, Lasa y Rom\u00e1n.<\/span><\/p>","protected":false},"excerpt":{"rendered":"<p>\u00a0 \u00a0 \u00a0 El 23 de marzo de 1969 Betis y Valladolid empatan a 0 en el Villamar\u00edn en partido de la jornada 27 del Campeonato de Liga de Segunda Divisi\u00f3n. El Betis, dirigido por Fernando Daucik, aline\u00f3 a Villanova; Azc\u00e1rate, D\u00edaz, Pach\u00edn; Ezequiel, Pach\u00f3n; Santi, Mellado, Quino, Gonz\u00e1lez e Isidoro. El Valladolid, entrenado por&#8230;<\/p>\n","protected":false},"author":5,"featured_media":92898,"comment_status":"open","ping_status":"open","sticky":false,"template":"","format":"standard","meta":{"_kad_post_transparent":"","_kad_post_title":"","_kad_post_layout":"","_kad_post_sidebar_id":"","_kad_post_content_style":"","_kad_post_vertical_padding":"","_kad_post_feature":"","_kad_post_feature_position":"","_kad_post_header":false,"_kad_post_footer":false,"_kad_post_classname":"","_jetpack_memberships_contains_paid_content":false,"footnotes":"","jetpack_publicize_message":"","jetpack_publicize_feature_enabled":true,"jetpack_social_post_already_shared":true,"jetpack_social_options":{"image_generator_settings":{"template":"highway","default_image_id":0,"font":"","enabled":false},"version":2}},"categories":[902,14583,1],"tags":[4201,17792,1359],"class_list":["post-68035","post","type-post","status-publish","format-standard","has-post-thumbnail","hentry","category-1960-1969","category-efemerides","category-portada","tag-4201","tag-liga-segunda-1968-69","tag-real-valladolid"],"jetpack_publicize_connections":[],"jetpack_featured_media_url":"https:\/\/i0.wp.com\/www.manquepierda.com\/historiarealbetis\/files\/2024\/02\/23-1969-Betis-0-Valladolid-0.jpg?fit=473%2C416&ssl=1","jetpack_sharing_enabled":true,"jetpack_shortlink":"https:\/\/wp.me\/p1ij08-hHl","jetpack-related-posts":[],"_links":{"self":[{"href":"https:\/\/www.manquepierda.com\/historiarealbetis\/wp-json\/wp\/v2\/posts\/68035","targetHints":{"allow":["GET"]}}],"collection":[{"href":"https:\/\/www.manquepierda.com\/historiarealbetis\/wp-json\/wp\/v2\/posts"}],"about":[{"href":"https:\/\/www.manquepierda.com\/historiarealbetis\/wp-json\/wp\/v2\/types\/post"}],"author":[{"embeddable":true,"href":"https:\/\/www.manquepierda.com\/historiarealbetis\/wp-json\/wp\/v2\/users\/5"}],"replies":[{"embeddable":true,"href":"https:\/\/www.manquepierda.com\/historiarealbetis\/wp-json\/wp\/v2\/comments?post=68035"}],"version-history":[{"count":2,"href":"https:\/\/www.manquepierda.com\/historiarealbetis\/wp-json\/wp\/v2\/posts\/68035\/revisions"}],"predecessor-version":[{"id":92899,"href":"https:\/\/www.manquepierda.com\/historiarealbetis\/wp-json\/wp\/v2\/posts\/68035\/revisions\/92899"}],"wp:featuredmedia":[{"embeddable":true,"href":"https:\/\/www.manquepierda.com\/historiarealbetis\/wp-json\/wp\/v2\/media\/92898"}],"wp:attachment":[{"href":"https:\/\/www.manquepierda.com\/historiarealbetis\/wp-json\/wp\/v2\/media?parent=68035"}],"wp:term":[{"taxonomy":"category","embeddable":true,"href":"https:\/\/www.manquepierda.com\/historiarealbetis\/wp-json\/wp\/v2\/categories?post=68035"},{"taxonomy":"post_tag","embeddable":true,"href":"https:\/\/www.manquepierda.com\/historiarealbetis\/wp-json\/wp\/v2\/tags?post=68035"}],"curies":[{"name":"wp","href":"https:\/\/api.w.org\/{rel}","templated":true}]}}