{"id":68072,"date":"2019-03-23T09:56:56","date_gmt":"2019-03-23T08:56:56","guid":{"rendered":"http:\/\/www.manquepierda.com\/historiarealbetis\/?p=68072"},"modified":"2024-08-29T07:56:51","modified_gmt":"2024-08-29T05:56:51","slug":"beticos-en-la-seleccion-madrid-1976","status":"publish","type":"post","link":"https:\/\/www.manquepierda.com\/historiarealbetis\/beticos-en-la-seleccion-madrid-1976\/","title":{"rendered":"B\u00e9ticos en la selecci\u00f3n. Madrid 1976"},"content":{"rendered":"<p><a href=\"https:\/\/i0.wp.com\/www.manquepierda.com\/historiarealbetis\/files\/2019\/03\/1976-09-30-B%C3%A9ticos-en-la-selecci%C3%B3n-imagen.jpg?ssl=1\"><img data-recalc-dims=\"1\" loading=\"lazy\" decoding=\"async\" class=\"aligncenter size-medium wp-image-68073\" src=\"https:\/\/i0.wp.com\/www.manquepierda.com\/historiarealbetis\/files\/2019\/03\/1976-09-30-B%C3%A9ticos-en-la-selecci%C3%B3n-imagen.jpg?resize=680%2C552&#038;ssl=1\" alt=\"\" width=\"680\" height=\"552\" srcset=\"https:\/\/i0.wp.com\/www.manquepierda.com\/historiarealbetis\/files\/2019\/03\/1976-09-30-B%C3%A9ticos-en-la-selecci%C3%B3n-imagen.jpg?resize=680%2C552&amp;ssl=1 680w, https:\/\/i0.wp.com\/www.manquepierda.com\/historiarealbetis\/files\/2019\/03\/1976-09-30-B%C3%A9ticos-en-la-selecci%C3%B3n-imagen.jpg?resize=220%2C179&amp;ssl=1 220w, https:\/\/i0.wp.com\/www.manquepierda.com\/historiarealbetis\/files\/2019\/03\/1976-09-30-B%C3%A9ticos-en-la-selecci%C3%B3n-imagen.jpg?resize=768%2C623&amp;ssl=1 768w, https:\/\/i0.wp.com\/www.manquepierda.com\/historiarealbetis\/files\/2019\/03\/1976-09-30-B%C3%A9ticos-en-la-selecci%C3%B3n-imagen.jpg?w=769&amp;ssl=1 769w\" sizes=\"auto, (max-width: 680px) 100vw, 680px\" \/><\/a><\/p>\n<p>Entrenamiento de la selecci\u00f3n el 29 de septiembre de 1976 en Madrid, en el campo del Pegaso, de cara al partido que en octubre se iba a disputar en Sevilla contra Yugoslavia y con el que se iniciar\u00eda la fase de clasificaci\u00f3n para el Mundial de Argentina en 1978.<\/p>\n<p>En la imagen arriba Arconada (Real Sociedad), Camus (Racing), Cortabarr\u00eda (Real Sociedad), Satr\u00fastegui (Real Sociedad), Santom\u00e9 (Celta) y el seleccionador Ladislao Kubala; abajo Biosca (Betis), Esteban (M\u00e1laga), Juanito (Burgos), Carrete (Valencia), Quini (Sporting) y Alabanda (Betis).<\/p>\n<p>Esta fue la formaci\u00f3n inicial que disput\u00f3 un partido de entrenamiento contra la selecci\u00f3n sub-21 a la que derrot\u00f3 3-1. En la segunda parte jug\u00f3 otro jugador b\u00e9tico con el equipo A: Javier L\u00f3pez, que fue autor de uno de los tantos.<\/p>\n<p>En la primera parte Sebasti\u00e1n Alabanda se tuvo que retirar lesionado, pues arrastraba diversas molestias de partidos anteriores, y al final tuvo que permanecer fuera de los terrenos de juego m\u00e1s de un mes como ya vimos <a href=\"https:\/\/www.manquepierda.com\/historiarealbetis\/42628-una-lesion-de-alabanda-1976\/\"><strong>aqu\u00ed.\u00a0<\/strong><\/a><\/p>\n<p>En el partido clasificatorio contra Yugoslavia, disputado en el S\u00e1nchez Pizju\u00e1n el 10 de octubre de 1976, fue Antonio Biosca el representante b\u00e9tico, aunque no jug\u00f3.<\/p>\n<p>&nbsp;<\/p>\n<p>&nbsp;<\/p>\n","protected":false},"excerpt":{"rendered":"<p>Entrenamiento de la selecci\u00f3n el 29 de septiembre de 1976 en Madrid, en el campo del Pegaso, de cara al partido que en octubre se iba a disputar en Sevilla contra Yugoslavia y con el que se iniciar\u00eda la fase de clasificaci\u00f3n para el Mundial de Argentina en 1978. En la imagen arriba Arconada (Real&#8230;<\/p>\n","protected":false},"author":5,"featured_media":68073,"comment_status":"open","ping_status":"open","sticky":false,"template":"","format":"standard","meta":{"_kad_post_transparent":"","_kad_post_title":"","_kad_post_layout":"","_kad_post_sidebar_id":"","_kad_post_content_style":"","_kad_post_vertical_padding":"","_kad_post_feature":"","_kad_post_feature_position":"","_kad_post_header":false,"_kad_post_footer":false,"_kad_post_classname":"","_jetpack_memberships_contains_paid_content":false,"footnotes":"","jetpack_publicize_message":"","jetpack_publicize_feature_enabled":true,"jetpack_social_post_already_shared":true,"jetpack_social_options":{"image_generator_settings":{"template":"highway","default_image_id":0,"font":"","enabled":false},"version":2}},"categories":[903,1],"tags":[1556,2238,1157,1178,1164,1586],"class_list":["post-68072","post","type-post","status-publish","format-standard","has-post-thumbnail","hentry","category-1970-1979","category-portada","tag-1556","tag-1976-77","tag-antonio-biosca","tag-javier-lopez","tag-sebastian-alabanda","tag-seleccion-espanola"],"jetpack_publicize_connections":[],"jetpack_featured_media_url":"https:\/\/i0.wp.com\/www.manquepierda.com\/historiarealbetis\/files\/2019\/03\/1976-09-30-B%C3%A9ticos-en-la-selecci%C3%B3n-imagen.jpg?fit=769%2C624&ssl=1","jetpack_sharing_enabled":true,"jetpack_shortlink":"https:\/\/wp.me\/p1ij08-hHW","jetpack-related-posts":[],"_links":{"self":[{"href":"https:\/\/www.manquepierda.com\/historiarealbetis\/wp-json\/wp\/v2\/posts\/68072","targetHints":{"allow":["GET"]}}],"collection":[{"href":"https:\/\/www.manquepierda.com\/historiarealbetis\/wp-json\/wp\/v2\/posts"}],"about":[{"href":"https:\/\/www.manquepierda.com\/historiarealbetis\/wp-json\/wp\/v2\/types\/post"}],"author":[{"embeddable":true,"href":"https:\/\/www.manquepierda.com\/historiarealbetis\/wp-json\/wp\/v2\/users\/5"}],"replies":[{"embeddable":true,"href":"https:\/\/www.manquepierda.com\/historiarealbetis\/wp-json\/wp\/v2\/comments?post=68072"}],"version-history":[{"count":1,"href":"https:\/\/www.manquepierda.com\/historiarealbetis\/wp-json\/wp\/v2\/posts\/68072\/revisions"}],"predecessor-version":[{"id":98155,"href":"https:\/\/www.manquepierda.com\/historiarealbetis\/wp-json\/wp\/v2\/posts\/68072\/revisions\/98155"}],"wp:featuredmedia":[{"embeddable":true,"href":"https:\/\/www.manquepierda.com\/historiarealbetis\/wp-json\/wp\/v2\/media\/68073"}],"wp:attachment":[{"href":"https:\/\/www.manquepierda.com\/historiarealbetis\/wp-json\/wp\/v2\/media?parent=68072"}],"wp:term":[{"taxonomy":"category","embeddable":true,"href":"https:\/\/www.manquepierda.com\/historiarealbetis\/wp-json\/wp\/v2\/categories?post=68072"},{"taxonomy":"post_tag","embeddable":true,"href":"https:\/\/www.manquepierda.com\/historiarealbetis\/wp-json\/wp\/v2\/tags?post=68072"}],"curies":[{"name":"wp","href":"https:\/\/api.w.org\/{rel}","templated":true}]}}