{"id":68088,"date":"2019-03-25T09:14:31","date_gmt":"2019-03-25T08:14:31","guid":{"rendered":"http:\/\/www.manquepierda.com\/historiarealbetis\/?p=68088"},"modified":"2019-03-25T16:17:08","modified_gmt":"2019-03-25T15:17:08","slug":"entrevista-julio-cardenosa-1977","status":"publish","type":"post","link":"https:\/\/www.manquepierda.com\/historiarealbetis\/entrevista-julio-cardenosa-1977\/","title":{"rendered":"Entrevista Julio Carde\u00f1osa 1977"},"content":{"rendered":"<p><a href=\"https:\/\/i0.wp.com\/www.manquepierda.com\/historiarealbetis\/files\/2019\/03\/Entrevista-Julio-Carde%C3%B1osa-1977-NMP-Marca-6-01-1977.jpg?ssl=1\"><img data-recalc-dims=\"1\" loading=\"lazy\" decoding=\"async\" class=\"alignleft wp-image-68089 size-full\" src=\"https:\/\/i0.wp.com\/www.manquepierda.com\/historiarealbetis\/files\/2019\/03\/Entrevista-Julio-Carde%C3%B1osa-1977-NMP-Marca-6-01-1977.jpg?resize=375%2C592&#038;ssl=1\" alt=\"\" width=\"375\" height=\"592\" srcset=\"https:\/\/i0.wp.com\/www.manquepierda.com\/historiarealbetis\/files\/2019\/03\/Entrevista-Julio-Carde%C3%B1osa-1977-NMP-Marca-6-01-1977.jpg?w=375&amp;ssl=1 375w, https:\/\/i0.wp.com\/www.manquepierda.com\/historiarealbetis\/files\/2019\/03\/Entrevista-Julio-Carde%C3%B1osa-1977-NMP-Marca-6-01-1977.jpg?resize=139%2C220&amp;ssl=1 139w\" sizes=\"auto, (max-width: 375px) 100vw, 375px\" \/><\/a><\/p>\n<p>La entrevista que hoy traemos se public\u00f3 en el diario deportivo Marca el 6 de enero de 1977. Su protagonista Julio Carde\u00f1osa y el entrevistador el periodista Mart\u00edn Benito.<\/p>\n<p>En ella Carde\u00f1osa repasa la actualidad verdiblanca del momento, que pasaba por el inminente partido en casa contra el Barcelona y por el estado del equipo que, tras unos malos inicios en la Liga, parec\u00eda que iba remontando el vuelo. La tard\u00eda llegada del entrenador Ferenc Szusza, no se incorpor\u00f3 a sus tareas t\u00e9cnicas hasta finales de agosto por problemas burocr\u00e1ticos en su Hungr\u00eda natal, parec\u00edan estar en el origen de esos malos inicios. Posteriormente la marcha de Ferenc Szusza y la llegada de Rafael Iriondo tambi\u00e9n tuvieron su tiempo de ajuste y acoplamiento, por lo que el equipo durante la primera vuelta e inicios de la segunda no lleg\u00f3 a funcionar a pleno rendimiento como s\u00ed se har\u00eda en el final de la temporada.<\/p>\n<p>En la entrevista se pone de manifiesto que la l\u00ednea de centrocampistas del conjunto b\u00e9tico era el motor del equipo. Una l\u00ednea formada por L\u00f3pez, Alabanda y Carde\u00f1osa y desde esta temporada reforzada por Muhren. Mucho se especul\u00f3 en su momento sobre la supuesta incompatibilidad del holand\u00e9s con la posici\u00f3n que ocupaba Carde\u00f1osa, pero en esta temporada eso no fue problema, dado que los problemas f\u00edsicos que Alabanda arrastr\u00f3 durante la primera parte de la campa\u00f1a hicieron que Muhren fuese el eje del terceto mediocampista b\u00e9tico. Como el propio Carde\u00f1osa comenta en la entrevista eso dio un sentido m\u00e1s t\u00e9cnico al centro del campo, frente a la garra y la fuerza que ten\u00eda Alabanda.<\/p>\n<p>Los problemas de Julio Carde\u00f1osa para ver reconocido su indiscutible rendimiento con la participaci\u00f3n en la selecci\u00f3n absoluta ocupan otra parte importante de la entrevista, as\u00ed como su supuesta escasa condici\u00f3n f\u00edsica, que quedaba totalmente desmentida por su plena participaci\u00f3n en la gran mayor\u00eda de encuentros de la temporada.<\/p>\n<p>Finalmente el deseo con el que Carde\u00f1osa desped\u00eda la entrevista, mejorar la clasificaci\u00f3n b\u00e9tica respecto a las campa\u00f1as anteriores, qued\u00f3 cumplido al\u00a0 terminar el Betis en 5\u00aa posici\u00f3n, frente al los puesto 9 y 7 de las dos campa\u00f1as anteriores. Y como guinda de esta temporada vendr\u00eda la consecuci\u00f3n de la Copa en junio frente al Athletic.<\/p>\n<p><span style=\"color: #008000\"><em>Titular indiscutible desde su llegada, Carde\u00f1osa no falta a la cita de cada domingo. Enjuto, de pocas carnes, parece contradecir las leyes del deporte. La calidad del f\u00fatbol b\u00e9tico pasa por la l\u00ednea de centrocampistas. Pocos equipos espa\u00f1oles pueden alardear de un tr\u00edo tan compenetrado y efectivo. El vallisoletano se encuentra en un momento feliz, uno de los mejores, pese a que la regularidad sea la nota predominante en su juego. A los veintis\u00e9is a\u00f1os\u2014nacido el 27 de octubre de 1950\u2014le queda tiempo por delante.<\/em><\/span><\/p>\n<p><span style=\"color: #008000\"><em>&#8211; Esta es mi tercera temporada en el Betis y en las tres me he encontrado bastante bien, aunque l\u00f3gicamente not\u00e9 algo el cambio de equipo; sobre todo al principio me afect\u00f3 mucho el calor de Sevilla. Es algo que me ocurre al principio de cada temporada. No es f\u00e1cil sobrellevar estas temperaturas. Ahora me encuentro muy bien, sobre todo en el aspecto f\u00edsico, en el que creo estoy a tope.<\/em><\/span><\/p>\n<p><span style=\"color: #008000\"><em>&#8211; Pero el Betis no ha logrado superar los negativos hasta hace muy poco tiempo, tras el triunfo en M\u00e1laga\u2026<\/em><\/span><\/p>\n<p><span style=\"color: #008000\"><em>&#8211; Tuvimos unos malos comienzos por diversas circunstancias. El rodaje de la plantilla no fue bueno, ya que el entrenador, Szusza, lleg\u00f3 tarde y no pudimos adquirir la forma f\u00edsica necesaria para comenzar la temporada. Nos faltaba entrenamiento. Con los partidos, ha llegado la forma y el buen rendimiento general.<\/em><\/span><\/p>\n<p><span style=\"color: #008000\"><em>&#8211; \u00bfOptimista cara al futuro?<\/em><\/span><\/p>\n<p><span style=\"color: #008000\"><em>&#8211; Es para estarlo. Hemos superado adversarios muy dif\u00edciles, como Espa\u00f1ol. Atl\u00e9tico de Madrid Real Madrid y Salamanca, que casi todos los a\u00f1os se llevaban puntos de nuestro campo. Tambi\u00e9n hemos borrado los dos negativos que arrastr\u00e1bamos desde el principio de temporada y ahora podemos jugar con m\u00e1s tranquilidad, sin nervios, frente a enemigos potentes que todav\u00eda quedan por pasar por el Benito Villamar\u00edn, como el Barcelona, que por cierto jugar\u00e1 aqu\u00ed el pr\u00f3ximo domingo<\/em><\/span><\/p>\n<p><span style=\"color: #008000\"><em>La llegada de Muhren, otro zurdo, t\u00e9cnico, de talla internacional acreditada, puso en duda la titularidad del vallisoletano. Parec\u00edan incompatibles dos hombres de caracter\u00edsticas bastante similares. Carde\u00f1osa se mantiene en el equipo con id\u00e9ntico brillo, dir\u00edamos que acrecentado por el f\u00fatbol f\u00e1cil y elegante del holand\u00e9s. El juego del espa\u00f1ol es m\u00e1s barroco. La compenetraci\u00f3n es perfecta. Complemento de estos dos hombres, L\u00f3pez, un todo terreno.<\/em><\/span><\/p>\n<p><span style=\"color: #008000\"><em>&#8211; \u00bfEs la l\u00ednea de centrocampistas la base del Betis?<\/em><\/span><\/p>\n<p><span style=\"color: #008000\"><em>&#8211; Yo dir\u00eda que el rendimiento se debe a todo el equipo y no a una l\u00ednea en particular. Es cierto que el centro del campo b\u00e9tico constituye una excelente l\u00ednea por su regularidad<\/em><\/span><\/p>\n<p><span style=\"color: #008000\"><em>&#8211; Se dudaba que con la llega de Muhren, usted y el holand\u00e9s tuvieran puesto en el equipo, y, sin embargo, han logrado la compenetraci\u00f3n<\/em><\/span><\/p>\n<p><span style=\"color: #008000\"><em>&#8211; Antes se dec\u00eda que con Alabanda form\u00e1bamos un gran centro del campo, y ahora, con Muhren, tambi\u00e9n se dice lo mismo. Creo que antes era una l\u00ednea m\u00e1s luchadora y ahora m\u00e1s t\u00e9cnica. Es la diferencia<\/em><\/span><\/p>\n<p><span style=\"color: #008000\"><em>&#8211; \u00bfHa evolucionado el juego de Carde\u00f1osa?<\/em><\/span><\/p>\n<p><span style=\"color: #008000\"><em>&#8211; En el Valladolid no marcaba a nadie, sino que trataba de mover al equipo. Aqu\u00ed he tenido que aprender a marcar y a atacar. Es necesario en Primera Divisi\u00f3n no descuidar al contrario, sobre todo en equipos como el Betis, en los que todos han de jugar para todos<\/em><\/span><\/p>\n<p><span style=\"color: #008000\"><em>Carde\u00f1osa se presenta con facilidad arriba; llega hasta la boca de gol. Pero no es jugador que contabilice muchos tantos<\/em><\/span><\/p>\n<p><span style=\"color: #008000\"><em>&#8211; Es dif\u00edcil hacer gol y m\u00e1s por mi firma de jugar. En el Betis entro por las bandas y para golear es necesario hacerlo por el centro. Tambi\u00e9n tengo mala suerte en muchas ocasiones<\/em><\/span><\/p>\n<p><span style=\"color: #008000\"><em>Las listas del seleccionador nacional se prodigan a lo largo de la temporada. En muchas de ellas hay sorpresas, pero nunca aparece el nombre de Carde\u00f1osa, pese a que su trayectoria hac\u00eda pensar en la posibilidad de una internacionalidad absoluta. \u00bfQu\u00e9 ocurre con Carde\u00f1osa? No entra en los planes de Kubala. El vallisoletano visti\u00f3 la camiseta ol\u00edmpica en varias oportunidades.<\/em><\/span><\/p>\n<p><span style=\"color: #008000\"><em>&#8211; En seis ocasiones fui internacional ol\u00edmpico, siendo jugador del Valladolid y del Betis. De los seis partidos ganamos cinco y uno empatamos, frente a Alemania all\u00ed. Toba confiaba en m\u00ed, siempre me llam\u00f3 y jugu\u00e9. En la selecci\u00f3n ol\u00edmpica actu\u00e9 con Alabanda, Ben\u00edtez y Bizcocho.<\/em><\/span><\/p>\n<p><span style=\"color: #008000\"><em>&#8211; \u00bfTiene el veto de Kubala?<\/em><\/span><\/p>\n<p><span style=\"color: #008000\"><em>&#8211; Eso tendr\u00eda que pregunt\u00e1rselo al seleccionador. Yo siempre he procurado rendir para ver si se acuerda de m\u00ed, pero nunca lo hace<\/em><\/span><\/p>\n<p><span style=\"color: #008000\"><em>&#8211; \u00bfA qu\u00e9 cree que puede deberse el olvido constante del seleccionador?<\/em><\/span><\/p>\n<p><span style=\"color: #008000\"><em>&#8211; Pensar\u00e1 que hay mejores jugadores que yo<\/em><\/span><\/p>\n<p><span style=\"color: #008000\"><em>\u00bfHa desechado la idea de ser internacional absoluto?<\/em><\/span><\/p>\n<p><span style=\"color: #008000\"><em>&#8211; El jugador siempre mantiene la esperanza de que se acuerden de \u00e9l para el equipo nacional y yo, naturalmente, no soy una excepci\u00f3n. Sinceramente, hubo momentos en que pude ir y ahora atravieso una buena forma. Ya veremos.<\/em><\/span><\/p>\n<p><span style=\"color: #008000\"><em>Kubala tiene la palabra. El centrocampista b\u00e9tico persiste, sin desaliento, en un juego de alto rendimiento.<\/em><\/span><\/p>\n<p><span style=\"color: #008000\"><em>Sobre Carde\u00f1osa pesa el sambenito de la endeblez f\u00edsica. Se elogia sin reservas la calidad de su juego, la t\u00e9cnica, pero se pone en entredicho su condici\u00f3n f\u00edsica, pese a que son muchos los kil\u00f3metros que recorre en cada partido. Va a ser dif\u00edcil que se libre del t\u00f3pico<\/em><\/span><\/p>\n<p><span style=\"color: #008000\"><em>&#8211; Se ha hablado demasiado de mi falta de fondo f\u00edsico, pero un dato importante contra esa idea generalizada es que durante los dos a\u00f1os que estuve en el Valladolid y los tres que llevo en el Betis he jugado pr\u00e1cticamente todos los partidos de la temporada. Un jugador con falta de recursos f\u00edsicos no podr\u00eda soportar tantas temporadas seguidas<\/em><\/span><\/p>\n<p><span style=\"color: #008000\"><em>&#8211; \u00bfDe d\u00f3nde puede haber surgido el t\u00f3pico?<\/em><\/span><\/p>\n<p><span style=\"color: #008000\"><em>&#8211; Es posible que mi presencia f\u00edsica, soy m\u00e1s bien peque\u00f1o y delgado, haga pensar a los espectadores que no voy a poder terminar los partidos. Yo creo que esa ser\u00e1 la raz\u00f3n, porque no encuentro otra. Tambi\u00e9n se ha hablado mucho de que soy hombre que no marco y aunque, efectivamente, mi fuerte no resida en seguir a un contrario, estimo que en el Betis he aprendido a colaborar en la defensa y a cortar juego, sin necesidad de ir al choque con el contrario<\/em><\/span><\/p>\n<p><span style=\"color: #008000\"><em>&#8211; \u00bfQu\u00e9 clase de jugador se considera Carde\u00f1osa?<\/em><\/span><\/p>\n<p><span style=\"color: #008000\"><em>&#8211; Desde luego m\u00e1s t\u00e9cnico que otra cosa<\/em><\/span><\/p>\n<p><span style=\"color: #008000\"><em>&#8211; \u00bfCompa\u00f1ero con quien mejor se ha compenetrado?<\/em><\/span><\/p>\n<p><span style=\"color: #008000\"><em>&#8211; Con Anzarda<\/em><\/span><\/p>\n<p><span style=\"color: #008000\"><em>&#8211; \u00bfA qui\u00e9n admira?<\/em><\/span><\/p>\n<p><span style=\"color: #008000\"><em>&#8211; Me gusta el juego de Vel\u00e1zquez, gran jugador y excelente persona<\/em><\/span><\/p>\n<p><span style=\"color: #008000\"><em>&#8211; \u00bfUn pron\u00f3stico para el a\u00f1o setenta y siete?<\/em><\/span><\/p>\n<p><span style=\"color: #008000\"><em>&#8211; Para el Betis deseo una clasificaci\u00f3n superior a la del a\u00f1o pasado y personalmente que me respeten las lesiones<\/em><\/span><\/p>\n<p><span style=\"color: #008000\"><em>Algo esencial en la vida de todo deportista. El resto lo pondr\u00e1 Carde\u00f1osa cada domingo\u00a0\u00a0\u00a0<\/em><\/span><\/p>\n","protected":false},"excerpt":{"rendered":"<p>La entrevista que hoy traemos se public\u00f3 en el diario deportivo Marca el 6 de enero de 1977. Su protagonista Julio Carde\u00f1osa y el entrevistador el periodista Mart\u00edn Benito. En ella Carde\u00f1osa repasa la actualidad verdiblanca del momento, que pasaba por el inminente partido en casa contra el Barcelona y por el estado del equipo&#8230;<\/p>\n","protected":false},"author":5,"featured_media":68089,"comment_status":"open","ping_status":"open","sticky":false,"template":"","format":"standard","meta":{"_kad_post_transparent":"","_kad_post_title":"","_kad_post_layout":"","_kad_post_sidebar_id":"","_kad_post_content_style":"","_kad_post_vertical_padding":"","_kad_post_feature":"","_kad_post_feature_position":"","_kad_post_header":false,"_kad_post_footer":false,"_kad_post_classname":"","_jetpack_memberships_contains_paid_content":false,"footnotes":"","jetpack_publicize_message":"","jetpack_publicize_feature_enabled":true,"jetpack_social_post_already_shared":true,"jetpack_social_options":{"image_generator_settings":{"template":"highway","default_image_id":0,"font":"","enabled":false},"version":2}},"categories":[903,893,1],"tags":[2238,1024,1155,13406],"class_list":["post-68088","post","type-post","status-publish","format-standard","has-post-thumbnail","hentry","category-1970-1979","category-jugadores-temas","category-portada","tag-1976-77","tag-1024","tag-julio-cardenosa","tag-martin-benito"],"jetpack_publicize_connections":[],"jetpack_featured_media_url":"https:\/\/i0.wp.com\/www.manquepierda.com\/historiarealbetis\/files\/2019\/03\/Entrevista-Julio-Carde%C3%B1osa-1977-NMP-Marca-6-01-1977.jpg?fit=375%2C592&ssl=1","jetpack_sharing_enabled":true,"jetpack_shortlink":"https:\/\/wp.me\/p1ij08-hIc","jetpack-related-posts":[],"_links":{"self":[{"href":"https:\/\/www.manquepierda.com\/historiarealbetis\/wp-json\/wp\/v2\/posts\/68088","targetHints":{"allow":["GET"]}}],"collection":[{"href":"https:\/\/www.manquepierda.com\/historiarealbetis\/wp-json\/wp\/v2\/posts"}],"about":[{"href":"https:\/\/www.manquepierda.com\/historiarealbetis\/wp-json\/wp\/v2\/types\/post"}],"author":[{"embeddable":true,"href":"https:\/\/www.manquepierda.com\/historiarealbetis\/wp-json\/wp\/v2\/users\/5"}],"replies":[{"embeddable":true,"href":"https:\/\/www.manquepierda.com\/historiarealbetis\/wp-json\/wp\/v2\/comments?post=68088"}],"version-history":[{"count":0,"href":"https:\/\/www.manquepierda.com\/historiarealbetis\/wp-json\/wp\/v2\/posts\/68088\/revisions"}],"wp:featuredmedia":[{"embeddable":true,"href":"https:\/\/www.manquepierda.com\/historiarealbetis\/wp-json\/wp\/v2\/media\/68089"}],"wp:attachment":[{"href":"https:\/\/www.manquepierda.com\/historiarealbetis\/wp-json\/wp\/v2\/media?parent=68088"}],"wp:term":[{"taxonomy":"category","embeddable":true,"href":"https:\/\/www.manquepierda.com\/historiarealbetis\/wp-json\/wp\/v2\/categories?post=68088"},{"taxonomy":"post_tag","embeddable":true,"href":"https:\/\/www.manquepierda.com\/historiarealbetis\/wp-json\/wp\/v2\/tags?post=68088"}],"curies":[{"name":"wp","href":"https:\/\/api.w.org\/{rel}","templated":true}]}}