{"id":68155,"date":"2019-04-03T09:54:10","date_gmt":"2019-04-03T07:54:10","guid":{"rendered":"http:\/\/www.manquepierda.com\/historiarealbetis\/?p=68155"},"modified":"2024-08-10T19:41:10","modified_gmt":"2024-08-10T17:41:10","slug":"betis-real-sociedad-liga-1961","status":"publish","type":"post","link":"https:\/\/www.manquepierda.com\/historiarealbetis\/betis-real-sociedad-liga-1961\/","title":{"rendered":"Betis-Real Sociedad Liga 1961"},"content":{"rendered":"<p><a href=\"https:\/\/i0.wp.com\/www.manquepierda.com\/historiarealbetis\/files\/2019\/03\/Betis-Real-Sociedad-Liga-1961-Segundo-gol-de-Ansola-Sevilla-13-10-1961.jpg?ssl=1\"><img data-recalc-dims=\"1\" loading=\"lazy\" decoding=\"async\" class=\"aligncenter size-medium wp-image-68156\" src=\"https:\/\/i0.wp.com\/www.manquepierda.com\/historiarealbetis\/files\/2019\/03\/Betis-Real-Sociedad-Liga-1961-Segundo-gol-de-Ansola-Sevilla-13-10-1961.jpg?resize=476%2C600&#038;ssl=1\" alt=\"\" width=\"476\" height=\"600\" srcset=\"https:\/\/i0.wp.com\/www.manquepierda.com\/historiarealbetis\/files\/2019\/03\/Betis-Real-Sociedad-Liga-1961-Segundo-gol-de-Ansola-Sevilla-13-10-1961.jpg?resize=476%2C600&amp;ssl=1 476w, https:\/\/i0.wp.com\/www.manquepierda.com\/historiarealbetis\/files\/2019\/03\/Betis-Real-Sociedad-Liga-1961-Segundo-gol-de-Ansola-Sevilla-13-10-1961.jpg?resize=174%2C220&amp;ssl=1 174w, https:\/\/i0.wp.com\/www.manquepierda.com\/historiarealbetis\/files\/2019\/03\/Betis-Real-Sociedad-Liga-1961-Segundo-gol-de-Ansola-Sevilla-13-10-1961.jpg?w=536&amp;ssl=1 536w\" sizes=\"auto, (max-width: 476px) 100vw, 476px\" \/><\/a><\/p>\n<p>12 de octubre de 1961 en el Villamar\u00edn Betis 2 Real Sociedad 1; jornada 7 del Campeonato de Liga de Primera Divisi\u00f3n.<\/p>\n<p>En la imagen Fernando Ansola en el minuto 57 de cabeza marca el segundo gol b\u00e9tico, anticip\u00e1ndose al meta donostiarra Goicoechea y a un defensa realista.<\/p>\n<p>Ansola en el minuto 23 hab\u00eda adelantado al Betis, empatando Simonsson para la Real en el minuto 51.<\/p>\n<p>Fernando Daucik entrenaba al Betis y Baltasar Alb\u00e9niz a la Real Sociedad.<\/p>\n","protected":false},"excerpt":{"rendered":"<p>12 de octubre de 1961 en el Villamar\u00edn Betis 2 Real Sociedad 1; jornada 7 del Campeonato de Liga de Primera Divisi\u00f3n. En la imagen Fernando Ansola en el minuto 57 de cabeza marca el segundo gol b\u00e9tico, anticip\u00e1ndose al meta donostiarra Goicoechea y a un defensa realista. Ansola en el minuto 23 hab\u00eda adelantado&#8230;<\/p>\n","protected":false},"author":5,"featured_media":68156,"comment_status":"open","ping_status":"open","sticky":false,"template":"","format":"standard","meta":{"_kad_post_transparent":"","_kad_post_title":"","_kad_post_layout":"","_kad_post_sidebar_id":"","_kad_post_content_style":"","_kad_post_vertical_padding":"","_kad_post_feature":"","_kad_post_feature_position":"","_kad_post_header":false,"_kad_post_footer":false,"_kad_post_classname":"","_jetpack_memberships_contains_paid_content":false,"footnotes":"","jetpack_publicize_message":"","jetpack_publicize_feature_enabled":true,"jetpack_social_post_already_shared":true,"jetpack_social_options":{"image_generator_settings":{"template":"highway","default_image_id":0,"font":"","enabled":false},"version":2}},"categories":[902,1],"tags":[2922,2923,2903,17905,15912],"class_list":["post-68155","post","type-post","status-publish","format-standard","has-post-thumbnail","hentry","category-1960-1969","category-portada","tag-2922","tag-1961-62","tag-fernando-ansola","tag-liga-primera-1961-62","tag-real-sociedad-de-futbol"],"jetpack_publicize_connections":[],"jetpack_featured_media_url":"https:\/\/i0.wp.com\/www.manquepierda.com\/historiarealbetis\/files\/2019\/03\/Betis-Real-Sociedad-Liga-1961-Segundo-gol-de-Ansola-Sevilla-13-10-1961.jpg?fit=536%2C676&ssl=1","jetpack_sharing_enabled":true,"jetpack_shortlink":"https:\/\/wp.me\/p1ij08-hJh","jetpack-related-posts":[],"_links":{"self":[{"href":"https:\/\/www.manquepierda.com\/historiarealbetis\/wp-json\/wp\/v2\/posts\/68155","targetHints":{"allow":["GET"]}}],"collection":[{"href":"https:\/\/www.manquepierda.com\/historiarealbetis\/wp-json\/wp\/v2\/posts"}],"about":[{"href":"https:\/\/www.manquepierda.com\/historiarealbetis\/wp-json\/wp\/v2\/types\/post"}],"author":[{"embeddable":true,"href":"https:\/\/www.manquepierda.com\/historiarealbetis\/wp-json\/wp\/v2\/users\/5"}],"replies":[{"embeddable":true,"href":"https:\/\/www.manquepierda.com\/historiarealbetis\/wp-json\/wp\/v2\/comments?post=68155"}],"version-history":[{"count":1,"href":"https:\/\/www.manquepierda.com\/historiarealbetis\/wp-json\/wp\/v2\/posts\/68155\/revisions"}],"predecessor-version":[{"id":95876,"href":"https:\/\/www.manquepierda.com\/historiarealbetis\/wp-json\/wp\/v2\/posts\/68155\/revisions\/95876"}],"wp:featuredmedia":[{"embeddable":true,"href":"https:\/\/www.manquepierda.com\/historiarealbetis\/wp-json\/wp\/v2\/media\/68156"}],"wp:attachment":[{"href":"https:\/\/www.manquepierda.com\/historiarealbetis\/wp-json\/wp\/v2\/media?parent=68155"}],"wp:term":[{"taxonomy":"category","embeddable":true,"href":"https:\/\/www.manquepierda.com\/historiarealbetis\/wp-json\/wp\/v2\/categories?post=68155"},{"taxonomy":"post_tag","embeddable":true,"href":"https:\/\/www.manquepierda.com\/historiarealbetis\/wp-json\/wp\/v2\/tags?post=68155"}],"curies":[{"name":"wp","href":"https:\/\/api.w.org\/{rel}","templated":true}]}}