{"id":68165,"date":"2024-04-03T12:00:00","date_gmt":"2024-04-03T10:00:00","guid":{"rendered":"http:\/\/www.manquepierda.com\/historiarealbetis\/?p=68165"},"modified":"2024-03-16T17:53:06","modified_gmt":"2024-03-16T16:53:06","slug":"hoy-hace-40-anos-21","status":"publish","type":"post","link":"https:\/\/www.manquepierda.com\/historiarealbetis\/hoy-hace-40-anos-21\/","title":{"rendered":"Hoy hace 45 a\u00f1os. Fallece Juan Cedr\u00e9s."},"content":{"rendered":"<p><a href=\"https:\/\/i0.wp.com\/www.manquepierda.com\/historiarealbetis\/files\/2019\/03\/3-1979-Fallece-Juan-Cedr%C3%A9s-1.jpg?ssl=1\"><img data-recalc-dims=\"1\" loading=\"lazy\" decoding=\"async\" class=\"aligncenter size-full wp-image-68167\" src=\"https:\/\/i0.wp.com\/www.manquepierda.com\/historiarealbetis\/files\/2019\/03\/3-1979-Fallece-Juan-Cedr%C3%A9s-1.jpg?resize=274%2C391&#038;ssl=1\" alt=\"\" width=\"274\" height=\"391\" srcset=\"https:\/\/i0.wp.com\/www.manquepierda.com\/historiarealbetis\/files\/2019\/03\/3-1979-Fallece-Juan-Cedr%C3%A9s-1.jpg?w=274&amp;ssl=1 274w, https:\/\/i0.wp.com\/www.manquepierda.com\/historiarealbetis\/files\/2019\/03\/3-1979-Fallece-Juan-Cedr%C3%A9s-1.jpg?resize=154%2C220&amp;ssl=1 154w\" sizes=\"auto, (max-width: 274px) 100vw, 274px\" \/><\/a><\/p>\n<p><span style=\"color: #008000\">El 3 de abril de 1979 fallece en Las Palmas a los 52 a\u00f1os de edad Juan Cedr\u00e9s Cabrera, quien fuera jugador del Real Betis Balompi\u00e9 en dos ocasiones: en la temporada 1949-50 y en la temporada 1952-53, ambas con el equipo en Tercera Divisi\u00f3n.<\/span><\/p>\n<p><span style=\"color: #008000\">&nbsp;<\/span><\/p>\n","protected":false},"excerpt":{"rendered":"<p>El 3 de abril de 1979 fallece en Las Palmas a los 52 a\u00f1os de edad Juan Cedr\u00e9s Cabrera, quien fuera jugador del Real Betis Balompi\u00e9 en dos ocasiones: en la temporada 1949-50 y en la temporada 1952-53, ambas con el equipo en Tercera Divisi\u00f3n. &nbsp;<\/p>\n","protected":false},"author":5,"featured_media":68167,"comment_status":"open","ping_status":"open","sticky":false,"template":"","format":"standard","meta":{"_kad_post_transparent":"","_kad_post_title":"","_kad_post_layout":"","_kad_post_sidebar_id":"","_kad_post_content_style":"","_kad_post_vertical_padding":"","_kad_post_feature":"","_kad_post_feature_position":"","_kad_post_header":false,"_kad_post_footer":false,"_kad_post_classname":"","_jetpack_memberships_contains_paid_content":false,"footnotes":"","jetpack_publicize_message":"","jetpack_publicize_feature_enabled":true,"jetpack_social_post_already_shared":true,"jetpack_social_options":{"image_generator_settings":{"template":"highway","default_image_id":0,"font":"","enabled":false},"version":2}},"categories":[903,14583,1],"tags":[1331],"class_list":["post-68165","post","type-post","status-publish","format-standard","has-post-thumbnail","hentry","category-1970-1979","category-efemerides","category-portada","tag-juan-cedres"],"jetpack_publicize_connections":[],"jetpack_featured_media_url":"https:\/\/i0.wp.com\/www.manquepierda.com\/historiarealbetis\/files\/2019\/03\/3-1979-Fallece-Juan-Cedr%C3%A9s-1.jpg?fit=274%2C391&ssl=1","jetpack_sharing_enabled":true,"jetpack_shortlink":"https:\/\/wp.me\/p1ij08-hJr","jetpack-related-posts":[],"_links":{"self":[{"href":"https:\/\/www.manquepierda.com\/historiarealbetis\/wp-json\/wp\/v2\/posts\/68165","targetHints":{"allow":["GET"]}}],"collection":[{"href":"https:\/\/www.manquepierda.com\/historiarealbetis\/wp-json\/wp\/v2\/posts"}],"about":[{"href":"https:\/\/www.manquepierda.com\/historiarealbetis\/wp-json\/wp\/v2\/types\/post"}],"author":[{"embeddable":true,"href":"https:\/\/www.manquepierda.com\/historiarealbetis\/wp-json\/wp\/v2\/users\/5"}],"replies":[{"embeddable":true,"href":"https:\/\/www.manquepierda.com\/historiarealbetis\/wp-json\/wp\/v2\/comments?post=68165"}],"version-history":[{"count":1,"href":"https:\/\/www.manquepierda.com\/historiarealbetis\/wp-json\/wp\/v2\/posts\/68165\/revisions"}],"predecessor-version":[{"id":93281,"href":"https:\/\/www.manquepierda.com\/historiarealbetis\/wp-json\/wp\/v2\/posts\/68165\/revisions\/93281"}],"wp:featuredmedia":[{"embeddable":true,"href":"https:\/\/www.manquepierda.com\/historiarealbetis\/wp-json\/wp\/v2\/media\/68167"}],"wp:attachment":[{"href":"https:\/\/www.manquepierda.com\/historiarealbetis\/wp-json\/wp\/v2\/media?parent=68165"}],"wp:term":[{"taxonomy":"category","embeddable":true,"href":"https:\/\/www.manquepierda.com\/historiarealbetis\/wp-json\/wp\/v2\/categories?post=68165"},{"taxonomy":"post_tag","embeddable":true,"href":"https:\/\/www.manquepierda.com\/historiarealbetis\/wp-json\/wp\/v2\/tags?post=68165"}],"curies":[{"name":"wp","href":"https:\/\/api.w.org\/{rel}","templated":true}]}}