{"id":68199,"date":"2019-04-05T09:27:11","date_gmt":"2019-04-05T07:27:11","guid":{"rendered":"http:\/\/www.manquepierda.com\/historiarealbetis\/?p=68199"},"modified":"2024-08-09T17:59:45","modified_gmt":"2024-08-09T15:59:45","slug":"betis-villarreal-liga-2009-2","status":"publish","type":"post","link":"https:\/\/www.manquepierda.com\/historiarealbetis\/betis-villarreal-liga-2009-2\/","title":{"rendered":"Betis-Villarreal Liga 2009"},"content":{"rendered":"<p><a href=\"https:\/\/i0.wp.com\/www.manquepierda.com\/historiarealbetis\/files\/2019\/04\/Betis-Villarreal-Liga-2009-Gol-de-Sergio-Garc%C3%ADa.jpg?ssl=1\"><img data-recalc-dims=\"1\" loading=\"lazy\" decoding=\"async\" class=\"aligncenter size-medium wp-image-68200\" src=\"https:\/\/i0.wp.com\/www.manquepierda.com\/historiarealbetis\/files\/2019\/04\/Betis-Villarreal-Liga-2009-Gol-de-Sergio-Garc%C3%ADa.jpg?resize=680%2C460&#038;ssl=1\" alt=\"\" width=\"680\" height=\"460\" srcset=\"https:\/\/i0.wp.com\/www.manquepierda.com\/historiarealbetis\/files\/2019\/04\/Betis-Villarreal-Liga-2009-Gol-de-Sergio-Garc%C3%ADa.jpg?resize=680%2C460&amp;ssl=1 680w, https:\/\/i0.wp.com\/www.manquepierda.com\/historiarealbetis\/files\/2019\/04\/Betis-Villarreal-Liga-2009-Gol-de-Sergio-Garc%C3%ADa.jpg?resize=220%2C149&amp;ssl=1 220w, https:\/\/i0.wp.com\/www.manquepierda.com\/historiarealbetis\/files\/2019\/04\/Betis-Villarreal-Liga-2009-Gol-de-Sergio-Garc%C3%ADa.jpg?resize=768%2C520&amp;ssl=1 768w, https:\/\/i0.wp.com\/www.manquepierda.com\/historiarealbetis\/files\/2019\/04\/Betis-Villarreal-Liga-2009-Gol-de-Sergio-Garc%C3%ADa.jpg?resize=75%2C52&amp;ssl=1 75w, https:\/\/i0.wp.com\/www.manquepierda.com\/historiarealbetis\/files\/2019\/04\/Betis-Villarreal-Liga-2009-Gol-de-Sergio-Garc%C3%ADa.jpg?w=826&amp;ssl=1 826w\" sizes=\"auto, (max-width: 680px) 100vw, 680px\" \/><\/a><\/p>\n<p>1 de marzo de 2009 en el Ruiz de Lopera Betis 2 Villarreal 2; jornada 25 del Campeonato de Liga de Primera Divisi\u00f3n.<\/p>\n<p>En la imagen el disparo de Sergio Garc\u00eda que en el minuto 42 acortar\u00eda distancias en el marcador, tras los dos goles de Santi Cazorla para los amarillos en los minutos 6 y 36. En el 57 Ricardo Oliveira har\u00eda el empate definitivo.<\/p>\n<p>Francisco Chaparro entrenaba al Betis y Manuel Pellegrini al Villarreal.<\/p>\n","protected":false},"excerpt":{"rendered":"<p>1 de marzo de 2009 en el Ruiz de Lopera Betis 2 Villarreal 2; jornada 25 del Campeonato de Liga de Primera Divisi\u00f3n. En la imagen el disparo de Sergio Garc\u00eda que en el minuto 42 acortar\u00eda distancias en el marcador, tras los dos goles de Santi Cazorla para los amarillos en los minutos 6&#8230;<\/p>\n","protected":false},"author":5,"featured_media":68200,"comment_status":"open","ping_status":"open","sticky":false,"template":"","format":"standard","meta":{"_kad_post_transparent":"","_kad_post_title":"","_kad_post_layout":"","_kad_post_sidebar_id":"","_kad_post_content_style":"","_kad_post_vertical_padding":"","_kad_post_feature":"","_kad_post_feature_position":"","_kad_post_header":false,"_kad_post_footer":false,"_kad_post_classname":"","_jetpack_memberships_contains_paid_content":false,"footnotes":"","jetpack_publicize_message":"","jetpack_publicize_feature_enabled":true,"jetpack_social_post_already_shared":true,"jetpack_social_options":{"image_generator_settings":{"template":"highway","default_image_id":0,"font":"","enabled":false},"version":2}},"categories":[4823,1],"tags":[9525,8877,17821,1048,4007],"class_list":["post-68199","post","type-post","status-publish","format-standard","has-post-thumbnail","hentry","category-2000-2009","category-portada","tag-2008-09","tag-8877","tag-liga-primera-2008-09","tag-sergio-garcia","tag-villarreal-cf"],"jetpack_publicize_connections":[],"jetpack_featured_media_url":"https:\/\/i0.wp.com\/www.manquepierda.com\/historiarealbetis\/files\/2019\/04\/Betis-Villarreal-Liga-2009-Gol-de-Sergio-Garc%C3%ADa.jpg?fit=826%2C559&ssl=1","jetpack_sharing_enabled":true,"jetpack_shortlink":"https:\/\/wp.me\/p1ij08-hJZ","jetpack-related-posts":[],"_links":{"self":[{"href":"https:\/\/www.manquepierda.com\/historiarealbetis\/wp-json\/wp\/v2\/posts\/68199","targetHints":{"allow":["GET"]}}],"collection":[{"href":"https:\/\/www.manquepierda.com\/historiarealbetis\/wp-json\/wp\/v2\/posts"}],"about":[{"href":"https:\/\/www.manquepierda.com\/historiarealbetis\/wp-json\/wp\/v2\/types\/post"}],"author":[{"embeddable":true,"href":"https:\/\/www.manquepierda.com\/historiarealbetis\/wp-json\/wp\/v2\/users\/5"}],"replies":[{"embeddable":true,"href":"https:\/\/www.manquepierda.com\/historiarealbetis\/wp-json\/wp\/v2\/comments?post=68199"}],"version-history":[{"count":1,"href":"https:\/\/www.manquepierda.com\/historiarealbetis\/wp-json\/wp\/v2\/posts\/68199\/revisions"}],"predecessor-version":[{"id":95800,"href":"https:\/\/www.manquepierda.com\/historiarealbetis\/wp-json\/wp\/v2\/posts\/68199\/revisions\/95800"}],"wp:featuredmedia":[{"embeddable":true,"href":"https:\/\/www.manquepierda.com\/historiarealbetis\/wp-json\/wp\/v2\/media\/68200"}],"wp:attachment":[{"href":"https:\/\/www.manquepierda.com\/historiarealbetis\/wp-json\/wp\/v2\/media?parent=68199"}],"wp:term":[{"taxonomy":"category","embeddable":true,"href":"https:\/\/www.manquepierda.com\/historiarealbetis\/wp-json\/wp\/v2\/categories?post=68199"},{"taxonomy":"post_tag","embeddable":true,"href":"https:\/\/www.manquepierda.com\/historiarealbetis\/wp-json\/wp\/v2\/tags?post=68199"}],"curies":[{"name":"wp","href":"https:\/\/api.w.org\/{rel}","templated":true}]}}