{"id":68239,"date":"2024-04-12T12:00:00","date_gmt":"2024-04-12T10:00:00","guid":{"rendered":"http:\/\/www.manquepierda.com\/historiarealbetis\/?p=68239"},"modified":"2024-08-12T11:55:17","modified_gmt":"2024-08-12T09:55:17","slug":"hoy-hace-10-anos-5","status":"publish","type":"post","link":"https:\/\/www.manquepierda.com\/historiarealbetis\/hoy-hace-10-anos-5\/","title":{"rendered":"Hoy hace 15 a\u00f1os. Debut de Jos\u00e9 Mar\u00eda Nogu\u00e9s en el banquillo b\u00e9tico."},"content":{"rendered":"<p><a href=\"https:\/\/i0.wp.com\/www.manquepierda.com\/historiarealbetis\/files\/2019\/04\/12-2009-Debut-de-Jos%C3%A9-Mar%C3%ADa-Nogu%C3%A9s.jpg?ssl=1\"><img data-recalc-dims=\"1\" loading=\"lazy\" decoding=\"async\" class=\"aligncenter size-full wp-image-68240\" src=\"https:\/\/i0.wp.com\/www.manquepierda.com\/historiarealbetis\/files\/2019\/04\/12-2009-Debut-de-Jos%C3%A9-Mar%C3%ADa-Nogu%C3%A9s.jpg?resize=232%2C266&#038;ssl=1\" alt=\"\" width=\"232\" height=\"266\" srcset=\"https:\/\/i0.wp.com\/www.manquepierda.com\/historiarealbetis\/files\/2019\/04\/12-2009-Debut-de-Jos%C3%A9-Mar%C3%ADa-Nogu%C3%A9s.jpg?w=232&amp;ssl=1 232w, https:\/\/i0.wp.com\/www.manquepierda.com\/historiarealbetis\/files\/2019\/04\/12-2009-Debut-de-Jos%C3%A9-Mar%C3%ADa-Nogu%C3%A9s.jpg?resize=192%2C220&amp;ssl=1 192w\" sizes=\"auto, (max-width: 232px) 100vw, 232px\" \/><\/a><\/p>\n<p><span style=\"color: #008000\">El 12 de abril de 2009 debuta Jos\u00e9 Mar\u00eda Nogu\u00e9s como entrenador del primer equipo del Real Betis Balompi\u00e9 en el partido Racing de Santander 2 Betis 3, jugado en el Nuevo Sardinero y correspondiente a la jornada 30 del Campeonato de Liga de Primera Divisi\u00f3n.<\/span><\/p>\n<p><span style=\"color: #008000\">Jos\u00e9 Mar\u00eda Nogu\u00e9s hab\u00eda sucedido al cesado Francisco Chaparro con el equipo rondando los puestos de descenso y proced\u00eda del filial verdiblanco, el Betis B, que jugaba en Segunda B.<\/span><\/p>\n","protected":false},"excerpt":{"rendered":"<p>El 12 de abril de 2009 debuta Jos\u00e9 Mar\u00eda Nogu\u00e9s como entrenador del primer equipo del Real Betis Balompi\u00e9 en el partido Racing de Santander 2 Betis 3, jugado en el Nuevo Sardinero y correspondiente a la jornada 30 del Campeonato de Liga de Primera Divisi\u00f3n. Jos\u00e9 Mar\u00eda Nogu\u00e9s hab\u00eda sucedido al cesado Francisco Chaparro&#8230;<\/p>\n","protected":false},"author":5,"featured_media":68240,"comment_status":"open","ping_status":"open","sticky":false,"template":"","format":"standard","meta":{"_kad_post_transparent":"","_kad_post_title":"","_kad_post_layout":"","_kad_post_sidebar_id":"","_kad_post_content_style":"","_kad_post_vertical_padding":"","_kad_post_feature":"","_kad_post_feature_position":"","_kad_post_header":false,"_kad_post_footer":false,"_kad_post_classname":"","_jetpack_memberships_contains_paid_content":false,"footnotes":"","jetpack_publicize_message":"","jetpack_publicize_feature_enabled":true,"jetpack_social_post_already_shared":true,"jetpack_social_options":{"image_generator_settings":{"template":"highway","default_image_id":0,"font":"","enabled":false},"version":2}},"categories":[4823,14583,1],"tags":[8877,1315,17821],"class_list":["post-68239","post","type-post","status-publish","format-standard","has-post-thumbnail","hentry","category-2000-2009","category-efemerides","category-portada","tag-8877","tag-jose-maria-nogues","tag-liga-primera-2008-09"],"jetpack_publicize_connections":[],"jetpack_featured_media_url":"https:\/\/i0.wp.com\/www.manquepierda.com\/historiarealbetis\/files\/2019\/04\/12-2009-Debut-de-Jos%C3%A9-Mar%C3%ADa-Nogu%C3%A9s.jpg?fit=232%2C266&ssl=1","jetpack_sharing_enabled":true,"jetpack_shortlink":"https:\/\/wp.me\/p1ij08-hKD","jetpack-related-posts":[],"_links":{"self":[{"href":"https:\/\/www.manquepierda.com\/historiarealbetis\/wp-json\/wp\/v2\/posts\/68239","targetHints":{"allow":["GET"]}}],"collection":[{"href":"https:\/\/www.manquepierda.com\/historiarealbetis\/wp-json\/wp\/v2\/posts"}],"about":[{"href":"https:\/\/www.manquepierda.com\/historiarealbetis\/wp-json\/wp\/v2\/types\/post"}],"author":[{"embeddable":true,"href":"https:\/\/www.manquepierda.com\/historiarealbetis\/wp-json\/wp\/v2\/users\/5"}],"replies":[{"embeddable":true,"href":"https:\/\/www.manquepierda.com\/historiarealbetis\/wp-json\/wp\/v2\/comments?post=68239"}],"version-history":[{"count":2,"href":"https:\/\/www.manquepierda.com\/historiarealbetis\/wp-json\/wp\/v2\/posts\/68239\/revisions"}],"predecessor-version":[{"id":93292,"href":"https:\/\/www.manquepierda.com\/historiarealbetis\/wp-json\/wp\/v2\/posts\/68239\/revisions\/93292"}],"wp:featuredmedia":[{"embeddable":true,"href":"https:\/\/www.manquepierda.com\/historiarealbetis\/wp-json\/wp\/v2\/media\/68240"}],"wp:attachment":[{"href":"https:\/\/www.manquepierda.com\/historiarealbetis\/wp-json\/wp\/v2\/media?parent=68239"}],"wp:term":[{"taxonomy":"category","embeddable":true,"href":"https:\/\/www.manquepierda.com\/historiarealbetis\/wp-json\/wp\/v2\/categories?post=68239"},{"taxonomy":"post_tag","embeddable":true,"href":"https:\/\/www.manquepierda.com\/historiarealbetis\/wp-json\/wp\/v2\/tags?post=68239"}],"curies":[{"name":"wp","href":"https:\/\/api.w.org\/{rel}","templated":true}]}}