{"id":68311,"date":"2024-04-20T12:00:00","date_gmt":"2024-04-20T10:00:00","guid":{"rendered":"http:\/\/www.manquepierda.com\/historiarealbetis\/?p=68311"},"modified":"2024-08-11T17:37:44","modified_gmt":"2024-08-11T15:37:44","slug":"hoy-hace-50-anos-25","status":"publish","type":"post","link":"https:\/\/www.manquepierda.com\/historiarealbetis\/hoy-hace-50-anos-25\/","title":{"rendered":"Hoy hace 55 a\u00f1os. Debut de Joaqu\u00edn G\u00f3mez \u00abQuinichi\u00bb."},"content":{"rendered":"<p><a href=\"https:\/\/i0.wp.com\/www.manquepierda.com\/historiarealbetis\/files\/2019\/04\/20-1969-Debut-de-Quinichi.jpg?ssl=1\"><img data-recalc-dims=\"1\" loading=\"lazy\" decoding=\"async\" class=\"aligncenter size-full wp-image-68312\" src=\"https:\/\/i0.wp.com\/www.manquepierda.com\/historiarealbetis\/files\/2019\/04\/20-1969-Debut-de-Quinichi.jpg?resize=310%2C501&#038;ssl=1\" alt=\"\" width=\"310\" height=\"501\" srcset=\"https:\/\/i0.wp.com\/www.manquepierda.com\/historiarealbetis\/files\/2019\/04\/20-1969-Debut-de-Quinichi.jpg?w=310&amp;ssl=1 310w, https:\/\/i0.wp.com\/www.manquepierda.com\/historiarealbetis\/files\/2019\/04\/20-1969-Debut-de-Quinichi.jpg?resize=136%2C220&amp;ssl=1 136w\" sizes=\"auto, (max-width: 310px) 100vw, 310px\" \/><\/a><\/p>\n<p><span style=\"color: #008000\">El 20 de abril de 1969 debuta en partido oficial con el Real Betis Balompi\u00e9 Joaqu\u00edn G\u00f3mez Prian \u00abQuinichi\u00bb , en el partido Betis-Calvo Sotelo jugado en el Villamar\u00edn correspondiente a la jornada 31 del Campeonato de Liga de Segunda Divisi\u00f3n. Fue adem\u00e1s el autor del tanto con el que el Betis se adelant\u00f3 en el marcador en el minuto 15 de cabeza a pase de Macario.&nbsp;<\/span><\/p>\n<p><span style=\"color: #008000\">Cuando Quinichi debut\u00f3 con el Betis ten\u00eda 22 a\u00f1os, y proced\u00eda del filial verdiblanco, el Triana Balompi\u00e9, adonde hab\u00eda llegado desde el CD San Fernando.<\/span><\/p>\n","protected":false},"excerpt":{"rendered":"<p>El 20 de abril de 1969 debuta en partido oficial con el Real Betis Balompi\u00e9 Joaqu\u00edn G\u00f3mez Prian \u00abQuinichi\u00bb , en el partido Betis-Calvo Sotelo jugado en el Villamar\u00edn correspondiente a la jornada 31 del Campeonato de Liga de Segunda Divisi\u00f3n. Fue adem\u00e1s el autor del tanto con el que el Betis se adelant\u00f3 en&#8230;<\/p>\n","protected":false},"author":5,"featured_media":68312,"comment_status":"open","ping_status":"open","sticky":false,"template":"","format":"standard","meta":{"_kad_post_transparent":"","_kad_post_title":"","_kad_post_layout":"","_kad_post_sidebar_id":"","_kad_post_content_style":"","_kad_post_vertical_padding":"","_kad_post_feature":"","_kad_post_feature_position":"","_kad_post_header":false,"_kad_post_footer":false,"_kad_post_classname":"","_jetpack_memberships_contains_paid_content":false,"footnotes":"","jetpack_publicize_message":"","jetpack_publicize_feature_enabled":true,"jetpack_social_post_already_shared":true,"jetpack_social_options":{"image_generator_settings":{"template":"highway","default_image_id":0,"font":"","enabled":false},"version":2}},"categories":[902,14583,1],"tags":[4201,5083,17792],"class_list":["post-68311","post","type-post","status-publish","format-standard","has-post-thumbnail","hentry","category-1960-1969","category-efemerides","category-portada","tag-4201","tag-joaquin-gomez-quinichi","tag-liga-segunda-1968-69"],"jetpack_publicize_connections":[],"jetpack_featured_media_url":"https:\/\/i0.wp.com\/www.manquepierda.com\/historiarealbetis\/files\/2019\/04\/20-1969-Debut-de-Quinichi.jpg?fit=310%2C501&ssl=1","jetpack_sharing_enabled":true,"jetpack_shortlink":"https:\/\/wp.me\/p1ij08-hLN","jetpack-related-posts":[],"_links":{"self":[{"href":"https:\/\/www.manquepierda.com\/historiarealbetis\/wp-json\/wp\/v2\/posts\/68311","targetHints":{"allow":["GET"]}}],"collection":[{"href":"https:\/\/www.manquepierda.com\/historiarealbetis\/wp-json\/wp\/v2\/posts"}],"about":[{"href":"https:\/\/www.manquepierda.com\/historiarealbetis\/wp-json\/wp\/v2\/types\/post"}],"author":[{"embeddable":true,"href":"https:\/\/www.manquepierda.com\/historiarealbetis\/wp-json\/wp\/v2\/users\/5"}],"replies":[{"embeddable":true,"href":"https:\/\/www.manquepierda.com\/historiarealbetis\/wp-json\/wp\/v2\/comments?post=68311"}],"version-history":[{"count":1,"href":"https:\/\/www.manquepierda.com\/historiarealbetis\/wp-json\/wp\/v2\/posts\/68311\/revisions"}],"predecessor-version":[{"id":93303,"href":"https:\/\/www.manquepierda.com\/historiarealbetis\/wp-json\/wp\/v2\/posts\/68311\/revisions\/93303"}],"wp:featuredmedia":[{"embeddable":true,"href":"https:\/\/www.manquepierda.com\/historiarealbetis\/wp-json\/wp\/v2\/media\/68312"}],"wp:attachment":[{"href":"https:\/\/www.manquepierda.com\/historiarealbetis\/wp-json\/wp\/v2\/media?parent=68311"}],"wp:term":[{"taxonomy":"category","embeddable":true,"href":"https:\/\/www.manquepierda.com\/historiarealbetis\/wp-json\/wp\/v2\/categories?post=68311"},{"taxonomy":"post_tag","embeddable":true,"href":"https:\/\/www.manquepierda.com\/historiarealbetis\/wp-json\/wp\/v2\/tags?post=68311"}],"curies":[{"name":"wp","href":"https:\/\/api.w.org\/{rel}","templated":true}]}}