{"id":68346,"date":"2019-04-20T10:48:30","date_gmt":"2019-04-20T08:48:30","guid":{"rendered":"http:\/\/www.manquepierda.com\/historiarealbetis\/?p=68346"},"modified":"2024-08-12T18:48:12","modified_gmt":"2024-08-12T16:48:12","slug":"nos-visita-el-valencia-cf-5","status":"publish","type":"post","link":"https:\/\/www.manquepierda.com\/historiarealbetis\/nos-visita-el-valencia-cf-5\/","title":{"rendered":"Nos visita el Valencia CF"},"content":{"rendered":"<figure id=\"attachment_68347\" aria-describedby=\"caption-attachment-68347\" style=\"width: 680px\" class=\"wp-caption aligncenter\"><a href=\"https:\/\/i0.wp.com\/www.manquepierda.com\/historiarealbetis\/files\/2019\/04\/Valencia-1967-68.jpg?ssl=1\"><img data-recalc-dims=\"1\" loading=\"lazy\" decoding=\"async\" class=\"wp-image-68347 size-medium\" src=\"https:\/\/i0.wp.com\/www.manquepierda.com\/historiarealbetis\/files\/2019\/04\/Valencia-1967-68.jpg?resize=680%2C560&#038;ssl=1\" alt=\"\" width=\"680\" height=\"560\" srcset=\"https:\/\/i0.wp.com\/www.manquepierda.com\/historiarealbetis\/files\/2019\/04\/Valencia-1967-68.jpg?resize=680%2C560&amp;ssl=1 680w, https:\/\/i0.wp.com\/www.manquepierda.com\/historiarealbetis\/files\/2019\/04\/Valencia-1967-68.jpg?resize=220%2C181&amp;ssl=1 220w, https:\/\/i0.wp.com\/www.manquepierda.com\/historiarealbetis\/files\/2019\/04\/Valencia-1967-68.jpg?resize=768%2C632&amp;ssl=1 768w, https:\/\/i0.wp.com\/www.manquepierda.com\/historiarealbetis\/files\/2019\/04\/Valencia-1967-68.jpg?w=793&amp;ssl=1 793w\" sizes=\"auto, (max-width: 680px) 100vw, 680px\" \/><\/a><figcaption id=\"caption-attachment-68347\" class=\"wp-caption-text\">El valencia en la temporada 1967-68<\/figcaption><\/figure>\n<p>Ma\u00f1ana recibimos en el Benito Villamar\u00edn al Valencia Club de F\u00fatbol. Fundado en 1919 ha disputado 84 temporadas en Primera y 4 en Segunda, siendo campe\u00f3n de Liga en 6 ocasiones y de Copa en 7.<\/p>\n<p>La primera visita valencianista a terreno b\u00e9tico se produjo el 1 de Abril de 1928 en partido de Copa que concluy\u00f3 con victoria visitante por\u00a0 0-1, gol obra de Picol\u00edn.<\/p>\n<p>Han sido en total 66 los partidos oficiales\u00a0 disputados en terreno b\u00e9tico, repartidos as\u00ed: 51 partidos en Liga de Primera Divisi\u00f3n ( 24 victorias b\u00e9ticas, 15 empates y 12 victorias valencianistas), 3 partidos en Liga de Segunda ( 1 victoria local, 1 empate y 1 victoria visitante), 9 partidos de Copa ( 3 victorias del Betis, 2 empates y 4 victorias del Valencia),\u00a0 2 partidos de Copa de la Liga ( 2 victorias del Betis) y 1 partido del Campeonato Mancomunado ( 1 victoria del Valencia).<\/p>\n<p>De estos 66 partidos 10 se jugaron en el Patronato, 6 en Heli\u00f3polis, 41 en el Benito Villamar\u00edn y 9 en el Ruiz de Lopera.<\/p>\n<p>Entre los jugadores que han militado en los dos clubes podemos destacar a Fernando Ansola, Antonio Mart\u00ednez \u201cAnt\u00f3n\u201d, Esteban Areta, Antonio Barrag\u00e1n, Sergio Canales, \u00a0Leopoldo\u00a0Capillas, Antonio Conde, Carlos Diarte, Jos\u00e9 G\u00e1lvez, Alfredo Greus, Joaqu\u00edn S\u00e1nchez, Sim\u00f3n Lecue, Angel Iglesias \u201cMachicha\u201d, Mart\u00edn Montoya, Vicente Morera, Jos\u00e9 Nebot, Manuel Hern\u00e1ndez \u201cNolito\u201d, Ricardo Oliveira, Jorge Otero, Dorlan Pab\u00f3n, Jos\u00e9 Manuel Pesudo, Cristian Piccini, \u00a0Joaqu\u00edn Sierra \u201cQuino\u201d, Antonio Rey, Enrique Romero, Salustiano S\u00e1nchez, Stephen Sunny, Gabriel Su\u00f1er, Antonio Telech\u00eda, Jorge Vila y Francisco Javier Mu\u00f1oz \u201cXisco\u201d.<br \/>\nEntre los entrenadores Carlos Iturraspe, Domingo Balmanya, Sabino Barinaga, Marcel Domingo, Guus Hiddink, Luis Aragon\u00e9s y H\u00e9ctor C\u00faper.<\/p>\n","protected":false},"excerpt":{"rendered":"<p>Ma\u00f1ana recibimos en el Benito Villamar\u00edn al Valencia Club de F\u00fatbol. Fundado en 1919 ha disputado 84 temporadas en Primera y 4 en Segunda, siendo campe\u00f3n de Liga en 6 ocasiones y de Copa en 7. La primera visita valencianista a terreno b\u00e9tico se produjo el 1 de Abril de 1928 en partido de Copa&#8230;<\/p>\n","protected":false},"author":5,"featured_media":68347,"comment_status":"open","ping_status":"open","sticky":false,"template":"","format":"standard","meta":{"_kad_post_transparent":"","_kad_post_title":"","_kad_post_layout":"","_kad_post_sidebar_id":"","_kad_post_content_style":"","_kad_post_vertical_padding":"","_kad_post_feature":"","_kad_post_feature_position":"","_kad_post_header":false,"_kad_post_footer":false,"_kad_post_classname":"","_jetpack_memberships_contains_paid_content":false,"footnotes":"","jetpack_publicize_message":"","jetpack_publicize_feature_enabled":true,"jetpack_social_post_already_shared":true,"jetpack_social_options":{"image_generator_settings":{"template":"highway","default_image_id":0,"font":"","enabled":false},"version":2}},"categories":[895,1],"tags":[1041,4094,16185,1460,1617,3026,1527,1009,3586,17557,9437,3285,1317,2903,3585,3286,4086,3289,3912,1621,1077,1318,3278,1313,3283,4083,1456,4084,566,1046,1110,3028,16817,1043,4069,2285,1447],"class_list":["post-68346","post","type-post","status-publish","format-standard","has-post-thumbnail","hentry","category-los-rivales","category-portada","tag-alfredo-greus","tag-angel-iglesias-machicha","tag-antonio-barragan","tag-antonio-conde","tag-antonio-martinez-anton","tag-antonio-rey","tag-antonio-telechia","tag-carlos-diarte","tag-carlos-iturraspe","tag-cristiano-piccini","tag-dorlan-pabon","tag-enrique-romero","tag-esteban-areta","tag-fernando-ansola","tag-francisco-javier-munoz-xisco","tag-gabriel-suner","tag-guus-hiddink","tag-hector-cuper","tag-joaquin-sanchez","tag-joaquin-sierra-quino","tag-jorge-otero","tag-jorge-vila","tag-jose-galvez","tag-jose-manuel-pesudo","tag-jose-nebot","tag-leopoldo-capillas","tag-luis-aragones","tag-manuel-hernandez-nolito","tag-martin-montoya","tag-ricardo-oliveira","tag-sabino-barinaga","tag-salustiano-sanchez","tag-sergio-canales","tag-simon-lecue","tag-stephen-sunny","tag-valencia-cf","tag-vicente-morera"],"jetpack_publicize_connections":[],"jetpack_featured_media_url":"https:\/\/i0.wp.com\/www.manquepierda.com\/historiarealbetis\/files\/2019\/04\/Valencia-1967-68.jpg?fit=793%2C653&ssl=1","jetpack_sharing_enabled":true,"jetpack_shortlink":"https:\/\/wp.me\/p1ij08-hMm","jetpack-related-posts":[],"_links":{"self":[{"href":"https:\/\/www.manquepierda.com\/historiarealbetis\/wp-json\/wp\/v2\/posts\/68346","targetHints":{"allow":["GET"]}}],"collection":[{"href":"https:\/\/www.manquepierda.com\/historiarealbetis\/wp-json\/wp\/v2\/posts"}],"about":[{"href":"https:\/\/www.manquepierda.com\/historiarealbetis\/wp-json\/wp\/v2\/types\/post"}],"author":[{"embeddable":true,"href":"https:\/\/www.manquepierda.com\/historiarealbetis\/wp-json\/wp\/v2\/users\/5"}],"replies":[{"embeddable":true,"href":"https:\/\/www.manquepierda.com\/historiarealbetis\/wp-json\/wp\/v2\/comments?post=68346"}],"version-history":[{"count":1,"href":"https:\/\/www.manquepierda.com\/historiarealbetis\/wp-json\/wp\/v2\/posts\/68346\/revisions"}],"predecessor-version":[{"id":96420,"href":"https:\/\/www.manquepierda.com\/historiarealbetis\/wp-json\/wp\/v2\/posts\/68346\/revisions\/96420"}],"wp:featuredmedia":[{"embeddable":true,"href":"https:\/\/www.manquepierda.com\/historiarealbetis\/wp-json\/wp\/v2\/media\/68347"}],"wp:attachment":[{"href":"https:\/\/www.manquepierda.com\/historiarealbetis\/wp-json\/wp\/v2\/media?parent=68346"}],"wp:term":[{"taxonomy":"category","embeddable":true,"href":"https:\/\/www.manquepierda.com\/historiarealbetis\/wp-json\/wp\/v2\/categories?post=68346"},{"taxonomy":"post_tag","embeddable":true,"href":"https:\/\/www.manquepierda.com\/historiarealbetis\/wp-json\/wp\/v2\/tags?post=68346"}],"curies":[{"name":"wp","href":"https:\/\/api.w.org\/{rel}","templated":true}]}}