{"id":68349,"date":"2019-04-14T09:27:04","date_gmt":"2019-04-14T07:27:04","guid":{"rendered":"http:\/\/www.manquepierda.com\/historiarealbetis\/?p=68349"},"modified":"2024-09-28T20:26:58","modified_gmt":"2024-09-28T18:26:58","slug":"nino-a-quien-ha-fichao-el-betis-de-jose-maria-aguilar-2","status":"publish","type":"post","link":"https:\/\/www.manquepierda.com\/historiarealbetis\/nino-a-quien-ha-fichao-el-betis-de-jose-maria-aguilar-2\/","title":{"rendered":"Ni\u00f1o, \u00bfa qui\u00e9n ha fichao el Betis?, de Jos\u00e9 Mar\u00eda Aguilar"},"content":{"rendered":"<p>&nbsp;<\/p>\n<p><a href=\"https:\/\/i0.wp.com\/www.manquepierda.com\/historiarealbetis\/files\/2019\/04\/Balona-Betis-Liga-Copa-1983-Saque-de-honor-del-Pali.jpg?ssl=1\"><img data-recalc-dims=\"1\" loading=\"lazy\" decoding=\"async\" class=\"size-medium wp-image-68350 aligncenter\" src=\"https:\/\/i0.wp.com\/www.manquepierda.com\/historiarealbetis\/files\/2019\/04\/Balona-Betis-Liga-Copa-1983-Saque-de-honor-del-Pali.jpg?resize=438%2C600&#038;ssl=1\" alt=\"\" width=\"438\" height=\"600\" srcset=\"https:\/\/i0.wp.com\/www.manquepierda.com\/historiarealbetis\/files\/2019\/04\/Balona-Betis-Liga-Copa-1983-Saque-de-honor-del-Pali.jpg?resize=438%2C600&amp;ssl=1 438w, https:\/\/i0.wp.com\/www.manquepierda.com\/historiarealbetis\/files\/2019\/04\/Balona-Betis-Liga-Copa-1983-Saque-de-honor-del-Pali.jpg?resize=161%2C220&amp;ssl=1 161w, https:\/\/i0.wp.com\/www.manquepierda.com\/historiarealbetis\/files\/2019\/04\/Balona-Betis-Liga-Copa-1983-Saque-de-honor-del-Pali.jpg?w=488&amp;ssl=1 488w\" sizes=\"auto, (max-width: 438px) 100vw, 438px\" \/><\/a><\/p>\n<p>El 21 de junio de 1988, a la edad de 60 a\u00f1os, fallec\u00eda Francisco Palacios Ortega \u00abEl Pali\u00bb, \u00ab<em>el \u00faltimo trovador de Sevilla, poeta del barrio del Arenal, y de la Piedad y la Caridad, enamorado de una Triana eterna, testimonio vino de un ayer ido para siempre&#8230;\u00bb\u00a0 <\/em>como desde la prensa del d\u00eda posterior fue glosado.<\/p>\n<p>En ABC el periodista Jos\u00e9 Mar\u00eda Aguilar rememor\u00f3 la filiaci\u00f3n b\u00e9tica del Pali con el art\u00edculo que hoy traemos y en el que se cuentan diversas an\u00e9cdotas de este personaje singular, entre ellas la del saque de honor que realiz\u00f3 en un encuentro entre la Balomp\u00e9dica Linense y el Betis de Copa, que se celebr\u00f3 el 12 de octubre de 1983 en el Municipal linense.<\/p>\n<p><span style=\"color: #008000\"><em>Contaba el mismo Paco Palacio \u00abEl Pali\u00bbque, de peque\u00f1o, un t\u00edo suyo lo llev\u00f3 al f\u00fatbol, a ver al Betis, y tuvo la suerte de ver c\u00f3mo Timimi, un futbolista que ha pasado a la leyenda blanquiverde, consegu\u00eda su celeb\u00e9rrimo gol. Desde entonces, el Pali profes\u00f3 fe de militancia verdiblanca, disfrutando con los triunfos de un Betis campe\u00f3n de Primera Divisi\u00f3n y de la Copa del Rey, o entristeci\u00e9ndose por cualquier descenso o cualquier otra espant\u00e1.<\/em><\/span><\/p>\n<p><span style=\"color: #008000\"><em>Hace unos d\u00edas, estando ingresado ya en el Hospital Universitario, desde donde se nos ha ido para siempre, le pregunt\u00f3 a sus sobrino Jos\u00e9 Antonio Palacios, en momento de mayor lucidez: \u00abNi\u00f1o, \u00bfa qui\u00e9n ha fichao el Betis?\u00bb. Jos\u00e9 Antonio, hijo de Antonio, el hermano menor de El Pali, b\u00e9tico tambi\u00e9n como su t\u00edo, le cont\u00f3 c\u00f3mo iba lo del fichaje de Pumpido, el portero internacional argentino que llega hoy; que Valent\u00edn, el que vino del C\u00f3rdoba, puede ser figura; que si Retamero quiere fichar a&#8230;<\/em><\/span><\/p>\n<p><span style=\"color: #008000\"><em>Del beticismo de El Pali no podemos olvidar cuando fue a hacer un saque de honor en un amistoso disputado por la Balona y el Betis en el estadio Jos\u00e9 Antonio de La L\u00ednea de la Concepci\u00f3n. El Pali fue a hacer el saque de honor y, en se\u00f1al de agradecimiento a La L\u00ednea por c\u00f3mo se hab\u00eda portado el pueblo cuando estuvo tan grave, hace cinco a\u00f1o, quiso besar tambi\u00e9n el c\u00e9sped; El Pali se arrodill\u00f3, bes\u00f3 la tierra y&#8230;\u00bbRafa\u00e9, Rafa\u00e9 (llamaba a Gordillo), ay\u00fadame, que no me puedo levant\u00e1&#8230;\u00bb. Eran las cosas de El Pali.<\/em><\/span><\/p>\n<p><span style=\"color: #008000\"><em>Un Pali que se nos ha ido sin poder cumplir su mayor sue\u00f1o: ser rey mago en la Cabalgata de la Ilusi\u00f3n que organiza todos los a\u00f1os el Ateneo.<\/em><\/span><\/p>\n<ul>\n<li><span style=\"color: #008000\"><em>Yo quiero ser rey mago&#8211;comentaba&#8211;, y s\u00f3lo le echar\u00e9 caramelos a los b\u00e9ticos. Ir\u00e9 diciendo: \u00bfT\u00fa qu\u00e9 eres? \u00bfB\u00e9tico o sevillista? Y as\u00ed, seg\u00fan me digan, les echar\u00e9 caramelos&#8230;\u00a0 \u00a0<\/em><\/span><\/li>\n<\/ul>\n","protected":false},"excerpt":{"rendered":"<p>&nbsp; El 21 de junio de 1988, a la edad de 60 a\u00f1os, fallec\u00eda Francisco Palacios Ortega \u00abEl Pali\u00bb, \u00abel \u00faltimo trovador de Sevilla, poeta del barrio del Arenal, y de la Piedad y la Caridad, enamorado de una Triana eterna, testimonio vino de un ayer ido para siempre&#8230;\u00bb\u00a0 como desde la prensa del d\u00eda&#8230;<\/p>\n","protected":false},"author":5,"featured_media":68350,"comment_status":"open","ping_status":"open","sticky":false,"template":"","format":"standard","meta":{"_kad_post_transparent":"","_kad_post_title":"","_kad_post_layout":"","_kad_post_sidebar_id":"","_kad_post_content_style":"","_kad_post_vertical_padding":"","_kad_post_feature":"","_kad_post_feature_position":"","_kad_post_header":false,"_kad_post_footer":false,"_kad_post_classname":"","_jetpack_memberships_contains_paid_content":false,"footnotes":"","jetpack_publicize_message":"","jetpack_publicize_feature_enabled":true,"jetpack_social_post_already_shared":true,"jetpack_social_options":{"image_generator_settings":{"template":"highway","default_image_id":0,"font":"","enabled":false},"version":2}},"categories":[1,1176],"tags":[4327,16916,16917,1305,15101],"class_list":["post-68349","post","type-post","status-publish","format-standard","has-post-thumbnail","hentry","category-portada","category-relatos-de-futbol","tag-4327","tag-francisco-palacios-el-pali","tag-jose-maria-aguilar","tag-rafael-gordillo","tag-real-balompedica-linense"],"jetpack_publicize_connections":[],"jetpack_featured_media_url":"https:\/\/i0.wp.com\/www.manquepierda.com\/historiarealbetis\/files\/2019\/04\/Balona-Betis-Liga-Copa-1983-Saque-de-honor-del-Pali.jpg?fit=488%2C668&ssl=1","jetpack_sharing_enabled":true,"jetpack_shortlink":"https:\/\/wp.me\/p1ij08-hMp","jetpack-related-posts":[],"_links":{"self":[{"href":"https:\/\/www.manquepierda.com\/historiarealbetis\/wp-json\/wp\/v2\/posts\/68349","targetHints":{"allow":["GET"]}}],"collection":[{"href":"https:\/\/www.manquepierda.com\/historiarealbetis\/wp-json\/wp\/v2\/posts"}],"about":[{"href":"https:\/\/www.manquepierda.com\/historiarealbetis\/wp-json\/wp\/v2\/types\/post"}],"author":[{"embeddable":true,"href":"https:\/\/www.manquepierda.com\/historiarealbetis\/wp-json\/wp\/v2\/users\/5"}],"replies":[{"embeddable":true,"href":"https:\/\/www.manquepierda.com\/historiarealbetis\/wp-json\/wp\/v2\/comments?post=68349"}],"version-history":[{"count":1,"href":"https:\/\/www.manquepierda.com\/historiarealbetis\/wp-json\/wp\/v2\/posts\/68349\/revisions"}],"predecessor-version":[{"id":99797,"href":"https:\/\/www.manquepierda.com\/historiarealbetis\/wp-json\/wp\/v2\/posts\/68349\/revisions\/99797"}],"wp:featuredmedia":[{"embeddable":true,"href":"https:\/\/www.manquepierda.com\/historiarealbetis\/wp-json\/wp\/v2\/media\/68350"}],"wp:attachment":[{"href":"https:\/\/www.manquepierda.com\/historiarealbetis\/wp-json\/wp\/v2\/media?parent=68349"}],"wp:term":[{"taxonomy":"category","embeddable":true,"href":"https:\/\/www.manquepierda.com\/historiarealbetis\/wp-json\/wp\/v2\/categories?post=68349"},{"taxonomy":"post_tag","embeddable":true,"href":"https:\/\/www.manquepierda.com\/historiarealbetis\/wp-json\/wp\/v2\/tags?post=68349"}],"curies":[{"name":"wp","href":"https:\/\/api.w.org\/{rel}","templated":true}]}}