{"id":68352,"date":"2019-04-15T09:41:50","date_gmt":"2019-04-15T07:41:50","guid":{"rendered":"http:\/\/www.manquepierda.com\/historiarealbetis\/?p=68352"},"modified":"2019-04-09T23:57:03","modified_gmt":"2019-04-09T21:57:03","slug":"entrevista-tomas-muruaga-1943","status":"publish","type":"post","link":"https:\/\/www.manquepierda.com\/historiarealbetis\/entrevista-tomas-muruaga-1943\/","title":{"rendered":"Entrevista Tom\u00e1s Muruaga 1943"},"content":{"rendered":"<p><a href=\"https:\/\/i0.wp.com\/www.manquepierda.com\/historiarealbetis\/files\/2019\/04\/22F-00870-00067-003.jpg?ssl=1\"><img data-recalc-dims=\"1\" loading=\"lazy\" decoding=\"async\" class=\"size-medium wp-image-68353 aligncenter\" src=\"https:\/\/i0.wp.com\/www.manquepierda.com\/historiarealbetis\/files\/2019\/04\/22F-00870-00067-003.jpg?resize=392%2C600&#038;ssl=1\" alt=\"\" width=\"392\" height=\"600\" srcset=\"https:\/\/i0.wp.com\/www.manquepierda.com\/historiarealbetis\/files\/2019\/04\/22F-00870-00067-003.jpg?resize=392%2C600&amp;ssl=1 392w, https:\/\/i0.wp.com\/www.manquepierda.com\/historiarealbetis\/files\/2019\/04\/22F-00870-00067-003.jpg?resize=144%2C220&amp;ssl=1 144w, https:\/\/i0.wp.com\/www.manquepierda.com\/historiarealbetis\/files\/2019\/04\/22F-00870-00067-003.jpg?resize=457%2C700&amp;ssl=1 457w, https:\/\/i0.wp.com\/www.manquepierda.com\/historiarealbetis\/files\/2019\/04\/22F-00870-00067-003.jpg?w=638&amp;ssl=1 638w\" sizes=\"auto, (max-width: 392px) 100vw, 392px\" \/><br \/>\n<\/a><\/p>\n<p>En septiembre de 1942 el Betis se hizo con el fichaje de Tom\u00e1s Muruaga, un joven delantero vasco de 24 a\u00f1os que llegaba procedente del Sabadell.<\/p>\n<p>La misi\u00f3n que tra\u00eda encomendada desde luego no era nada f\u00e1cil: suplir a Francisco Gonz\u00e1lez \u00abPaquirri\u00bb como delantero centro del club verdiblanco en su vuelta a la Primera Divisi\u00f3n. Ese verano Paquirri hab\u00eda sido traspasado al Deportivo de La Coru\u00f1a a cambio de 90 mil pesetas. Desde luego deportivamente el negocio no fue rentable para el Betis, que se deshac\u00eda de su principal goleador tras la guerra civil.<\/p>\n<p>Y no es que Muruaga lo hiciera mal, ya que marc\u00f3 11 goles en la Liga y 1 en Copa, un promedio goleador destacado a lo largo de la temporada. Pero el equipo fue dando tumbos a lo largo de la campa\u00f1a, s\u00f3lo gan\u00f3 2 partidos, y antes de acabar la temporada el equipo ya estaba condenado al descenso.<\/p>\n<p>La entrevista que hoy traemos se public\u00f3 en el diario deportivo el 31 de enero de 1943 con motivo de la visita del equipo b\u00e9tico a Chamart\u00edn para enfrentarse al Real Madrid, en la jornada 17. Un partido que se sald\u00f3 con victoria local por 3-1<\/p>\n<p><span style=\"color: #008000\"><em>Muruaga es, en sus veinticuatro robustos a\u00f1os, un chiquill\u00f3n grande. Con su buena estatura\u20141,75 seg\u00fan mis c\u00e1lculos\u2014y su rostro franco, noble, de aut\u00e9ntico vasco, en el que resplandece constantemente una simp\u00e1tica sonrisa, ingenua, y resulta grato conversar con \u00e9l. En la habitaci\u00f3n n\u00famero 123 del hotel donde se hospeda el Betis hemos hablado largo rato, prest\u00e1ndose gustoso a hacerme sus confidencias deportivas y hasta alguna que otra \u00edntima.<\/em><\/span><\/p>\n<p><span style=\"color: #008000\"><em>&#8211; Vamos a ver Muruaga, \u00bfa qu\u00e9 atribuyes t\u00fa la baja forma del equipo a lo largo del torneo de Primera Divisi\u00f3n y, por consiguiente, su mala clasificaci\u00f3n en la tabla?<\/em><\/span><\/p>\n<p><span style=\"color: #008000\"><em>El delantero centro b\u00e9tico vacila un poco, como temeroso de cometer alguna indiscreci\u00f3n, y al fin se decide a contestar:<\/em><\/span><\/p>\n<p><span style=\"color: #008000\"><em>&#8211; A las lesiones en primer lugar, porque el equipo tiene elementos de suficiente val\u00eda para haber realizado una labor mucho m\u00e1s eficaz y estar mejor clasificado<\/em><\/span><\/p>\n<p><span style=\"color: #008000\"><em>&#8211; Pues esa precisamente es la inc\u00f3gnita, porque, indudablemente, las lesiones influyen mucho en la marcha de un conjunto; pero habiendo clase en el mismo, \u00e9sa no es causa suficiente para la situaci\u00f3n actual del Betis<\/em><\/span><\/p>\n<p><span style=\"color: #008000\"><em>&#8211; Es que tambi\u00e9n hemos tenido mala suerte<\/em><\/span><\/p>\n<p><span style=\"color: #008000\"><em>&#8211; Mala suerte se puede tener en uno, en dos o tres encuentros, pero en tantos\u2026<\/em><\/span><\/p>\n<p><span style=\"color: #008000\"><em>&#8211; Bueno, bueno; lo dir\u00e9. Porque hay falta de algo. Empezamos con muy buena moral, pero despu\u00e9s de la derrota que sufrimos con el Sevilla por cinco a cero se desfond\u00f3 por completo<\/em><\/span><\/p>\n<p><span style=\"color: #008000\"><em>&#8211; \u00bfCrees que en esa falta de moral haya influido la labor del ex entrenador del equipo?<\/em><\/span><\/p>\n<p><span style=\"color: #008000\"><em>Muruaga guarda un discreto silencio que ilustra con una sonrisa, entre cauta e ir\u00f3nica, de tan clara elocuencia, que me creo en el caso de decirle:<\/em><\/span><\/p>\n<p><span style=\"color: #008000\"><em>&#8211; No digas nada muchacho. Tu sonrisa es tan elocuente que dice mucho m\u00e1s que cuanto pudieran expresar\u00a0 tus palabras<\/em><\/span><\/p>\n<p><span style=\"color: #008000\"><em>&#8211; Es que debes de tener en cuenta\u2014arguye mi interlocutor, poni\u00e9ndose serio de pronto, como si quisiera desvirtuar el efecto anterior\u2014que a estas alturas de la Liga todav\u00eda no sabemos cu\u00e1l es nuestro equipo titular<\/em><\/span><\/p>\n<p><span style=\"color: #008000\"><em>No quiero forzar m\u00e1s la noble franqueza del vasco, y as\u00ed doy un nuevo giro a nuestra charla.<\/em><\/span><\/p>\n<p><span style=\"color: #008000\"><em>&#8211; \u00bfCu\u00e1l es la jugada que m\u00e1s te gusta realizar y que ejecutas con mayor facilidad?<\/em><\/span><\/p>\n<p><span style=\"color: #008000\"><em>&#8211; El pase de la muerte, que invent\u00f3 aquel casi paisano m\u00edo que se llamaba nada menos que Patricio Arabolaza. El que nace en un pase del interior, perpendicular sobre el marco, con el delantero centro adelantado, teniendo \u00e9ste que ganar el bal\u00f3n por pies, filtr\u00e1ndose entre los dos defensas<\/em><\/span><\/p>\n<p><span style=\"color: #008000\"><em>&#8211; Es una jugada a la que hay que echar mucho valor<\/em><\/span><\/p>\n<p><span style=\"color: #008000\"><em>&#8211; En efecto. Es, acaso, la que necesita m\u00e1s coraje en el jugador que la realiza; pero si se logra empalmar el esf\u00e9rico, el tanto es imparable.<\/em><\/span><\/p>\n<p><span style=\"color: #008000\"><em>&#8211; \u00bfQu\u00e9 juego te gusta m\u00e1s, el del delantero centro tanque o el del que act\u00faa a base de desmarcarse con habilidad?<\/em><\/span><\/p>\n<p><span style=\"color: #008000\"><em>&#8211; El de \u00e9ste \u00faltimo. Y no porque crea que el primero es de m\u00e1s peligro para el jugador que lo realiza, sino porque entiendo que es de rendimiento m\u00e1s eficaz. El delantero centro que juega a desmarcarse, acaso sea menos vistoso en su actuaci\u00f3n, pero acaba por agotar a la defensa adversaria y, por regla general, si es buen rematador, acabar\u00e1 por marcar m\u00e1s tantos<\/em><\/span><\/p>\n<p><span style=\"color: #008000\"><em>&#8211; \u00bfRecuerdas, Tom\u00e1s, cu\u00e1l ha sido el mejor tanto que has marcado en tu vida?<\/em><\/span><\/p>\n<p><span style=\"color: #008000\"><em>Concentra sus recuerdos para traer a la memoria los goles que ha rematado y, al cabo de algunos momentos, explica:<\/em><\/span><\/p>\n<p><span style=\"color: #008000\"><em>&#8211; El primero que marqu\u00e9 en Vigo, al Celta, cuando el tanteador estaba cuatro dos en favor de los vigueses<\/em><\/span><\/p>\n<p><span style=\"color: #008000\"><em>&#8211; Supongo yo que para ti no todos los medios centros ser\u00e1n iguales. \u00bfPuedes decirme cu\u00e1l de ellos te resulta m\u00e1s dif\u00edcil de jugar?<\/em><\/span><\/p>\n<p><span style=\"color: #008000\"><em>Ahora no se detiene ni vacila y tan r\u00e1pido como seguro contesta:<\/em><\/span><\/p>\n<p><span style=\"color: #008000\"><em>&#8211; Cuqui Bienzobas<\/em><\/span><\/p>\n<p><span style=\"color: #008000\"><em>&#8211; \u00bfY la pareja defensiva?<\/em><\/span><\/p>\n<p><span style=\"color: #008000\"><em>&#8211; La del Atl\u00e9tico de Bilbao<\/em><\/span><\/p>\n<p><span style=\"color: #008000\"><em>&#8211; Te referir\u00e1s a la l\u00ednea atl\u00e9tica norte\u00f1a cuando juega completa<\/em><\/span><\/p>\n<p><span style=\"color: #008000\"><em>&#8211; \u00a1Naturalmente\u00a1 La de ahora dista mucho de su verdadero valor<\/em><\/span><\/p>\n<p><span style=\"color: #008000\"><em>&#8211; \u00bfEn qu\u00e9 guardavallas has encontrado m\u00e1s dificultades para batirle?<\/em><\/span><\/p>\n<p><span style=\"color: #008000\"><em>&#8211; En Acu\u00f1a. Tiene una maravillosa colocaci\u00f3n, que lo hace poco menos que imbatible<\/em><\/span><\/p>\n<p><span style=\"color: #008000\"><em>&#8211; Dime ahora cu\u00e1ndo sentiste la mayor satisfacci\u00f3n de tu vida deportiva<\/em><\/span><\/p>\n<p><span style=\"color: #008000\"><em>&#8211; El d\u00eda que jugando en el Sestao de Vizcaya conquistamos con nuestro triunfo el Campeonato amateur regional. Jam\u00e1s he vuelto a experimentar una alegr\u00eda tan intensa como entonces<\/em><\/span><\/p>\n<p><span style=\"color: #008000\"><em>&#8211; \u00bfHas satisfecho hasta el d\u00eda todas tus aspiraciones deportivas?<\/em><\/span><\/p>\n<p><span style=\"color: #008000\"><em>&#8211; Ni mucho menos. Aspiro a mucho m\u00e1s que lo conseguido hasta el momento<\/em><\/span><\/p>\n<p><span style=\"color: #008000\"><em>&#8211; Ya comprendo. A vestir la camiseta de internacional, que es la natural aspiraci\u00f3n de todo profesional del balompi\u00e9 que se estime an algo<\/em><\/span><\/p>\n<p><span style=\"color: #008000\"><em>&#8211; Nada de eso. No aspiro a ser internacional<\/em><\/span><\/p>\n<p><span style=\"color: #008000\"><em>&#8211; \u00a1Hombre, me asombras\u00a1 \u00bfC\u00f3mo es eso?<\/em><\/span><\/p>\n<p><span style=\"color: #008000\"><em>&#8211; Muy sencillo. Porque creo que no re\u00fano las necesarias condiciones para ello. Hay\u2014agrega un poco triste\u2014otros delanteros centros mucho mejores que yo. Pero conste que, desde luego, no es por falta de ganas<\/em><\/span><\/p>\n<p><span style=\"color: #008000\"><em>&#8211; \u00bfHas tenido muchas lesiones\u2019<\/em><\/span><\/p>\n<p><span style=\"color: #008000\"><em>&#8211; Ninguna. Los peque\u00f1os percances naturales en todo el que practica el balompi\u00e9, pero lesiones graves, ninguna<\/em><\/span><\/p>\n<p><span style=\"color: #008000\"><em>&#8211; \u00bfQuieres que abandonemos el campo deportivo y entremos en el de las intimidades?<\/em><\/span><\/p>\n<p><span style=\"color: #008000\"><em>&#8211; Venga; pregunta, que estoy entero a tu disposici\u00f3n<\/em><\/span><\/p>\n<p><span style=\"color: #008000\"><em>&#8211; Si no fueras futbolista \u00bfqu\u00e9 otras cosa te gustar\u00eda ser?<\/em><\/span><\/p>\n<p><span style=\"color: #008000\"><em>&#8211; Comerciante. Aqu\u00ed donde me ves, con esta cara de \u201cmaqueto\u201d\u2014dice, ense\u00f1ando al re\u00edr su blanca dentadura\u2014alienta en m\u00ed un c\u00e1lido esp\u00edritu comercial<\/em><\/span><\/p>\n<p><span style=\"color: #008000\"><em>&#8211; Entonces no tengo necesidad de preguntarte a qu\u00e9 te dedicar\u00e1s cuando dejes de pegarle al cuero<\/em><\/span><\/p>\n<p><span style=\"color: #008000\"><em>&#8211; No me lo preguntes, que yo te contestar\u00e9, sin necesidad de que te molestes. Cuando me despida del bal\u00f3n, que ojal\u00e1 sea muy tarde, montar\u00e9 un negocio comercial<\/em><\/span><\/p>\n<p><span style=\"color: #008000\"><em>&#8211; \u00bfDe qu\u00e9 g\u00e9nero?<\/em><\/span><\/p>\n<p><span style=\"color: #008000\"><em>&#8211; Todav\u00eda no lo s\u00e9, pero puedo asegurarte que con tal de que sea comercio, lo mismo me da uno que otro. Cualquiera\u2014aclara presuroso\u2014menos estraperlo, \u00bfeh?<\/em><\/span><\/p>\n<p><span style=\"color: #008000\"><em>&#8211; \u00bfEn donde radican tus afectos \u00edntimos?<\/em><\/span><\/p>\n<p><span style=\"color: #008000\"><em>&#8211; En mis padres<\/em><\/span><\/p>\n<p><span style=\"color: #008000\"><em>&#8211; \u00bfNo hay amores por medio?<\/em><\/span><\/p>\n<p><span style=\"color: #008000\"><em>&#8211; Por ahora no. Cuando sea un se\u00f1or comerciante, ya veremos<\/em><\/span><\/p>\n<p><span style=\"color: #008000\"><em>&#8211; Si cambiaras de clima deportivo, \u00bfa cu\u00e1l te gustar\u00eda ir?<\/em><\/span><\/p>\n<p><span style=\"color: #008000\"><em>&#8211; Al vasco. No abandonar\u00e9 Sevilla si no es por Vizcaya<\/em><\/span><\/p>\n<p><span style=\"color: #008000\"><em>&#8211; \u00bfRecuerdas alguna an\u00e9cdota salerosa?<\/em><\/span><\/p>\n<p><span style=\"color: #008000\"><em>&#8211; A ver qu\u00e9 te parece \u00e9sta. Yendo el Betis a Barcelona a jugar contra el Espa\u00f1ol, nos encontramos en el tren con un viajero que era tuerto. Todo el mundo sabe que los andaluces son muy supersticiosos y, como uno de los directivos b\u00e9tico se topara en el corredor del coche de cara con el mutilado compa\u00f1ero de viaje, se acerc\u00f3 a nosotros y nos anunci\u00f3, muy serio, que jugar\u00edamos un gran partido, pero perder\u00edamos. Y el gafe tuvo su efecto. Perdimos por tres a cero<\/em><\/span><\/p>\n<p><span style=\"color: #008000\"><em>El propio Tom\u00e1s Muruaga nos dice que su vida deportiva es breve. Naci\u00f3 en Sestao (Vizcaya) el 10 de abril de 1918. Empez\u00f3 a jugar de interior a los diecisiete a\u00f1os, en el equipo titular de su pueblo natal, con el que el mismo a\u00f1o qued\u00f3 campe\u00f3n amateur de Vizcaya. Despu\u00e9s de la liberaci\u00f3n de Bilbao, y prestando el servicio militar, jug\u00f3 de delantero centro ya con el Sabadell hasta el principio de la presente temporada, que pas\u00f3 al Betis.<\/em><\/span><\/p>\n<p><span style=\"color: #008000\"><em>Eso es todo, y nos despedimos del jugador vascoandaluz, dese\u00e1ndole que ninguno de sus directivos se encuentre con un tuerto antes del partido con el Madrid. \u00a0<\/em><\/span><\/p>\n","protected":false},"excerpt":{"rendered":"<p>En septiembre de 1942 el Betis se hizo con el fichaje de Tom\u00e1s Muruaga, un joven delantero vasco de 24 a\u00f1os que llegaba procedente del Sabadell. La misi\u00f3n que tra\u00eda encomendada desde luego no era nada f\u00e1cil: suplir a Francisco Gonz\u00e1lez \u00abPaquirri\u00bb como delantero centro del club verdiblanco en su vuelta a la Primera Divisi\u00f3n&#8230;.<\/p>\n","protected":false},"author":5,"featured_media":68353,"comment_status":"open","ping_status":"open","sticky":false,"template":"","format":"standard","meta":{"_kad_post_transparent":"","_kad_post_title":"","_kad_post_layout":"","_kad_post_sidebar_id":"","_kad_post_content_style":"","_kad_post_vertical_padding":"","_kad_post_feature":"","_kad_post_feature_position":"","_kad_post_header":false,"_kad_post_footer":false,"_kad_post_classname":"","_jetpack_memberships_contains_paid_content":false,"footnotes":"","jetpack_publicize_message":"","jetpack_publicize_feature_enabled":true,"jetpack_social_post_already_shared":true,"jetpack_social_options":{"image_generator_settings":{"template":"highway","default_image_id":0,"font":"","enabled":false},"version":2}},"categories":[900,893,1],"tags":[2284,51,822],"class_list":["post-68352","post","type-post","status-publish","format-standard","has-post-thumbnail","hentry","category-1940-1949","category-jugadores-temas","category-portada","tag-1942-43","tag-51","tag-tomas-muruaga"],"jetpack_publicize_connections":[],"jetpack_featured_media_url":"https:\/\/i0.wp.com\/www.manquepierda.com\/historiarealbetis\/files\/2019\/04\/22F-00870-00067-003.jpg?fit=638%2C977&ssl=1","jetpack_sharing_enabled":true,"jetpack_shortlink":"https:\/\/wp.me\/p1ij08-hMs","jetpack-related-posts":[],"_links":{"self":[{"href":"https:\/\/www.manquepierda.com\/historiarealbetis\/wp-json\/wp\/v2\/posts\/68352","targetHints":{"allow":["GET"]}}],"collection":[{"href":"https:\/\/www.manquepierda.com\/historiarealbetis\/wp-json\/wp\/v2\/posts"}],"about":[{"href":"https:\/\/www.manquepierda.com\/historiarealbetis\/wp-json\/wp\/v2\/types\/post"}],"author":[{"embeddable":true,"href":"https:\/\/www.manquepierda.com\/historiarealbetis\/wp-json\/wp\/v2\/users\/5"}],"replies":[{"embeddable":true,"href":"https:\/\/www.manquepierda.com\/historiarealbetis\/wp-json\/wp\/v2\/comments?post=68352"}],"version-history":[{"count":0,"href":"https:\/\/www.manquepierda.com\/historiarealbetis\/wp-json\/wp\/v2\/posts\/68352\/revisions"}],"wp:featuredmedia":[{"embeddable":true,"href":"https:\/\/www.manquepierda.com\/historiarealbetis\/wp-json\/wp\/v2\/media\/68353"}],"wp:attachment":[{"href":"https:\/\/www.manquepierda.com\/historiarealbetis\/wp-json\/wp\/v2\/media?parent=68352"}],"wp:term":[{"taxonomy":"category","embeddable":true,"href":"https:\/\/www.manquepierda.com\/historiarealbetis\/wp-json\/wp\/v2\/categories?post=68352"},{"taxonomy":"post_tag","embeddable":true,"href":"https:\/\/www.manquepierda.com\/historiarealbetis\/wp-json\/wp\/v2\/tags?post=68352"}],"curies":[{"name":"wp","href":"https:\/\/api.w.org\/{rel}","templated":true}]}}